{"id":952,"date":"2011-06-13T21:21:07","date_gmt":"2011-06-13T21:21:07","guid":{"rendered":"http:\/\/almkullens.se\/?p=952"},"modified":"2011-06-13T21:21:07","modified_gmt":"2011-06-13T21:21:07","slug":"kursavslutning","status":"publish","type":"post","link":"https:\/\/almkullens.se\/?p=952","title":{"rendered":"Kursavslutning"},"content":{"rendered":"<p>[singlepic id=379 w=320 h=240 float=right]I s\u00f6ndags s\u00e5 hade vi kurs avslut p\u00e5 en av de grupper som har varit h\u00e4r och tr\u00e4nat sina hundar och sig sj\u00e4lva. Det var en blandad grupp med olika raser och kunskap som anl\u00e4nde n\u00e4r vi startade i b\u00f6rjan p\u00e5 april.<!--more--> Raserna har varit de samma hela tiden men kunskapen har blivit st\u00f6rre och hundarna ganska s\u00e5 mycket duktigare tycker vi. Nu \u00e4r det bara att bita ihop och forts\u00e4tta p\u00e5 den p\u00e5b\u00f6rjade v\u00e4gen och ha skoj med era hundar&#8230;. och gl\u00f6m inte&#8230;. ha en listig plan hur ni har t\u00e4nkt er att momentet ni tr\u00e4nar p\u00e5 ska bli s\u00e5 ber\u00f6mmet kommer n\u00e4r det ska, d\u00e5 blir det genast s\u00e5 mycket b\u00e4ttre. Ett stort tack alla som varit med i \u00e5r och v\u00e4lkomna igen.\u00a0[nggallery id=18]<\/p>\n","protected":false},"excerpt":{"rendered":"<p>[singlepic id=379 w=320 h=240 float=right]I s\u00f6ndags s\u00e5 hade vi kurs avslut p\u00e5 en av de grupper som har varit h\u00e4r och tr\u00e4nat sina hundar och sig sj\u00e4lva. Det var en blandad grupp med olika raser och kunskap som anl\u00e4nde n\u00e4r vi startade i b\u00f6rjan p\u00e5 april.<\/p>\n","protected":false},"author":1,"featured_media":0,"comment_status":"open","ping_status":"open","sticky":false,"template":"","format":"standard","meta":{"_crdt_document":"","advgb_blocks_editor_width":"","advgb_blocks_columns_visual_guide":"","_jetpack_memberships_contains_paid_content":false,"footnotes":""},"categories":[1],"tags":[],"class_list":["post-952","post","type-post","status-publish","format-standard","hentry","category-hem","entry"],"author_meta":{"display_name":"Peter &amp; Johanna","author_link":"https:\/\/almkullens.se\/?author=1"},"featured_img":null,"jetpack_featured_media_url":"","coauthors":[],"tax_additional":{"categories":{"linked":["<a href=\"https:\/\/almkullens.se\/?cat=1\" class=\"advgb-post-tax-term\">Hem<\/a>"],"unlinked":["<span class=\"advgb-post-tax-term\">Hem<\/span>"]}},"comment_count":"4","relative_dates":{"created":"Publicerad 15 \u00e5r sedan","modified":"Uppdaterad 15 \u00e5r sedan"},"absolute_dates":{"created":"Publicerat den 13 juni, 2011","modified":"Uppdaterad den 13 juni, 2011"},"absolute_dates_time":{"created":"Publicerat den 13 juni, 2011 21:21","modified":"Uppdaterad den 13 juni, 2011 21:21"},"featured_img_caption":"","series_order":"","jetpack_sharing_enabled":true,"_links":{"self":[{"href":"https:\/\/almkullens.se\/index.php?rest_route=\/wp\/v2\/posts\/952","targetHints":{"allow":["GET"]}}],"collection":[{"href":"https:\/\/almkullens.se\/index.php?rest_route=\/wp\/v2\/posts"}],"about":[{"href":"https:\/\/almkullens.se\/index.php?rest_route=\/wp\/v2\/types\/post"}],"author":[{"embeddable":true,"href":"https:\/\/almkullens.se\/index.php?rest_route=\/wp\/v2\/users\/1"}],"replies":[{"embeddable":true,"href":"https:\/\/almkullens.se\/index.php?rest_route=%2Fwp%2Fv2%2Fcomments&post=952"}],"version-history":[{"count":6,"href":"https:\/\/almkullens.se\/index.php?rest_route=\/wp\/v2\/posts\/952\/revisions"}],"predecessor-version":[{"id":958,"href":"https:\/\/almkullens.se\/index.php?rest_route=\/wp\/v2\/posts\/952\/revisions\/958"}],"wp:attachment":[{"href":"https:\/\/almkullens.se\/index.php?rest_route=%2Fwp%2Fv2%2Fmedia&parent=952"}],"wp:term":[{"taxonomy":"category","embeddable":true,"href":"https:\/\/almkullens.se\/index.php?rest_route=%2Fwp%2Fv2%2Fcategories&post=952"},{"taxonomy":"post_tag","embeddable":true,"href":"https:\/\/almkullens.se\/index.php?rest_route=%2Fwp%2Fv2%2Ftags&post=952"}],"curies":[{"name":"wp","href":"https:\/\/api.w.org\/{rel}","templated":true}]}}