{"id":945,"date":"2011-06-11T21:02:28","date_gmt":"2011-06-11T21:02:28","guid":{"rendered":"http:\/\/almkullens.se\/?p=945"},"modified":"2011-08-14T19:25:15","modified_gmt":"2011-08-14T19:25:15","slug":"ute-i-grongraset","status":"publish","type":"post","link":"https:\/\/almkullens.se\/?p=945","title":{"rendered":"Ute i gr\u00f6ngr\u00e4set"},"content":{"rendered":"<p>[singlepic id=341 w=320 h=240 float=right]Idag fick valparna komma ut i gr\u00f6ngr\u00e4set f\u00f6r f\u00f6rsta g\u00e5ngen, det tyckte dom var kul men lite kallt efter en stund. Vi hade ocks\u00e5 trevligt bes\u00f6k av blivande valpk\u00f6pare fr\u00e5n Mora idag, jag tog \u00e4ven n\u00e5gra bilder p\u00e5 valparna n\u00e4r dom var ute i det fria!<!--more-->[nggallery id=17]<\/p>\n","protected":false},"excerpt":{"rendered":"<p>[singlepic id=341 w=320 h=240 float=right]Idag fick valparna komma ut i gr\u00f6ngr\u00e4set f\u00f6r f\u00f6rsta g\u00e5ngen, det tyckte dom var kul men lite kallt efter en stund. Vi hade ocks\u00e5 trevligt bes\u00f6k av blivande valpk\u00f6pare fr\u00e5n Mora idag, jag tog \u00e4ven n\u00e5gra bilder p\u00e5 valparna n\u00e4r dom var ute i det fria!<\/p>\n","protected":false},"author":1,"featured_media":0,"comment_status":"open","ping_status":"open","sticky":false,"template":"","format":"standard","meta":{"_crdt_document":"","advgb_blocks_editor_width":"","advgb_blocks_columns_visual_guide":"","_jetpack_memberships_contains_paid_content":false,"footnotes":""},"categories":[1],"tags":[],"class_list":["post-945","post","type-post","status-publish","format-standard","hentry","category-hem","entry"],"author_meta":{"display_name":"Peter &amp; Johanna","author_link":"https:\/\/almkullens.se\/?author=1"},"featured_img":null,"jetpack_featured_media_url":"","coauthors":[],"tax_additional":{"categories":{"linked":["<a href=\"https:\/\/almkullens.se\/?cat=1\" class=\"advgb-post-tax-term\">Hem<\/a>"],"unlinked":["<span class=\"advgb-post-tax-term\">Hem<\/span>"]}},"comment_count":"2","relative_dates":{"created":"Publicerad 15 \u00e5r sedan","modified":"Uppdaterad 15 \u00e5r sedan"},"absolute_dates":{"created":"Publicerat den 11 juni, 2011","modified":"Uppdaterad den 14 augusti, 2011"},"absolute_dates_time":{"created":"Publicerat den 11 juni, 2011 21:02","modified":"Uppdaterad den 14 augusti, 2011 19:25"},"featured_img_caption":"","series_order":"","jetpack_sharing_enabled":true,"_links":{"self":[{"href":"https:\/\/almkullens.se\/index.php?rest_route=\/wp\/v2\/posts\/945","targetHints":{"allow":["GET"]}}],"collection":[{"href":"https:\/\/almkullens.se\/index.php?rest_route=\/wp\/v2\/posts"}],"about":[{"href":"https:\/\/almkullens.se\/index.php?rest_route=\/wp\/v2\/types\/post"}],"author":[{"embeddable":true,"href":"https:\/\/almkullens.se\/index.php?rest_route=\/wp\/v2\/users\/1"}],"replies":[{"embeddable":true,"href":"https:\/\/almkullens.se\/index.php?rest_route=%2Fwp%2Fv2%2Fcomments&post=945"}],"version-history":[{"count":6,"href":"https:\/\/almkullens.se\/index.php?rest_route=\/wp\/v2\/posts\/945\/revisions"}],"predecessor-version":[{"id":1048,"href":"https:\/\/almkullens.se\/index.php?rest_route=\/wp\/v2\/posts\/945\/revisions\/1048"}],"wp:attachment":[{"href":"https:\/\/almkullens.se\/index.php?rest_route=%2Fwp%2Fv2%2Fmedia&parent=945"}],"wp:term":[{"taxonomy":"category","embeddable":true,"href":"https:\/\/almkullens.se\/index.php?rest_route=%2Fwp%2Fv2%2Fcategories&post=945"},{"taxonomy":"post_tag","embeddable":true,"href":"https:\/\/almkullens.se\/index.php?rest_route=%2Fwp%2Fv2%2Ftags&post=945"}],"curies":[{"name":"wp","href":"https:\/\/api.w.org\/{rel}","templated":true}]}}