{"id":8751,"date":"2018-09-21T22:46:30","date_gmt":"2018-09-21T20:46:30","guid":{"rendered":"http:\/\/almkullens.se\/?p=8751"},"modified":"2018-09-22T07:56:39","modified_gmt":"2018-09-22T05:56:39","slug":"almkullens-frasse-2","status":"publish","type":"post","link":"https:\/\/almkullens.se\/?p=8751","title":{"rendered":"Almkullens Frasse"},"content":{"rendered":"\n<p class=\"wp-block-paragraph\">ETT STORT GRATTIS KENNETH OCH FRASSE!!!<\/p>\n\n\n\n<div class=\"wp-block-image\"><figure class=\"alignright is-resized\"><a href=\"https:\/\/almkullens.se\/wp-content\/uploads\/2018\/09\/FB_IMG_1537547749419.jpg\" rel=\"lightbox[8751]\"><img loading=\"lazy\" decoding=\"async\" src=\"https:\/\/almkullens.se\/wp-content\/uploads\/2018\/09\/FB_IMG_1537547749419.jpg\" alt=\"\" class=\"wp-image-8752\" width=\"303\" height=\"227\" srcset=\"https:\/\/almkullens.se\/wp-content\/uploads\/2018\/09\/FB_IMG_1537547749419.jpg 2048w, https:\/\/almkullens.se\/wp-content\/uploads\/2018\/09\/FB_IMG_1537547749419-300x225.jpg 300w, https:\/\/almkullens.se\/wp-content\/uploads\/2018\/09\/FB_IMG_1537547749419-768x576.jpg 768w, https:\/\/almkullens.se\/wp-content\/uploads\/2018\/09\/FB_IMG_1537547749419-1024x768.jpg 1024w\" sizes=\"auto, (max-width: 303px) 100vw, 303px\" \/><\/a><\/figure><\/div>\n\n\n\n<p class=\"wp-block-paragraph\" style=\"text-align:left\">Kenneth Gr\u00e5hn\u00a0har nu startat\u00a0Almkullens Frasse f\u00f6r f\u00f6rsta g\u00e5ngen i elitklass och det gick ju alldeles utm\u00e4rkt! Frasse fick sin f\u00f6rsta elitetta med 92 po\u00e4ng. (av 100 m\u00f6jliga)<br \/>Det var 12 st elithundar i olika raser som startade och Frasse blev provets b\u00e4sta hund! (med 6st f\u00e5gelarbeten)<\/p>\n\n\n\n<p class=\"wp-block-paragraph\">Almkullens Frasse som bor i Finland \u00e4r sedan tidigare Finsk Utst\u00e4llningschampion och har tidigare i somras tagit full pott i efters\u00f6ksgrenarna som ju \u00e4ven en breton m\u00e5ste ha f\u00f6r att f\u00e5 starta p\u00e5 jaktprov i Finland.<\/p>\n","protected":false},"excerpt":{"rendered":"<p>ETT STORT GRATTIS KENNETH OCH FRASSE!!! Kenneth Gr\u00e5hn\u00a0har nu startat\u00a0Almkullens Frasse f\u00f6r f\u00f6rsta g\u00e5ngen i elitklass och det gick ju alldeles utm\u00e4rkt! Frasse fick sin f\u00f6rsta elitetta med 92 po\u00e4ng. (av 100 m\u00f6jliga)Det var 12 st elithundar i olika raser som startade och Frasse blev provets b\u00e4sta hund! (med 6st f\u00e5gelarbeten) Almkullens Frasse som bor [&hellip;]<\/p>\n","protected":false},"author":1,"featured_media":0,"comment_status":"open","ping_status":"open","sticky":false,"template":"","format":"standard","meta":{"_crdt_document":"","advgb_blocks_editor_width":"","advgb_blocks_columns_visual_guide":"","_jetpack_memberships_contains_paid_content":false,"footnotes":""},"categories":[1],"tags":[],"class_list":["post-8751","post","type-post","status-publish","format-standard","hentry","category-hem","entry"],"author_meta":{"display_name":"Peter &amp; Johanna","author_link":"https:\/\/almkullens.se\/?author=1"},"featured_img":null,"jetpack_featured_media_url":"","coauthors":[],"tax_additional":{"categories":{"linked":["<a href=\"https:\/\/almkullens.se\/?cat=1\" class=\"advgb-post-tax-term\">Hem<\/a>"],"unlinked":["<span class=\"advgb-post-tax-term\">Hem<\/span>"]}},"comment_count":"0","relative_dates":{"created":"Publicerad 8 \u00e5r sedan","modified":"Uppdaterad 8 \u00e5r sedan"},"absolute_dates":{"created":"Publicerat den 21 september, 2018","modified":"Uppdaterad den 22 september, 2018"},"absolute_dates_time":{"created":"Publicerat den 21 september, 2018 22:46","modified":"Uppdaterad den 22 september, 2018 07:56"},"featured_img_caption":"","series_order":"","jetpack_sharing_enabled":true,"_links":{"self":[{"href":"https:\/\/almkullens.se\/index.php?rest_route=\/wp\/v2\/posts\/8751","targetHints":{"allow":["GET"]}}],"collection":[{"href":"https:\/\/almkullens.se\/index.php?rest_route=\/wp\/v2\/posts"}],"about":[{"href":"https:\/\/almkullens.se\/index.php?rest_route=\/wp\/v2\/types\/post"}],"author":[{"embeddable":true,"href":"https:\/\/almkullens.se\/index.php?rest_route=\/wp\/v2\/users\/1"}],"replies":[{"embeddable":true,"href":"https:\/\/almkullens.se\/index.php?rest_route=%2Fwp%2Fv2%2Fcomments&post=8751"}],"version-history":[{"count":4,"href":"https:\/\/almkullens.se\/index.php?rest_route=\/wp\/v2\/posts\/8751\/revisions"}],"predecessor-version":[{"id":8760,"href":"https:\/\/almkullens.se\/index.php?rest_route=\/wp\/v2\/posts\/8751\/revisions\/8760"}],"wp:attachment":[{"href":"https:\/\/almkullens.se\/index.php?rest_route=%2Fwp%2Fv2%2Fmedia&parent=8751"}],"wp:term":[{"taxonomy":"category","embeddable":true,"href":"https:\/\/almkullens.se\/index.php?rest_route=%2Fwp%2Fv2%2Fcategories&post=8751"},{"taxonomy":"post_tag","embeddable":true,"href":"https:\/\/almkullens.se\/index.php?rest_route=%2Fwp%2Fv2%2Ftags&post=8751"}],"curies":[{"name":"wp","href":"https:\/\/api.w.org\/{rel}","templated":true}]}}