{"id":8617,"date":"2018-08-05T07:13:04","date_gmt":"2018-08-05T05:13:04","guid":{"rendered":"http:\/\/almkullens.se\/?p=8617"},"modified":"2018-08-05T07:13:04","modified_gmt":"2018-08-05T05:13:04","slug":"lydnadstavling","status":"publish","type":"post","link":"https:\/\/almkullens.se\/?p=8617","title":{"rendered":"Lydnadst\u00e4vling"},"content":{"rendered":"<figure id=\"attachment_7983\" aria-describedby=\"caption-attachment-7983\" style=\"width: 300px\" class=\"wp-caption alignright\"><a href=\"https:\/\/almkullens.se\/wp-content\/uploads\/2017\/06\/784.jpg\" rel=\"lightbox[8617]\"><img loading=\"lazy\" decoding=\"async\" class=\"size-medium wp-image-7983\" src=\"https:\/\/almkullens.se\/wp-content\/uploads\/2017\/06\/784-300x200.jpg\" alt=\"\" width=\"300\" height=\"200\" srcset=\"https:\/\/almkullens.se\/wp-content\/uploads\/2017\/06\/784-300x200.jpg 300w, https:\/\/almkullens.se\/wp-content\/uploads\/2017\/06\/784-768x512.jpg 768w, https:\/\/almkullens.se\/wp-content\/uploads\/2017\/06\/784-1024x683.jpg 1024w, https:\/\/almkullens.se\/wp-content\/uploads\/2017\/06\/784.jpg 1600w\" sizes=\"auto, (max-width: 300px) 100vw, 300px\" \/><\/a><figcaption id=\"caption-attachment-7983\" class=\"wp-caption-text\">Mirjam o Coda<\/figcaption><\/figure>\n<p>Den f\u00f6rsta &#8221;Almkullaren&#8221; har nu startat p\u00e5 en lydnadst\u00e4vling, det \u00e4r Almkullens Coda och matte Mirjam som blev godk\u00e4nd med 147,5 po\u00e4ng i startklass. Kul!\u00a0<br \/>\nGrattis Mirjam o Coda!<\/p>\n","protected":false},"excerpt":{"rendered":"<p>Den f\u00f6rsta &#8221;Almkullaren&#8221; har nu startat p\u00e5 en lydnadst\u00e4vling, det \u00e4r Almkullens Coda och matte Mirjam som blev godk\u00e4nd med 147,5 po\u00e4ng i startklass. Kul!\u00a0 Grattis Mirjam o Coda!<\/p>\n","protected":false},"author":1,"featured_media":0,"comment_status":"open","ping_status":"open","sticky":false,"template":"","format":"standard","meta":{"_crdt_document":"","advgb_blocks_editor_width":"","advgb_blocks_columns_visual_guide":"","_jetpack_memberships_contains_paid_content":false,"footnotes":""},"categories":[1],"tags":[],"class_list":["post-8617","post","type-post","status-publish","format-standard","hentry","category-hem","entry"],"author_meta":{"display_name":"Peter &amp; Johanna","author_link":"https:\/\/almkullens.se\/?author=1"},"featured_img":null,"jetpack_featured_media_url":"","coauthors":[],"tax_additional":{"categories":{"linked":["<a href=\"https:\/\/almkullens.se\/?cat=1\" class=\"advgb-post-tax-term\">Hem<\/a>"],"unlinked":["<span class=\"advgb-post-tax-term\">Hem<\/span>"]}},"comment_count":"1","relative_dates":{"created":"Publicerad 8 \u00e5r sedan","modified":"Uppdaterad 8 \u00e5r sedan"},"absolute_dates":{"created":"Publicerat den 5 augusti, 2018","modified":"Uppdaterad den 5 augusti, 2018"},"absolute_dates_time":{"created":"Publicerat den 5 augusti, 2018 07:13","modified":"Uppdaterad den 5 augusti, 2018 07:13"},"featured_img_caption":"","series_order":"","jetpack_sharing_enabled":true,"_links":{"self":[{"href":"https:\/\/almkullens.se\/index.php?rest_route=\/wp\/v2\/posts\/8617","targetHints":{"allow":["GET"]}}],"collection":[{"href":"https:\/\/almkullens.se\/index.php?rest_route=\/wp\/v2\/posts"}],"about":[{"href":"https:\/\/almkullens.se\/index.php?rest_route=\/wp\/v2\/types\/post"}],"author":[{"embeddable":true,"href":"https:\/\/almkullens.se\/index.php?rest_route=\/wp\/v2\/users\/1"}],"replies":[{"embeddable":true,"href":"https:\/\/almkullens.se\/index.php?rest_route=%2Fwp%2Fv2%2Fcomments&post=8617"}],"version-history":[{"count":1,"href":"https:\/\/almkullens.se\/index.php?rest_route=\/wp\/v2\/posts\/8617\/revisions"}],"predecessor-version":[{"id":8618,"href":"https:\/\/almkullens.se\/index.php?rest_route=\/wp\/v2\/posts\/8617\/revisions\/8618"}],"wp:attachment":[{"href":"https:\/\/almkullens.se\/index.php?rest_route=%2Fwp%2Fv2%2Fmedia&parent=8617"}],"wp:term":[{"taxonomy":"category","embeddable":true,"href":"https:\/\/almkullens.se\/index.php?rest_route=%2Fwp%2Fv2%2Fcategories&post=8617"},{"taxonomy":"post_tag","embeddable":true,"href":"https:\/\/almkullens.se\/index.php?rest_route=%2Fwp%2Fv2%2Ftags&post=8617"}],"curies":[{"name":"wp","href":"https:\/\/api.w.org\/{rel}","templated":true}]}}