{"id":8306,"date":"2017-12-26T10:09:00","date_gmt":"2017-12-26T09:09:00","guid":{"rendered":"http:\/\/almkullens.se\/?p=8306"},"modified":"2017-12-26T10:09:00","modified_gmt":"2017-12-26T09:09:00","slug":"aret-2017","status":"publish","type":"post","link":"https:\/\/almkullens.se\/?p=8306","title":{"rendered":"\u00c5ret 2017"},"content":{"rendered":"<p>Ytterligare ett fantastiskt \u00e5r f\u00f6r Almkullens kennel! Vad s\u00e4gs om 2 nya Champions, 3 nya Elithundar och dessutom \u00c5rets Unghund Breton?<\/p>\n<p><a href=\"https:\/\/almkullens.se\/wp-content\/uploads\/2016\/02\/109.jpg\" rel=\"lightbox[8306]\"><img loading=\"lazy\" decoding=\"async\" class=\"alignright size-medium wp-image-8256\" src=\"https:\/\/almkullens.se\/wp-content\/uploads\/2016\/02\/109-300x200.jpg\" alt=\"\" width=\"300\" height=\"200\" srcset=\"https:\/\/almkullens.se\/wp-content\/uploads\/2016\/02\/109-300x200.jpg 300w, https:\/\/almkullens.se\/wp-content\/uploads\/2016\/02\/109-768x512.jpg 768w, https:\/\/almkullens.se\/wp-content\/uploads\/2016\/02\/109-1024x683.jpg 1024w, https:\/\/almkullens.se\/wp-content\/uploads\/2016\/02\/109.jpg 1600w\" sizes=\"auto, (max-width: 300px) 100vw, 300px\" \/><\/a>Vi b\u00f6rjar med Almkullens Glittra och husse Patrich Orresol, de har blivit <strong>\u00c5rets Unghund &#8211; 2017<\/strong> genom sina tre 1:a pris Ukl varav ett med HP! De startade dessutom p\u00e5 Norsk unghundsderby, ett stort 3 dagarsprov, av 148 startande hundar blev Glittra placerad p\u00e5 en hedrande 7 plats!<br \/>\n <a href=\"https:\/\/almkullens.se\/wp-content\/uploads\/2016\/09\/1259.jpg\" rel=\"lightbox[8306]\"><img loading=\"lazy\" decoding=\"async\" class=\" wp-image-7316 alignleft\" src=\"https:\/\/almkullens.se\/wp-content\/uploads\/2016\/09\/1259-300x200.jpg\" alt=\"\" width=\"285\" height=\"190\" srcset=\"https:\/\/almkullens.se\/wp-content\/uploads\/2016\/09\/1259-300x200.jpg 300w, https:\/\/almkullens.se\/wp-content\/uploads\/2016\/09\/1259-768x512.jpg 768w, https:\/\/almkullens.se\/wp-content\/uploads\/2016\/09\/1259-1024x683.jpg 1024w, https:\/\/almkullens.se\/wp-content\/uploads\/2016\/09\/1259.jpg 1800w\" sizes=\"auto, (max-width: 285px) 100vw, 285px\" \/><\/a><\/p>\n<p>Om vi forts\u00e4tter med G-kullen s\u00e5 fick Almkullens Gaia med husse Cristher Sandstr\u00f6m ett 1:a ett 2:a och ett 3:e pris p\u00e5 fj\u00e4ll och dessutom ett 2 pris p\u00e5 skog! Allt i Ukl.<\/p>\n<p><a href=\"https:\/\/almkullens.se\/wp-content\/uploads\/2016\/02\/025.jpg\" rel=\"lightbox[8306]\"><img loading=\"lazy\" decoding=\"async\" class=\"alignright size-medium wp-image-8232\" src=\"https:\/\/almkullens.se\/wp-content\/uploads\/2016\/02\/025-300x200.jpg\" alt=\"\" width=\"300\" height=\"200\" srcset=\"https:\/\/almkullens.se\/wp-content\/uploads\/2016\/02\/025-300x200.jpg 300w, https:\/\/almkullens.se\/wp-content\/uploads\/2016\/02\/025-768x512.jpg 768w, https:\/\/almkullens.se\/wp-content\/uploads\/2016\/02\/025-1024x683.jpg 1024w, https:\/\/almkullens.se\/wp-content\/uploads\/2016\/02\/025.jpg 1600w\" sizes=\"auto, (max-width: 300px) 100vw, 300px\" \/><\/a>Hon delar placeringen som den n\u00e4st b\u00e4sta unghunden (efter Glittra) med Almkullens Gideon och husse Mikael Jonsson som tog 2 st 1:a pris i Ukl!<br \/>\n S\u00e5 i \u00e5r &#8211; 2017 precis som i fjol &#8211; 2016 s\u00e5 var de tre h\u00f6gst placerade unghundarna ifr\u00e5n Almkullens&#8230;.Vi \u00e4r bara s\u00e5\u00e5\u00e5\u00e5 stolta!<\/p>\n<figure id=\"attachment_8152\" aria-describedby=\"caption-attachment-8152\" style=\"width: 263px\" class=\"wp-caption alignleft\"><a href=\"https:\/\/almkullens.se\/wp-content\/uploads\/2017\/10\/014.jpg\" rel=\"lightbox[8306]\"><img loading=\"lazy\" decoding=\"async\" class=\" wp-image-8152\" src=\"https:\/\/almkullens.se\/wp-content\/uploads\/2017\/10\/014-300x200.jpg\" alt=\"\" width=\"263\" height=\"175\" srcset=\"https:\/\/almkullens.se\/wp-content\/uploads\/2017\/10\/014-300x200.jpg 300w, https:\/\/almkullens.se\/wp-content\/uploads\/2017\/10\/014-768x512.jpg 768w, https:\/\/almkullens.se\/wp-content\/uploads\/2017\/10\/014-1024x683.jpg 1024w, https:\/\/almkullens.se\/wp-content\/uploads\/2017\/10\/014.jpg 1600w\" sizes=\"auto, (max-width: 263px) 100vw, 263px\" \/><\/a><figcaption id=\"caption-attachment-8152\" class=\"wp-caption-text\">Almkullens Gimli<\/figcaption><\/figure>\n<p><span style=\"text-align: center;\">Ytterligare en hund i G-kullen gick till pris p\u00e5 jaktprov 2017, och det var Almkullens Gimli med matte Mirjam Landholm som \u00e4ven han tog ett 1 pris i Ukl p\u00e5 f\u00e4lt!<\/span><\/p>\n<figure id=\"attachment_7993\" aria-describedby=\"caption-attachment-7993\" style=\"width: 153px\" class=\"wp-caption alignright\"><a href=\"https:\/\/almkullens.se\/wp-content\/uploads\/2017\/06\/Almkullens-Giron-1.jpg\" rel=\"lightbox[8306]\"><img loading=\"lazy\" decoding=\"async\" class=\"wp-image-7993\" src=\"https:\/\/almkullens.se\/wp-content\/uploads\/2017\/06\/Almkullens-Giron-1-300x264.jpg\" alt=\"\" width=\"153\" height=\"135\" srcset=\"https:\/\/almkullens.se\/wp-content\/uploads\/2017\/06\/Almkullens-Giron-1-300x264.jpg 300w, https:\/\/almkullens.se\/wp-content\/uploads\/2017\/06\/Almkullens-Giron-1-768x675.jpg 768w, https:\/\/almkullens.se\/wp-content\/uploads\/2017\/06\/Almkullens-Giron-1.jpg 960w\" sizes=\"auto, (max-width: 153px) 100vw, 153px\" \/><\/a><figcaption id=\"caption-attachment-7993\" class=\"wp-caption-text\">Almkullens Giron<\/figcaption><\/figure>\n<p>Almkullens Giron har med husse Sveinung Aune f\u00e5tt Excellent p\u00e5 utst\u00e4llning!<\/p>\n<p>&nbsp;<\/p>\n<p>Vi har ocks\u00e5 f\u00e5tt 2 nya Champions med prefixet Almkullens under 2017!<\/p>\n<p>\n <a href=\"https:\/\/almkullens.se\/wp-content\/uploads\/2017\/11\/1777.jpg\" rel=\"lightbox[8306]\"><img loading=\"lazy\" decoding=\"async\" class=\"alignright  wp-image-8218\" src=\"https:\/\/almkullens.se\/wp-content\/uploads\/2017\/11\/1777-300x200.jpg\" alt=\"Almkullens Foppa\" width=\"311\" height=\"207\" srcset=\"https:\/\/almkullens.se\/wp-content\/uploads\/2017\/11\/1777-300x200.jpg 300w, https:\/\/almkullens.se\/wp-content\/uploads\/2017\/11\/1777-768x512.jpg 768w, https:\/\/almkullens.se\/wp-content\/uploads\/2017\/11\/1777-1024x683.jpg 1024w, https:\/\/almkullens.se\/wp-content\/uploads\/2017\/11\/1777.jpg 1600w\" sizes=\"auto, (max-width: 311px) 100vw, 311px\" \/><\/a><\/p>\n<p>Det \u00e4r Almkullens Foppa som med matte Pia Jelkest\u00e5hl tog sitt tredje cert och blev d\u00e4rmed SE UCH <strong>Svensk Utst\u00e4llningschampion!<\/strong> De har ocks\u00e5 startat p\u00e5 Jaktprov och har d\u00e4r tagit ett 2:a pris i Elitklass!<a href=\"https:\/\/almkullens.se\/wp-content\/uploads\/2017\/07\/mms_20170702_192959.jpg\" rel=\"lightbox[8306]\"><img loading=\"lazy\" decoding=\"async\" class=\"alignleft  wp-image-8025\" src=\"https:\/\/almkullens.se\/wp-content\/uploads\/2017\/07\/mms_20170702_192959-243x300.jpg\" alt=\"\" width=\"223\" height=\"276\" srcset=\"https:\/\/almkullens.se\/wp-content\/uploads\/2017\/07\/mms_20170702_192959-243x300.jpg 243w, https:\/\/almkullens.se\/wp-content\/uploads\/2017\/07\/mms_20170702_192959.jpg 499w\" sizes=\"auto, (max-width: 223px) 100vw, 223px\" \/><\/a><\/p>\n<p>&nbsp;<\/p>\n<p>&nbsp;<\/p>\n<p>Almkullens Frasse med husse Kenneth Gr\u00e5hn har i Finland i \u00e5r tagit 3 stycken CERT och ett 1:a pris i \u00d6kl och blev d\u00e4rmed <strong>Finsk Utst\u00e4llningschampion!<\/strong> Han blev ju samtidigt en ny Elithund!<\/p>\n<p><a href=\"https:\/\/almkullens.se\/wp-content\/uploads\/2017\/10\/737.jpg\" rel=\"lightbox[8306]\"><img loading=\"lazy\" decoding=\"async\" class=\"alignright size-medium wp-image-8145\" src=\"https:\/\/almkullens.se\/wp-content\/uploads\/2017\/10\/737-300x225.jpg\" alt=\"\" width=\"300\" height=\"225\" srcset=\"https:\/\/almkullens.se\/wp-content\/uploads\/2017\/10\/737-300x225.jpg 300w, https:\/\/almkullens.se\/wp-content\/uploads\/2017\/10\/737-768x576.jpg 768w, https:\/\/almkullens.se\/wp-content\/uploads\/2017\/10\/737-1024x768.jpg 1024w, https:\/\/almkullens.se\/wp-content\/uploads\/2017\/10\/737.jpg 1600w\" sizes=\"auto, (max-width: 300px) 100vw, 300px\" \/><\/a><\/p>\n<p>&nbsp;<\/p>\n<p>&nbsp;<\/p>\n<p>Vi har f\u00e5tt ytterligare 2 nya Elithundar, det \u00e4r Almkullens Freja som med husse Anders Deodorsson Ylen\u00a0 fick ett 1 pris \u00d6kl f\u00e4lt hon har dessutom f\u00e5tt Excellent p\u00e5 utst\u00e4llning.<\/p>\n<figure id=\"attachment_4807\" aria-describedby=\"caption-attachment-4807\" style=\"width: 276px\" class=\"wp-caption alignleft\"><a href=\"https:\/\/almkullens.se\/wp-content\/uploads\/2014\/12\/IMG_8712.jpg\" rel=\"lightbox[8306]\"><img loading=\"lazy\" decoding=\"async\" class=\" wp-image-4807\" src=\"https:\/\/almkullens.se\/wp-content\/uploads\/2014\/12\/IMG_8712-300x200.jpg\" alt=\"\" width=\"276\" height=\"184\" srcset=\"https:\/\/almkullens.se\/wp-content\/uploads\/2014\/12\/IMG_8712-300x200.jpg 300w, https:\/\/almkullens.se\/wp-content\/uploads\/2014\/12\/IMG_8712-1024x683.jpg 1024w, https:\/\/almkullens.se\/wp-content\/uploads\/2014\/12\/IMG_8712.jpg 1800w\" sizes=\"auto, (max-width: 276px) 100vw, 276px\" \/><\/a><figcaption id=\"caption-attachment-4807\" class=\"wp-caption-text\">Almkullens Demi<\/figcaption><\/figure>\n<p>&nbsp;<\/p>\n<p>Almkullens Demi har med sin husse Ove Svanberg tagit ett 1 pris i \u00d6kl! Det var Oves f\u00f6rsta prov&#8230;! Demi har ocks\u00e5 under \u00e5ret f\u00e5tt Very Good p\u00e5 utst\u00e4llning s\u00e5 \u00e4ven hon \u00e4r en ny elithund!<a href=\"https:\/\/almkullens.se\/wp-content\/uploads\/2012\/07\/328.jpg\" rel=\"lightbox[8306]\"><img loading=\"lazy\" decoding=\"async\" class=\" wp-image-3274 alignright\" src=\"https:\/\/almkullens.se\/wp-content\/uploads\/2012\/07\/328-300x200.jpg\" alt=\"\" width=\"287\" height=\"191\" srcset=\"https:\/\/almkullens.se\/wp-content\/uploads\/2012\/07\/328-300x200.jpg 300w, https:\/\/almkullens.se\/wp-content\/uploads\/2012\/07\/328-1024x682.jpg 1024w, https:\/\/almkullens.se\/wp-content\/uploads\/2012\/07\/328.jpg 1200w\" sizes=\"auto, (max-width: 287px) 100vw, 287px\" \/><\/a><\/p>\n<p>&nbsp;<\/p>\n<p>Almkullens Castro har med sin husse Peter Boustedt tagit ett 2:a och ett 3:e pris i \u00d6kl f\u00e4lt!<a href=\"https:\/\/almkullens.se\/wp-content\/uploads\/2014\/10\/IMG_5457.jpg\" rel=\"lightbox[8306]\"><img loading=\"lazy\" decoding=\"async\" class=\"alignleft  wp-image-4382\" src=\"https:\/\/almkullens.se\/wp-content\/uploads\/2014\/10\/IMG_5457-300x199.jpg\" alt=\"\" width=\"283\" height=\"188\" srcset=\"https:\/\/almkullens.se\/wp-content\/uploads\/2014\/10\/IMG_5457-300x199.jpg 300w, https:\/\/almkullens.se\/wp-content\/uploads\/2014\/10\/IMG_5457-1024x682.jpg 1024w, https:\/\/almkullens.se\/wp-content\/uploads\/2014\/10\/IMG_5457.jpg 2048w\" sizes=\"auto, (max-width: 283px) 100vw, 283px\" \/><\/a><\/p>\n<p>&nbsp;<\/p>\n<p>Almkullens Ella har med husse B\u00f6rje Nilsson tagit ett 2 pris i \u00d6kl f\u00e4lt!<a href=\"https:\/\/almkullens.se\/wp-content\/uploads\/2017\/12\/001.jpg\" rel=\"lightbox[8306]\"><img loading=\"lazy\" decoding=\"async\" class=\"alignright size-medium wp-image-8311\" src=\"https:\/\/almkullens.se\/wp-content\/uploads\/2017\/12\/001-300x214.jpg\" alt=\"\" width=\"300\" height=\"214\" srcset=\"https:\/\/almkullens.se\/wp-content\/uploads\/2017\/12\/001-300x214.jpg 300w, https:\/\/almkullens.se\/wp-content\/uploads\/2017\/12\/001-768x549.jpg 768w, https:\/\/almkullens.se\/wp-content\/uploads\/2017\/12\/001-1024x732.jpg 1024w, https:\/\/almkullens.se\/wp-content\/uploads\/2017\/12\/001.jpg 1600w\" sizes=\"auto, (max-width: 300px) 100vw, 300px\" \/><\/a><\/p>\n<p>&nbsp;<\/p>\n<p>Till sist s\u00e5 fick v\u00e5r Almkullens Aska den 22\/12 sex stycken fina valpar med Inouk De L\u2019ardour, v\u00e5r H- kull!<\/p>\n<p>Ett Stort TACK till alla v\u00e5ra valpk\u00f6pare som tar s\u00e5 v\u00e4l hand om &#8221;v\u00e5ra&#8221; Almkullenshundar!! <br \/>\nDet \u00e4r fantastiskt roligt att f\u00e5 rapporter om olika jakt\u00e4ventyr som ni har med era hundar!<\/p>\n<p>Och naturligtvis ETT STOORT STOORT GRATTIS till alla er som g\u00e5tt till pris p\u00e5 jaktprov!!!<br \/>\nTill sist \u00f6nskar vi alla ett <strong>Gott Nytt 2018!<\/strong><\/p>\n","protected":false},"excerpt":{"rendered":"<p>Ytterligare ett fantastiskt \u00e5r f\u00f6r Almkullens kennel! Vad s\u00e4gs om 2 nya Champions, 3 nya Elithundar och dessutom \u00c5rets Unghund Breton? Vi b\u00f6rjar med Almkullens Glittra och husse Patrich Orresol, de har blivit \u00c5rets Unghund &#8211; 2017 genom sina tre 1:a pris Ukl varav ett med HP! De startade dessutom p\u00e5 Norsk unghundsderby, ett stort [&hellip;]<\/p>\n","protected":false},"author":1,"featured_media":0,"comment_status":"open","ping_status":"open","sticky":false,"template":"","format":"standard","meta":{"_crdt_document":"","advgb_blocks_editor_width":"","advgb_blocks_columns_visual_guide":"","_jetpack_memberships_contains_paid_content":false,"footnotes":""},"categories":[1],"tags":[],"class_list":["post-8306","post","type-post","status-publish","format-standard","hentry","category-hem","entry"],"author_meta":{"display_name":"Peter &amp; Johanna","author_link":"https:\/\/almkullens.se\/?author=1"},"featured_img":null,"jetpack_featured_media_url":"","coauthors":[],"tax_additional":{"categories":{"linked":["<a href=\"https:\/\/almkullens.se\/?cat=1\" class=\"advgb-post-tax-term\">Hem<\/a>"],"unlinked":["<span class=\"advgb-post-tax-term\">Hem<\/span>"]}},"comment_count":"5","relative_dates":{"created":"Publicerad 8 \u00e5r sedan","modified":"Uppdaterad 8 \u00e5r sedan"},"absolute_dates":{"created":"Publicerat den 26 december, 2017","modified":"Uppdaterad den 26 december, 2017"},"absolute_dates_time":{"created":"Publicerat den 26 december, 2017 10:09","modified":"Uppdaterad den 26 december, 2017 10:09"},"featured_img_caption":"","series_order":"","jetpack_sharing_enabled":true,"_links":{"self":[{"href":"https:\/\/almkullens.se\/index.php?rest_route=\/wp\/v2\/posts\/8306","targetHints":{"allow":["GET"]}}],"collection":[{"href":"https:\/\/almkullens.se\/index.php?rest_route=\/wp\/v2\/posts"}],"about":[{"href":"https:\/\/almkullens.se\/index.php?rest_route=\/wp\/v2\/types\/post"}],"author":[{"embeddable":true,"href":"https:\/\/almkullens.se\/index.php?rest_route=\/wp\/v2\/users\/1"}],"replies":[{"embeddable":true,"href":"https:\/\/almkullens.se\/index.php?rest_route=%2Fwp%2Fv2%2Fcomments&post=8306"}],"version-history":[{"count":22,"href":"https:\/\/almkullens.se\/index.php?rest_route=\/wp\/v2\/posts\/8306\/revisions"}],"predecessor-version":[{"id":8337,"href":"https:\/\/almkullens.se\/index.php?rest_route=\/wp\/v2\/posts\/8306\/revisions\/8337"}],"wp:attachment":[{"href":"https:\/\/almkullens.se\/index.php?rest_route=%2Fwp%2Fv2%2Fmedia&parent=8306"}],"wp:term":[{"taxonomy":"category","embeddable":true,"href":"https:\/\/almkullens.se\/index.php?rest_route=%2Fwp%2Fv2%2Fcategories&post=8306"},{"taxonomy":"post_tag","embeddable":true,"href":"https:\/\/almkullens.se\/index.php?rest_route=%2Fwp%2Fv2%2Ftags&post=8306"}],"curies":[{"name":"wp","href":"https:\/\/api.w.org\/{rel}","templated":true}]}}