{"id":8194,"date":"2017-10-21T18:07:46","date_gmt":"2017-10-21T16:07:46","guid":{"rendered":"http:\/\/almkullens.se\/?p=8194"},"modified":"2017-10-21T18:11:29","modified_gmt":"2017-10-21T16:11:29","slug":"tva-nya-elithundar-for-almkullens-kennel-och-en-finsk-utstallningschampion","status":"publish","type":"post","link":"https:\/\/almkullens.se\/?p=8194","title":{"rendered":"Tv\u00e5 nya Elithundar f\u00f6r Almkullens kennel och en Finsk Utst\u00e4llningschampion!!"},"content":{"rendered":"<p><a href=\"https:\/\/almkullens.se\/wp-content\/uploads\/2016\/06\/Almkullens-Frasse-e1466269441302.jpg\" rel=\"lightbox[8194]\"><img loading=\"lazy\" decoding=\"async\" class=\"alignright size-medium wp-image-7015\" src=\"https:\/\/almkullens.se\/wp-content\/uploads\/2016\/06\/Almkullens-Frasse-e1466269441302-300x226.jpg\" alt=\"\" width=\"300\" height=\"226\" srcset=\"https:\/\/almkullens.se\/wp-content\/uploads\/2016\/06\/Almkullens-Frasse-e1466269441302-300x226.jpg 300w, https:\/\/almkullens.se\/wp-content\/uploads\/2016\/06\/Almkullens-Frasse-e1466269441302-768x579.jpg 768w, https:\/\/almkullens.se\/wp-content\/uploads\/2016\/06\/Almkullens-Frasse-e1466269441302-1024x772.jpg 1024w, https:\/\/almkullens.se\/wp-content\/uploads\/2016\/06\/Almkullens-Frasse-e1466269441302.jpg 1126w\" sizes=\"auto, (max-width: 300px) 100vw, 300px\" \/><\/a>Almkullens Frasse med husse Kenneth Gr\u00e5hn tog idag ett 1:a pris i \u00d6kl i Finland och blev h\u00e4rmed Finsk Utst\u00e4llningschampion!!! <br \/>\n Frasse blev ju samtidigt dessutom en ny elithund!<br \/>\n Ett STOORT STOORT GRATTIS!!!!<\/p>\n<p><a href=\"https:\/\/almkullens.se\/wp-content\/uploads\/2014\/11\/1277.jpg\" rel=\"lightbox[8194]\"><img loading=\"lazy\" decoding=\"async\" class=\"size-medium wp-image-4707\" src=\"https:\/\/almkullens.se\/wp-content\/uploads\/2014\/11\/1277-300x200.jpg\" alt=\"\" width=\"300\" height=\"200\" srcset=\"https:\/\/almkullens.se\/wp-content\/uploads\/2014\/11\/1277-300x200.jpg 300w, https:\/\/almkullens.se\/wp-content\/uploads\/2014\/11\/1277-1024x682.jpg 1024w, https:\/\/almkullens.se\/wp-content\/uploads\/2014\/11\/1277.jpg 1800w\" sizes=\"auto, (max-width: 300px) 100vw, 300px\" \/><\/a><\/p>\n<p>Almkullens Demi startade idag p\u00e5 jaktprov i Rolsberga, Sk\u00e5ne, domare var Nicke Niklasson<br \/>\n Detta var husse Ove Svanbergs f\u00f6rsta prov och de sm\u00e4ller till med ett 1:a pris i \u00d6kl och blev dessutom provets b\u00e4sta hund!!! och kan allts\u00e5 numera titulera sig Elithund!!!<\/p>\n<p> Ett STOORT STOORT GRATTIS!!!!<\/p>\n<p>J\u00f6sses vilken helg! Nu firar vi\u00a0 \ud83d\ude00 ?<\/p>\n","protected":false},"excerpt":{"rendered":"<p>Almkullens Frasse med husse Kenneth Gr\u00e5hn tog idag ett 1:a pris i \u00d6kl i Finland och blev h\u00e4rmed Finsk Utst\u00e4llningschampion!!! Frasse blev ju samtidigt dessutom en ny elithund! Ett STOORT STOORT GRATTIS!!!! Almkullens Demi startade idag p\u00e5 jaktprov i Rolsberga, Sk\u00e5ne, domare var Nicke Niklasson Detta var husse Ove Svanbergs f\u00f6rsta prov och de sm\u00e4ller [&hellip;]<\/p>\n","protected":false},"author":1,"featured_media":0,"comment_status":"open","ping_status":"open","sticky":false,"template":"","format":"standard","meta":{"_crdt_document":"","advgb_blocks_editor_width":"","advgb_blocks_columns_visual_guide":"","_jetpack_memberships_contains_paid_content":false,"footnotes":""},"categories":[1],"tags":[],"class_list":["post-8194","post","type-post","status-publish","format-standard","hentry","category-hem","entry"],"author_meta":{"display_name":"Peter &amp; Johanna","author_link":"https:\/\/almkullens.se\/?author=1"},"featured_img":null,"jetpack_featured_media_url":"","coauthors":[],"tax_additional":{"categories":{"linked":["<a href=\"https:\/\/almkullens.se\/?cat=1\" class=\"advgb-post-tax-term\">Hem<\/a>"],"unlinked":["<span class=\"advgb-post-tax-term\">Hem<\/span>"]}},"comment_count":"2","relative_dates":{"created":"Publicerad 9 \u00e5r sedan","modified":"Uppdaterad 9 \u00e5r sedan"},"absolute_dates":{"created":"Publicerat den 21 oktober, 2017","modified":"Uppdaterad den 21 oktober, 2017"},"absolute_dates_time":{"created":"Publicerat den 21 oktober, 2017 18:07","modified":"Uppdaterad den 21 oktober, 2017 18:11"},"featured_img_caption":"","series_order":"","jetpack_sharing_enabled":true,"_links":{"self":[{"href":"https:\/\/almkullens.se\/index.php?rest_route=\/wp\/v2\/posts\/8194","targetHints":{"allow":["GET"]}}],"collection":[{"href":"https:\/\/almkullens.se\/index.php?rest_route=\/wp\/v2\/posts"}],"about":[{"href":"https:\/\/almkullens.se\/index.php?rest_route=\/wp\/v2\/types\/post"}],"author":[{"embeddable":true,"href":"https:\/\/almkullens.se\/index.php?rest_route=\/wp\/v2\/users\/1"}],"replies":[{"embeddable":true,"href":"https:\/\/almkullens.se\/index.php?rest_route=%2Fwp%2Fv2%2Fcomments&post=8194"}],"version-history":[{"count":6,"href":"https:\/\/almkullens.se\/index.php?rest_route=\/wp\/v2\/posts\/8194\/revisions"}],"predecessor-version":[{"id":8200,"href":"https:\/\/almkullens.se\/index.php?rest_route=\/wp\/v2\/posts\/8194\/revisions\/8200"}],"wp:attachment":[{"href":"https:\/\/almkullens.se\/index.php?rest_route=%2Fwp%2Fv2%2Fmedia&parent=8194"}],"wp:term":[{"taxonomy":"category","embeddable":true,"href":"https:\/\/almkullens.se\/index.php?rest_route=%2Fwp%2Fv2%2Fcategories&post=8194"},{"taxonomy":"post_tag","embeddable":true,"href":"https:\/\/almkullens.se\/index.php?rest_route=%2Fwp%2Fv2%2Ftags&post=8194"}],"curies":[{"name":"wp","href":"https:\/\/api.w.org\/{rel}","templated":true}]}}