{"id":8187,"date":"2017-10-21T09:43:50","date_gmt":"2017-10-21T07:43:50","guid":{"rendered":"http:\/\/almkullens.se\/?p=8187"},"modified":"2017-10-21T09:43:50","modified_gmt":"2017-10-21T07:43:50","slug":"aska-inouk","status":"publish","type":"post","link":"https:\/\/almkullens.se\/?p=8187","title":{"rendered":"Aska &#038; Inouk"},"content":{"rendered":"<figure id=\"attachment_6409\" aria-describedby=\"caption-attachment-6409\" style=\"width: 287px\" class=\"wp-caption alignright\"><a href=\"https:\/\/almkullens.se\/wp-content\/uploads\/2015\/12\/3Q1A3800.jpg\" rel=\"lightbox[8187]\"><img loading=\"lazy\" decoding=\"async\" class=\" wp-image-6409\" src=\"https:\/\/almkullens.se\/wp-content\/uploads\/2015\/12\/3Q1A3800-300x200.jpg\" alt=\"\" width=\"287\" height=\"191\" srcset=\"https:\/\/almkullens.se\/wp-content\/uploads\/2015\/12\/3Q1A3800-300x200.jpg 300w, https:\/\/almkullens.se\/wp-content\/uploads\/2015\/12\/3Q1A3800-768x512.jpg 768w, https:\/\/almkullens.se\/wp-content\/uploads\/2015\/12\/3Q1A3800-1024x683.jpg 1024w, https:\/\/almkullens.se\/wp-content\/uploads\/2015\/12\/3Q1A3800.jpg 1800w\" sizes=\"auto, (max-width: 287px) 100vw, 287px\" \/><\/a><figcaption id=\"caption-attachment-6409\" class=\"wp-caption-text\">Almkullens Aska<\/figcaption><\/figure>\n<p>Nu v\u00e4ntar vi sm\u00e5tt igen!<br \/>\nAska och Inouk \u00e4r nu parade och valpar v\u00e4ntas runt den 18 december om nu allt g\u00e5r bra. <br \/>\nF\u00f6r mer info om hundarna se <a href=\"https:\/\/almkullens.se\/?page_id=277\">planerade valpar<\/a><\/p>\n<figure id=\"attachment_8049\" aria-describedby=\"caption-attachment-8049\" style=\"width: 264px\" class=\"wp-caption alignleft\"><a href=\"https:\/\/almkullens.se\/wp-content\/uploads\/2010\/07\/1496.jpg\" rel=\"lightbox[8187]\"><img loading=\"lazy\" decoding=\"async\" class=\" wp-image-8049\" src=\"https:\/\/almkullens.se\/wp-content\/uploads\/2010\/07\/1496-300x200.jpg\" alt=\"\" width=\"264\" height=\"176\" srcset=\"https:\/\/almkullens.se\/wp-content\/uploads\/2010\/07\/1496-300x200.jpg 300w, https:\/\/almkullens.se\/wp-content\/uploads\/2010\/07\/1496-768x512.jpg 768w, https:\/\/almkullens.se\/wp-content\/uploads\/2010\/07\/1496-1024x683.jpg 1024w, https:\/\/almkullens.se\/wp-content\/uploads\/2010\/07\/1496.jpg 1600w\" sizes=\"auto, (max-width: 264px) 100vw, 264px\" \/><\/a><figcaption id=\"caption-attachment-8049\" class=\"wp-caption-text\">Inouk De L&#8217;ardour \u00c4g: Jens Ole Nielsen<\/figcaption><\/figure>\n","protected":false},"excerpt":{"rendered":"<p>Nu v\u00e4ntar vi sm\u00e5tt igen! Aska och Inouk \u00e4r nu parade och valpar v\u00e4ntas runt den 18 december om nu allt g\u00e5r bra. F\u00f6r mer info om hundarna se planerade valpar<\/p>\n","protected":false},"author":1,"featured_media":0,"comment_status":"open","ping_status":"open","sticky":false,"template":"","format":"standard","meta":{"_crdt_document":"","advgb_blocks_editor_width":"","advgb_blocks_columns_visual_guide":"","_jetpack_memberships_contains_paid_content":false,"footnotes":""},"categories":[1],"tags":[],"class_list":["post-8187","post","type-post","status-publish","format-standard","hentry","category-hem","entry"],"author_meta":{"display_name":"Peter &amp; Johanna","author_link":"https:\/\/almkullens.se\/?author=1"},"featured_img":null,"jetpack_featured_media_url":"","coauthors":[],"tax_additional":{"categories":{"linked":["<a href=\"https:\/\/almkullens.se\/?cat=1\" class=\"advgb-post-tax-term\">Hem<\/a>"],"unlinked":["<span class=\"advgb-post-tax-term\">Hem<\/span>"]}},"comment_count":"0","relative_dates":{"created":"Publicerad 9 \u00e5r sedan","modified":"Uppdaterad 9 \u00e5r sedan"},"absolute_dates":{"created":"Publicerat den 21 oktober, 2017","modified":"Uppdaterad den 21 oktober, 2017"},"absolute_dates_time":{"created":"Publicerat den 21 oktober, 2017 09:43","modified":"Uppdaterad den 21 oktober, 2017 09:43"},"featured_img_caption":"","series_order":"","jetpack_sharing_enabled":true,"_links":{"self":[{"href":"https:\/\/almkullens.se\/index.php?rest_route=\/wp\/v2\/posts\/8187","targetHints":{"allow":["GET"]}}],"collection":[{"href":"https:\/\/almkullens.se\/index.php?rest_route=\/wp\/v2\/posts"}],"about":[{"href":"https:\/\/almkullens.se\/index.php?rest_route=\/wp\/v2\/types\/post"}],"author":[{"embeddable":true,"href":"https:\/\/almkullens.se\/index.php?rest_route=\/wp\/v2\/users\/1"}],"replies":[{"embeddable":true,"href":"https:\/\/almkullens.se\/index.php?rest_route=%2Fwp%2Fv2%2Fcomments&post=8187"}],"version-history":[{"count":6,"href":"https:\/\/almkullens.se\/index.php?rest_route=\/wp\/v2\/posts\/8187\/revisions"}],"predecessor-version":[{"id":8193,"href":"https:\/\/almkullens.se\/index.php?rest_route=\/wp\/v2\/posts\/8187\/revisions\/8193"}],"wp:attachment":[{"href":"https:\/\/almkullens.se\/index.php?rest_route=%2Fwp%2Fv2%2Fmedia&parent=8187"}],"wp:term":[{"taxonomy":"category","embeddable":true,"href":"https:\/\/almkullens.se\/index.php?rest_route=%2Fwp%2Fv2%2Fcategories&post=8187"},{"taxonomy":"post_tag","embeddable":true,"href":"https:\/\/almkullens.se\/index.php?rest_route=%2Fwp%2Fv2%2Ftags&post=8187"}],"curies":[{"name":"wp","href":"https:\/\/api.w.org\/{rel}","templated":true}]}}