{"id":8144,"date":"2017-10-08T18:00:56","date_gmt":"2017-10-08T16:00:56","guid":{"rendered":"http:\/\/almkullens.se\/?p=8144"},"modified":"2017-10-08T18:30:07","modified_gmt":"2017-10-08T16:30:07","slug":"falkopingsprovet","status":"publish","type":"post","link":"https:\/\/almkullens.se\/?p=8144","title":{"rendered":"Falk\u00f6pingsprovet!"},"content":{"rendered":"<p><a href=\"https:\/\/almkullens.se\/wp-content\/uploads\/2017\/10\/737.jpg\" rel=\"lightbox[8144]\"><img loading=\"lazy\" decoding=\"async\" class=\"alignright size-medium wp-image-8145\" src=\"https:\/\/almkullens.se\/wp-content\/uploads\/2017\/10\/737-300x225.jpg\" alt=\"\" width=\"300\" height=\"225\" srcset=\"https:\/\/almkullens.se\/wp-content\/uploads\/2017\/10\/737-300x225.jpg 300w, https:\/\/almkullens.se\/wp-content\/uploads\/2017\/10\/737-768x576.jpg 768w, https:\/\/almkullens.se\/wp-content\/uploads\/2017\/10\/737-1024x768.jpg 1024w, https:\/\/almkullens.se\/wp-content\/uploads\/2017\/10\/737.jpg 1600w\" sizes=\"auto, (max-width: 300px) 100vw, 300px\" \/><\/a>F\u00f6rra helgen s\u00e5 fick &#8221;vi&#8221; en ny elithund genom att Anders Ylen och Almkullens Freja tog ett 1:a pris i \u00d6kl!<br \/>\n Almkullens Gideon med husse Mikael Jonsson visade ocks\u00e5 framtassarna och slog till med hela 2 st 1:a pris i Ukl!<br \/>\n Ett STOORT STOORT GRATTIS till er b\u00e5da!<\/p>\n<p><a href=\"https:\/\/almkullens.se\/wp-content\/uploads\/2017\/10\/786.jpg\" rel=\"lightbox[8144]\"><img loading=\"lazy\" decoding=\"async\" class=\"alignleft  wp-image-8146\" src=\"https:\/\/almkullens.se\/wp-content\/uploads\/2017\/10\/786-300x300.jpg\" alt=\"\" width=\"286\" height=\"286\" srcset=\"https:\/\/almkullens.se\/wp-content\/uploads\/2017\/10\/786-300x300.jpg 300w, https:\/\/almkullens.se\/wp-content\/uploads\/2017\/10\/786-150x150.jpg 150w, https:\/\/almkullens.se\/wp-content\/uploads\/2017\/10\/786-768x768.jpg 768w, https:\/\/almkullens.se\/wp-content\/uploads\/2017\/10\/786-1024x1024.jpg 1024w, https:\/\/almkullens.se\/wp-content\/uploads\/2017\/10\/786.jpg 1600w\" sizes=\"auto, (max-width: 286px) 100vw, 286px\" \/><\/a>Alla Almkullenshundarna som startade p\u00e5 Falk\u00f6pingsprovet visade upp ett fint s\u00f6k som man blev m\u00e4kta stolt \u00f6ver, men det g\u00e4ller ju att ha lite tur ocks\u00e5, i alla fall <em>inte<\/em> otur om man ska g\u00e5 till pris.<\/p>\n<p>Om man ska n\u00e4mna ett par hundar till som stack ut s\u00e5 var det Almkullens Ella p\u00e5 s\u00f6ndagen i \u00d6kl som hade en fin f\u00e5geltagning, och s\u00e5 v\u00e4grar hon att apportera&#8230;men det var ju knappast otur&#8230;<a href=\"https:\/\/almkullens.se\/wp-content\/uploads\/2017\/10\/DSC_0002-e1507452840700.jpg\" rel=\"lightbox[8144]\"><img loading=\"lazy\" decoding=\"async\" class=\"alignright size-medium wp-image-8148\" src=\"https:\/\/almkullens.se\/wp-content\/uploads\/2017\/10\/DSC_0002-e1507452840700-300x286.jpg\" alt=\"\" width=\"300\" height=\"286\" srcset=\"https:\/\/almkullens.se\/wp-content\/uploads\/2017\/10\/DSC_0002-e1507452840700-300x286.jpg 300w, https:\/\/almkullens.se\/wp-content\/uploads\/2017\/10\/DSC_0002-e1507452840700-768x732.jpg 768w, https:\/\/almkullens.se\/wp-content\/uploads\/2017\/10\/DSC_0002-e1507452840700-1024x976.jpg 1024w\" sizes=\"auto, (max-width: 300px) 100vw, 300px\" \/><\/a><\/p>\n<p>Almkullens Eamon gick p\u00e5 l\u00f6rdagen fantastiskt fint, men tyv\u00e4rr utan ok f\u00e5gelsituation.<\/p>\n<p>Jag och Peter blev p\u00e5 l\u00f6rdagskv\u00e4llen tackade f\u00f6r den hj\u00e4lp som vi ger er valpk\u00f6pare.<br \/>\n Jag kan lova att vi blev djupt r\u00f6rda b\u00e5da tv\u00e5. <img decoding=\"async\" src=\"https:\/\/static.xx.fbcdn.net\/images\/emoji.php\/v9\/f6c\/1\/16\/2764.png\" \/>\u00a0\ud83d\ude00<br \/>\n Ett stort TACK till alla goa valpk\u00f6pare\u00a0<img decoding=\"async\" src=\"https:\/\/static.xx.fbcdn.net\/images\/emoji.php\/v9\/f6c\/1\/16\/2764.png\" \/><\/p>\n<p>Jag tog f\u00f6rst\u00e5s en del bilder under veckan som gick, h\u00e4r kommer n\u00e5gra.<\/p>\n<div id='gallery-1' class='gallery galleryid-8144 gallery-columns-4 gallery-size-thumbnail'><figure class='gallery-item'>\n\t\t\t<div class='gallery-icon landscape'>\n\t\t\t\t<a href='https:\/\/almkullens.se\/wp-content\/uploads\/2017\/10\/014.jpg' rel=\"lightbox[8144]\"><img loading=\"lazy\" decoding=\"async\" width=\"150\" height=\"150\" src=\"https:\/\/almkullens.se\/wp-content\/uploads\/2017\/10\/014-150x150.jpg\" class=\"attachment-thumbnail size-thumbnail\" alt=\"\" aria-describedby=\"gallery-1-8152\" \/><\/a>\n\t\t\t<\/div>\n\t\t\t\t<figcaption class='wp-caption-text gallery-caption' id='gallery-1-8152'>\n\t\t\t\tAlmkullens Gimli\n\t\t\t\t<\/figcaption><\/figure><figure class='gallery-item'>\n\t\t\t<div class='gallery-icon landscape'>\n\t\t\t\t<a href='https:\/\/almkullens.se\/wp-content\/uploads\/2017\/10\/033.jpg' rel=\"lightbox[8144]\"><img loading=\"lazy\" decoding=\"async\" width=\"150\" height=\"150\" src=\"https:\/\/almkullens.se\/wp-content\/uploads\/2017\/10\/033-150x150.jpg\" class=\"attachment-thumbnail size-thumbnail\" alt=\"\" aria-describedby=\"gallery-1-8153\" \/><\/a>\n\t\t\t<\/div>\n\t\t\t\t<figcaption class='wp-caption-text gallery-caption' id='gallery-1-8153'>\n\t\t\t\tAlmkullens Gideon\n\t\t\t\t<\/figcaption><\/figure><figure class='gallery-item'>\n\t\t\t<div class='gallery-icon landscape'>\n\t\t\t\t<a href='https:\/\/almkullens.se\/wp-content\/uploads\/2017\/10\/162.jpg' rel=\"lightbox[8144]\"><img loading=\"lazy\" decoding=\"async\" width=\"150\" height=\"150\" src=\"https:\/\/almkullens.se\/wp-content\/uploads\/2017\/10\/162-150x150.jpg\" class=\"attachment-thumbnail size-thumbnail\" alt=\"\" aria-describedby=\"gallery-1-8154\" \/><\/a>\n\t\t\t<\/div>\n\t\t\t\t<figcaption class='wp-caption-text gallery-caption' id='gallery-1-8154'>\n\t\t\t\tAlmkullens Ella\n\t\t\t\t<\/figcaption><\/figure><figure class='gallery-item'>\n\t\t\t<div class='gallery-icon landscape'>\n\t\t\t\t<a href='https:\/\/almkullens.se\/wp-content\/uploads\/2017\/10\/346-2.jpg' rel=\"lightbox[8144]\"><img loading=\"lazy\" decoding=\"async\" width=\"150\" height=\"150\" src=\"https:\/\/almkullens.se\/wp-content\/uploads\/2017\/10\/346-2-150x150.jpg\" class=\"attachment-thumbnail size-thumbnail\" alt=\"\" aria-describedby=\"gallery-1-8155\" \/><\/a>\n\t\t\t<\/div>\n\t\t\t\t<figcaption class='wp-caption-text gallery-caption' id='gallery-1-8155'>\n\t\t\t\tAlmkullens Eamon\n\t\t\t\t<\/figcaption><\/figure><figure class='gallery-item'>\n\t\t\t<div class='gallery-icon landscape'>\n\t\t\t\t<a href='https:\/\/almkullens.se\/wp-content\/uploads\/2017\/10\/1643.jpg' rel=\"lightbox[8144]\"><img loading=\"lazy\" decoding=\"async\" width=\"150\" height=\"150\" src=\"https:\/\/almkullens.se\/wp-content\/uploads\/2017\/10\/1643-150x150.jpg\" class=\"attachment-thumbnail size-thumbnail\" alt=\"\" aria-describedby=\"gallery-1-8156\" \/><\/a>\n\t\t\t<\/div>\n\t\t\t\t<figcaption class='wp-caption-text gallery-caption' id='gallery-1-8156'>\n\t\t\t\tAlmkullens Freja\n\t\t\t\t<\/figcaption><\/figure><figure class='gallery-item'>\n\t\t\t<div class='gallery-icon landscape'>\n\t\t\t\t<a href='https:\/\/almkullens.se\/wp-content\/uploads\/2017\/10\/1875.jpg' rel=\"lightbox[8144]\"><img loading=\"lazy\" decoding=\"async\" width=\"150\" height=\"150\" src=\"https:\/\/almkullens.se\/wp-content\/uploads\/2017\/10\/1875-150x150.jpg\" class=\"attachment-thumbnail size-thumbnail\" alt=\"\" aria-describedby=\"gallery-1-8157\" \/><\/a>\n\t\t\t<\/div>\n\t\t\t\t<figcaption class='wp-caption-text gallery-caption' id='gallery-1-8157'>\n\t\t\t\tAlmkullens Foppa \u00c4g: Pia Jelkest\u00e5hl\n\t\t\t\t<\/figcaption><\/figure><figure class='gallery-item'>\n\t\t\t<div class='gallery-icon landscape'>\n\t\t\t\t<a href='https:\/\/almkullens.se\/wp-content\/uploads\/2017\/10\/1973.jpg' rel=\"lightbox[8144]\"><img loading=\"lazy\" decoding=\"async\" width=\"150\" height=\"150\" src=\"https:\/\/almkullens.se\/wp-content\/uploads\/2017\/10\/1973-150x150.jpg\" class=\"attachment-thumbnail size-thumbnail\" alt=\"\" aria-describedby=\"gallery-1-8158\" \/><\/a>\n\t\t\t<\/div>\n\t\t\t\t<figcaption class='wp-caption-text gallery-caption' id='gallery-1-8158'>\n\t\t\t\tAlmkullens Fia\n\t\t\t\t<\/figcaption><\/figure><figure class='gallery-item'>\n\t\t\t<div class='gallery-icon landscape'>\n\t\t\t\t<a href='https:\/\/almkullens.se\/wp-content\/uploads\/2017\/10\/983.jpg' rel=\"lightbox[8144]\"><img loading=\"lazy\" decoding=\"async\" width=\"150\" height=\"150\" src=\"https:\/\/almkullens.se\/wp-content\/uploads\/2017\/10\/983-150x150.jpg\" class=\"attachment-thumbnail size-thumbnail\" alt=\"\" aria-describedby=\"gallery-1-8159\" \/><\/a>\n\t\t\t<\/div>\n\t\t\t\t<figcaption class='wp-caption-text gallery-caption' id='gallery-1-8159'>\n\t\t\t\tAlmkullens Gucci\n\t\t\t\t<\/figcaption><\/figure>\n\t\t<\/div>\n\n<p>&nbsp;<\/p>\n","protected":false},"excerpt":{"rendered":"<p>F\u00f6rra helgen s\u00e5 fick &#8221;vi&#8221; en ny elithund genom att Anders Ylen och Almkullens Freja tog ett 1:a pris i \u00d6kl! Almkullens Gideon med husse Mikael Jonsson visade ocks\u00e5 framtassarna och slog till med hela 2 st 1:a pris i Ukl! Ett STOORT STOORT GRATTIS till er b\u00e5da! Alla Almkullenshundarna som startade p\u00e5 Falk\u00f6pingsprovet visade [&hellip;]<\/p>\n","protected":false},"author":1,"featured_media":0,"comment_status":"open","ping_status":"open","sticky":false,"template":"","format":"standard","meta":{"_crdt_document":"","advgb_blocks_editor_width":"","advgb_blocks_columns_visual_guide":"","_jetpack_memberships_contains_paid_content":false,"footnotes":""},"categories":[1],"tags":[],"class_list":["post-8144","post","type-post","status-publish","format-standard","hentry","category-hem","entry"],"author_meta":{"display_name":"Peter &amp; Johanna","author_link":"https:\/\/almkullens.se\/?author=1"},"featured_img":null,"jetpack_featured_media_url":"","coauthors":[],"tax_additional":{"categories":{"linked":["<a href=\"https:\/\/almkullens.se\/?cat=1\" class=\"advgb-post-tax-term\">Hem<\/a>"],"unlinked":["<span class=\"advgb-post-tax-term\">Hem<\/span>"]}},"comment_count":"2","relative_dates":{"created":"Publicerad 9 \u00e5r sedan","modified":"Uppdaterad 9 \u00e5r sedan"},"absolute_dates":{"created":"Publicerat den 8 oktober, 2017","modified":"Uppdaterad den 8 oktober, 2017"},"absolute_dates_time":{"created":"Publicerat den 8 oktober, 2017 18:00","modified":"Uppdaterad den 8 oktober, 2017 18:30"},"featured_img_caption":"","series_order":"","jetpack_sharing_enabled":true,"_links":{"self":[{"href":"https:\/\/almkullens.se\/index.php?rest_route=\/wp\/v2\/posts\/8144","targetHints":{"allow":["GET"]}}],"collection":[{"href":"https:\/\/almkullens.se\/index.php?rest_route=\/wp\/v2\/posts"}],"about":[{"href":"https:\/\/almkullens.se\/index.php?rest_route=\/wp\/v2\/types\/post"}],"author":[{"embeddable":true,"href":"https:\/\/almkullens.se\/index.php?rest_route=\/wp\/v2\/users\/1"}],"replies":[{"embeddable":true,"href":"https:\/\/almkullens.se\/index.php?rest_route=%2Fwp%2Fv2%2Fcomments&post=8144"}],"version-history":[{"count":7,"href":"https:\/\/almkullens.se\/index.php?rest_route=\/wp\/v2\/posts\/8144\/revisions"}],"predecessor-version":[{"id":8164,"href":"https:\/\/almkullens.se\/index.php?rest_route=\/wp\/v2\/posts\/8144\/revisions\/8164"}],"wp:attachment":[{"href":"https:\/\/almkullens.se\/index.php?rest_route=%2Fwp%2Fv2%2Fmedia&parent=8144"}],"wp:term":[{"taxonomy":"category","embeddable":true,"href":"https:\/\/almkullens.se\/index.php?rest_route=%2Fwp%2Fv2%2Fcategories&post=8144"},{"taxonomy":"post_tag","embeddable":true,"href":"https:\/\/almkullens.se\/index.php?rest_route=%2Fwp%2Fv2%2Ftags&post=8144"}],"curies":[{"name":"wp","href":"https:\/\/api.w.org\/{rel}","templated":true}]}}