{"id":7992,"date":"2017-06-11T16:31:40","date_gmt":"2017-06-11T14:31:40","guid":{"rendered":"http:\/\/almkullens.se\/?p=7992"},"modified":"2017-06-11T16:31:40","modified_gmt":"2017-06-11T14:31:40","slug":"utstallning-6","status":"publish","type":"post","link":"https:\/\/almkullens.se\/?p=7992","title":{"rendered":"Utst\u00e4llning"},"content":{"rendered":"<figure id=\"attachment_7015\" aria-describedby=\"caption-attachment-7015\" style=\"width: 300px\" class=\"wp-caption alignright\"><a href=\"https:\/\/almkullens.se\/wp-content\/uploads\/2016\/06\/Almkullens-Frasse-e1466269441302.jpg\" rel=\"lightbox[7992]\"><img loading=\"lazy\" decoding=\"async\" class=\"wp-image-7015 size-medium\" src=\"https:\/\/almkullens.se\/wp-content\/uploads\/2016\/06\/Almkullens-Frasse-e1466269441302-300x226.jpg\" alt=\"\" width=\"300\" height=\"226\" srcset=\"https:\/\/almkullens.se\/wp-content\/uploads\/2016\/06\/Almkullens-Frasse-e1466269441302-300x226.jpg 300w, https:\/\/almkullens.se\/wp-content\/uploads\/2016\/06\/Almkullens-Frasse-e1466269441302-768x579.jpg 768w, https:\/\/almkullens.se\/wp-content\/uploads\/2016\/06\/Almkullens-Frasse-e1466269441302-1024x772.jpg 1024w, https:\/\/almkullens.se\/wp-content\/uploads\/2016\/06\/Almkullens-Frasse-e1466269441302.jpg 1126w\" sizes=\"auto, (max-width: 300px) 100vw, 300px\" \/><\/a><figcaption id=\"caption-attachment-7015\" class=\"wp-caption-text\">Almkullens Frasse Foto: Kenneth Gr\u00e5hn<\/figcaption><\/figure>\n<p>I helgen s\u00e5 var n\u00e5gra Almkullenshundar p\u00e5 utst\u00e4llning.<\/p>\n<p>I Finland fick Almkullens Frasse Excellent och CERT! <br \/>\nEtt stort Grattis till husse Kenneth Gr\u00e5hn!<\/p>\n<figure id=\"attachment_7993\" aria-describedby=\"caption-attachment-7993\" style=\"width: 300px\" class=\"wp-caption alignleft\"><a href=\"https:\/\/almkullens.se\/wp-content\/uploads\/2017\/06\/Almkullens-Giron-1.jpg\" rel=\"lightbox[7992]\"><img loading=\"lazy\" decoding=\"async\" class=\"size-medium wp-image-7993\" src=\"https:\/\/almkullens.se\/wp-content\/uploads\/2017\/06\/Almkullens-Giron-1-300x264.jpg\" alt=\"\" width=\"300\" height=\"264\" srcset=\"https:\/\/almkullens.se\/wp-content\/uploads\/2017\/06\/Almkullens-Giron-1-300x264.jpg 300w, https:\/\/almkullens.se\/wp-content\/uploads\/2017\/06\/Almkullens-Giron-1-768x675.jpg 768w, https:\/\/almkullens.se\/wp-content\/uploads\/2017\/06\/Almkullens-Giron-1.jpg 960w\" sizes=\"auto, (max-width: 300px) 100vw, 300px\" \/><\/a><figcaption id=\"caption-attachment-7993\" class=\"wp-caption-text\">Almkullens Giron Foto: Sveinung Aune<\/figcaption><\/figure>\n<p>&nbsp;<\/p>\n<p>&nbsp;<\/p>\n<p>&nbsp;<\/p>\n<p>Det gick ocks\u00e5 bra f\u00f6r Almkullens Giron i Norge som fick Excellent! <br \/>\nEtt stort grattis till husse Sveinung Aune som ocks\u00e5 har tagit fotot!<\/p>\n<p>Almkullens Demi visades i V\u00e4nersborg och fick d\u00e4r Very Good. Grattis Ove och Monika!<\/p>\n<p>\u00c4ven v\u00e5ran Almkullens Fia visades i Vbg och hon fick ett Excellent!<\/p>\n","protected":false},"excerpt":{"rendered":"<p>I helgen s\u00e5 var n\u00e5gra Almkullenshundar p\u00e5 utst\u00e4llning. I Finland fick Almkullens Frasse Excellent och CERT! Ett stort Grattis till husse Kenneth Gr\u00e5hn! &nbsp; &nbsp; &nbsp; Det gick ocks\u00e5 bra f\u00f6r Almkullens Giron i Norge som fick Excellent! Ett stort grattis till husse Sveinung Aune som ocks\u00e5 har tagit fotot! Almkullens Demi visades i V\u00e4nersborg [&hellip;]<\/p>\n","protected":false},"author":1,"featured_media":0,"comment_status":"open","ping_status":"open","sticky":false,"template":"","format":"standard","meta":{"_crdt_document":"","advgb_blocks_editor_width":"","advgb_blocks_columns_visual_guide":"","_jetpack_memberships_contains_paid_content":false,"footnotes":""},"categories":[1],"tags":[],"class_list":["post-7992","post","type-post","status-publish","format-standard","hentry","category-hem","entry"],"author_meta":{"display_name":"Peter &amp; Johanna","author_link":"https:\/\/almkullens.se\/?author=1"},"featured_img":null,"jetpack_featured_media_url":"","coauthors":[],"tax_additional":{"categories":{"linked":["<a href=\"https:\/\/almkullens.se\/?cat=1\" class=\"advgb-post-tax-term\">Hem<\/a>"],"unlinked":["<span class=\"advgb-post-tax-term\">Hem<\/span>"]}},"comment_count":"0","relative_dates":{"created":"Publicerad 9 \u00e5r sedan","modified":"Uppdaterad 9 \u00e5r sedan"},"absolute_dates":{"created":"Publicerat den 11 juni, 2017","modified":"Uppdaterad den 11 juni, 2017"},"absolute_dates_time":{"created":"Publicerat den 11 juni, 2017 16:31","modified":"Uppdaterad den 11 juni, 2017 16:31"},"featured_img_caption":"","series_order":"","jetpack_sharing_enabled":true,"_links":{"self":[{"href":"https:\/\/almkullens.se\/index.php?rest_route=\/wp\/v2\/posts\/7992","targetHints":{"allow":["GET"]}}],"collection":[{"href":"https:\/\/almkullens.se\/index.php?rest_route=\/wp\/v2\/posts"}],"about":[{"href":"https:\/\/almkullens.se\/index.php?rest_route=\/wp\/v2\/types\/post"}],"author":[{"embeddable":true,"href":"https:\/\/almkullens.se\/index.php?rest_route=\/wp\/v2\/users\/1"}],"replies":[{"embeddable":true,"href":"https:\/\/almkullens.se\/index.php?rest_route=%2Fwp%2Fv2%2Fcomments&post=7992"}],"version-history":[{"count":2,"href":"https:\/\/almkullens.se\/index.php?rest_route=\/wp\/v2\/posts\/7992\/revisions"}],"predecessor-version":[{"id":7995,"href":"https:\/\/almkullens.se\/index.php?rest_route=\/wp\/v2\/posts\/7992\/revisions\/7995"}],"wp:attachment":[{"href":"https:\/\/almkullens.se\/index.php?rest_route=%2Fwp%2Fv2%2Fmedia&parent=7992"}],"wp:term":[{"taxonomy":"category","embeddable":true,"href":"https:\/\/almkullens.se\/index.php?rest_route=%2Fwp%2Fv2%2Fcategories&post=7992"},{"taxonomy":"post_tag","embeddable":true,"href":"https:\/\/almkullens.se\/index.php?rest_route=%2Fwp%2Fv2%2Ftags&post=7992"}],"curies":[{"name":"wp","href":"https:\/\/api.w.org\/{rel}","templated":true}]}}