{"id":7952,"date":"2017-04-25T06:00:58","date_gmt":"2017-04-25T04:00:58","guid":{"rendered":"http:\/\/almkullens.se\/?p=7952"},"modified":"2017-04-25T06:00:58","modified_gmt":"2017-04-25T04:00:58","slug":"bretontraff-13","status":"publish","type":"post","link":"https:\/\/almkullens.se\/?p=7952","title":{"rendered":"Bretontr\u00e4ff"},"content":{"rendered":"<p><a href=\"https:\/\/almkullens.se\/wp-content\/uploads\/2016\/03\/1057.jpg\" rel=\"lightbox[7952]\"><img loading=\"lazy\" decoding=\"async\" class=\"alignright size-medium wp-image-6768\" src=\"https:\/\/almkullens.se\/wp-content\/uploads\/2016\/03\/1057-300x200.jpg\" alt=\"\" width=\"300\" height=\"200\" srcset=\"https:\/\/almkullens.se\/wp-content\/uploads\/2016\/03\/1057-300x200.jpg 300w, https:\/\/almkullens.se\/wp-content\/uploads\/2016\/03\/1057-768x512.jpg 768w, https:\/\/almkullens.se\/wp-content\/uploads\/2016\/03\/1057-1024x683.jpg 1024w, https:\/\/almkullens.se\/wp-content\/uploads\/2016\/03\/1057.jpg 1800w\" sizes=\"auto, (max-width: 300px) 100vw, 300px\" \/><\/a>S\u00f6ndagen den 14\u00a0maj kl: 11.00 kommer vi att ha v\u00e5r \u00e5rliga bretontr\u00e4ff, ALLA breton\u00e4lskare \u00e4r v\u00e4lkomna, vare sig ni har en breton sj\u00e4lva\u00a0eller bara vill kika p\u00e5\u00a0rasen.<\/p>\n<p>Vi kommer att ha lite lydnadstr\u00e4ning, ev.tipspromenad och en apporteringst\u00e4vling.<\/p>\n<div id=\"attachment_5305\" class=\"wp-caption alignleft\"><a href=\"https:\/\/almkullens.se\/wp-content\/uploads\/2015\/04\/218.jpg\" rel=\"lightbox[6927]\" data-slimstat=\"5\"><img loading=\"lazy\" decoding=\"async\" class=\" wp-image-5305\" src=\"https:\/\/almkullens.se\/wp-content\/uploads\/2015\/04\/218-300x200.jpg\" sizes=\"auto, (max-width: 269px) 100vw, 269px\" srcset=\"https:\/\/almkullens.se\/wp-content\/uploads\/2015\/04\/218-300x200.jpg 300w, https:\/\/almkullens.se\/wp-content\/uploads\/2015\/04\/218-1024x683.jpg 1024w\" alt=\"Korvgrillning!\" width=\"269\" height=\"179\" \/><\/a><\/p>\n<p class=\"wp-caption-text\">Korvgrillning!<\/p>\n<\/div>\n<p>&nbsp;<\/p>\n<p>Vi kommer ocks\u00e5 att ha en fikapaus\u00a0med t\u00e4nda grillar, s\u00e5 ta med det som ni vill \u00e4ta och dricka.<\/p>\n<p>Det \u00e4r bra om vi vet hur m\u00e5nga som kommer s\u00e5 skicka oss ett mail!<br \/>\nalmkullens@gmail.com<\/p>\n","protected":false},"excerpt":{"rendered":"<p>S\u00f6ndagen den 14\u00a0maj kl: 11.00 kommer vi att ha v\u00e5r \u00e5rliga bretontr\u00e4ff, ALLA breton\u00e4lskare \u00e4r v\u00e4lkomna, vare sig ni har en breton sj\u00e4lva\u00a0eller bara vill kika p\u00e5\u00a0rasen. Vi kommer att ha lite lydnadstr\u00e4ning, ev.tipspromenad och en apporteringst\u00e4vling. Korvgrillning! &nbsp; Vi kommer ocks\u00e5 att ha en fikapaus\u00a0med t\u00e4nda grillar, s\u00e5 ta med det som ni vill [&hellip;]<\/p>\n","protected":false},"author":1,"featured_media":0,"comment_status":"open","ping_status":"open","sticky":false,"template":"","format":"standard","meta":{"_crdt_document":"","advgb_blocks_editor_width":"","advgb_blocks_columns_visual_guide":"","_jetpack_memberships_contains_paid_content":false,"footnotes":""},"categories":[1],"tags":[],"class_list":["post-7952","post","type-post","status-publish","format-standard","hentry","category-hem","entry"],"author_meta":{"display_name":"Peter &amp; Johanna","author_link":"https:\/\/almkullens.se\/?author=1"},"featured_img":null,"jetpack_featured_media_url":"","coauthors":[],"tax_additional":{"categories":{"linked":["<a href=\"https:\/\/almkullens.se\/?cat=1\" class=\"advgb-post-tax-term\">Hem<\/a>"],"unlinked":["<span class=\"advgb-post-tax-term\">Hem<\/span>"]}},"comment_count":"2","relative_dates":{"created":"Publicerad 9 \u00e5r sedan","modified":"Uppdaterad 9 \u00e5r sedan"},"absolute_dates":{"created":"Publicerat den 25 april, 2017","modified":"Uppdaterad den 25 april, 2017"},"absolute_dates_time":{"created":"Publicerat den 25 april, 2017 06:00","modified":"Uppdaterad den 25 april, 2017 06:00"},"featured_img_caption":"","series_order":"","jetpack_sharing_enabled":true,"_links":{"self":[{"href":"https:\/\/almkullens.se\/index.php?rest_route=\/wp\/v2\/posts\/7952","targetHints":{"allow":["GET"]}}],"collection":[{"href":"https:\/\/almkullens.se\/index.php?rest_route=\/wp\/v2\/posts"}],"about":[{"href":"https:\/\/almkullens.se\/index.php?rest_route=\/wp\/v2\/types\/post"}],"author":[{"embeddable":true,"href":"https:\/\/almkullens.se\/index.php?rest_route=\/wp\/v2\/users\/1"}],"replies":[{"embeddable":true,"href":"https:\/\/almkullens.se\/index.php?rest_route=%2Fwp%2Fv2%2Fcomments&post=7952"}],"version-history":[{"count":1,"href":"https:\/\/almkullens.se\/index.php?rest_route=\/wp\/v2\/posts\/7952\/revisions"}],"predecessor-version":[{"id":7953,"href":"https:\/\/almkullens.se\/index.php?rest_route=\/wp\/v2\/posts\/7952\/revisions\/7953"}],"wp:attachment":[{"href":"https:\/\/almkullens.se\/index.php?rest_route=%2Fwp%2Fv2%2Fmedia&parent=7952"}],"wp:term":[{"taxonomy":"category","embeddable":true,"href":"https:\/\/almkullens.se\/index.php?rest_route=%2Fwp%2Fv2%2Fcategories&post=7952"},{"taxonomy":"post_tag","embeddable":true,"href":"https:\/\/almkullens.se\/index.php?rest_route=%2Fwp%2Fv2%2Ftags&post=7952"}],"curies":[{"name":"wp","href":"https:\/\/api.w.org\/{rel}","templated":true}]}}