{"id":7931,"date":"2017-04-03T06:03:01","date_gmt":"2017-04-03T04:03:01","guid":{"rendered":"http:\/\/almkullens.se\/?p=7931"},"modified":"2017-04-03T06:03:01","modified_gmt":"2017-04-03T04:03:01","slug":"grattis-7","status":"publish","type":"post","link":"https:\/\/almkullens.se\/?p=7931","title":{"rendered":"Grattis!!!"},"content":{"rendered":"<p><a href=\"https:\/\/almkullens.se\/wp-content\/uploads\/2016\/02\/219.jpg\" rel=\"lightbox[7931]\"><img loading=\"lazy\" decoding=\"async\" class=\"alignright wp-image-7491 size-medium\" src=\"https:\/\/almkullens.se\/wp-content\/uploads\/2016\/02\/219-300x200.jpg\" alt=\"\" width=\"300\" height=\"200\" srcset=\"https:\/\/almkullens.se\/wp-content\/uploads\/2016\/02\/219-300x200.jpg 300w, https:\/\/almkullens.se\/wp-content\/uploads\/2016\/02\/219-768x512.jpg 768w, https:\/\/almkullens.se\/wp-content\/uploads\/2016\/02\/219-1024x683.jpg 1024w, https:\/\/almkullens.se\/wp-content\/uploads\/2016\/02\/219.jpg 1800w\" sizes=\"auto, (max-width: 300px) 100vw, 300px\" \/><\/a>I\u00a0g\u00e5r tog Almkullens Glittra tillsammans med husse Patrich Orresol 1 HP Ukl!!!! <br \/>\nOch i\u00a0l\u00f6rdags s\u00e5 fick Almkullens Ella ett 2 pris \u00d6kl tillsammans med husse B\u00f6rje Nilsson! provet gick p\u00e5 fj\u00e4ll i Lofsdalen.<\/p>\n<p>Ett STOORT GRATTIS till er b\u00e5da!\u00a0<br \/>\nVi \u00e4r oerh\u00f6rt stolta uppf\u00f6dare!\u00a0 \ud83d\ude00 <a href=\"https:\/\/almkullens.se\/wp-content\/uploads\/2016\/04\/009.jpg\" rel=\"lightbox[7931]\"><img loading=\"lazy\" decoding=\"async\" class=\"alignright size-medium wp-image-6914\" src=\"https:\/\/almkullens.se\/wp-content\/uploads\/2016\/04\/009-300x200.jpg\" alt=\"\" width=\"300\" height=\"200\" srcset=\"https:\/\/almkullens.se\/wp-content\/uploads\/2016\/04\/009-300x200.jpg 300w, https:\/\/almkullens.se\/wp-content\/uploads\/2016\/04\/009-768x512.jpg 768w, https:\/\/almkullens.se\/wp-content\/uploads\/2016\/04\/009-1024x683.jpg 1024w, https:\/\/almkullens.se\/wp-content\/uploads\/2016\/04\/009.jpg 1800w\" sizes=\"auto, (max-width: 300px) 100vw, 300px\" \/><\/a><\/p>\n","protected":false},"excerpt":{"rendered":"<p>I\u00a0g\u00e5r tog Almkullens Glittra tillsammans med husse Patrich Orresol 1 HP Ukl!!!! Och i\u00a0l\u00f6rdags s\u00e5 fick Almkullens Ella ett 2 pris \u00d6kl tillsammans med husse B\u00f6rje Nilsson! provet gick p\u00e5 fj\u00e4ll i Lofsdalen. Ett STOORT GRATTIS till er b\u00e5da!\u00a0 Vi \u00e4r oerh\u00f6rt stolta uppf\u00f6dare!\u00a0 \ud83d\ude00<\/p>\n","protected":false},"author":1,"featured_media":0,"comment_status":"open","ping_status":"open","sticky":false,"template":"","format":"standard","meta":{"_crdt_document":"","advgb_blocks_editor_width":"","advgb_blocks_columns_visual_guide":"","_jetpack_memberships_contains_paid_content":false,"footnotes":""},"categories":[1],"tags":[],"class_list":["post-7931","post","type-post","status-publish","format-standard","hentry","category-hem","entry"],"author_meta":{"display_name":"Peter &amp; Johanna","author_link":"https:\/\/almkullens.se\/?author=1"},"featured_img":null,"jetpack_featured_media_url":"","coauthors":[],"tax_additional":{"categories":{"linked":["<a href=\"https:\/\/almkullens.se\/?cat=1\" class=\"advgb-post-tax-term\">Hem<\/a>"],"unlinked":["<span class=\"advgb-post-tax-term\">Hem<\/span>"]}},"comment_count":"1","relative_dates":{"created":"Publicerad 9 \u00e5r sedan","modified":"Uppdaterad 9 \u00e5r sedan"},"absolute_dates":{"created":"Publicerat den 3 april, 2017","modified":"Uppdaterad den 3 april, 2017"},"absolute_dates_time":{"created":"Publicerat den 3 april, 2017 06:03","modified":"Uppdaterad den 3 april, 2017 06:03"},"featured_img_caption":"","series_order":"","jetpack_sharing_enabled":true,"_links":{"self":[{"href":"https:\/\/almkullens.se\/index.php?rest_route=\/wp\/v2\/posts\/7931","targetHints":{"allow":["GET"]}}],"collection":[{"href":"https:\/\/almkullens.se\/index.php?rest_route=\/wp\/v2\/posts"}],"about":[{"href":"https:\/\/almkullens.se\/index.php?rest_route=\/wp\/v2\/types\/post"}],"author":[{"embeddable":true,"href":"https:\/\/almkullens.se\/index.php?rest_route=\/wp\/v2\/users\/1"}],"replies":[{"embeddable":true,"href":"https:\/\/almkullens.se\/index.php?rest_route=%2Fwp%2Fv2%2Fcomments&post=7931"}],"version-history":[{"count":3,"href":"https:\/\/almkullens.se\/index.php?rest_route=\/wp\/v2\/posts\/7931\/revisions"}],"predecessor-version":[{"id":7934,"href":"https:\/\/almkullens.se\/index.php?rest_route=\/wp\/v2\/posts\/7931\/revisions\/7934"}],"wp:attachment":[{"href":"https:\/\/almkullens.se\/index.php?rest_route=%2Fwp%2Fv2%2Fmedia&parent=7931"}],"wp:term":[{"taxonomy":"category","embeddable":true,"href":"https:\/\/almkullens.se\/index.php?rest_route=%2Fwp%2Fv2%2Fcategories&post=7931"},{"taxonomy":"post_tag","embeddable":true,"href":"https:\/\/almkullens.se\/index.php?rest_route=%2Fwp%2Fv2%2Ftags&post=7931"}],"curies":[{"name":"wp","href":"https:\/\/api.w.org\/{rel}","templated":true}]}}