{"id":7926,"date":"2017-03-24T09:11:56","date_gmt":"2017-03-24T08:11:56","guid":{"rendered":"http:\/\/almkullens.se\/?p=7926"},"modified":"2017-03-24T09:11:56","modified_gmt":"2017-03-24T08:11:56","slug":"bretontraning-falt","status":"publish","type":"post","link":"https:\/\/almkullens.se\/?p=7926","title":{"rendered":"Bretontr\u00e4ning f\u00e4lt!"},"content":{"rendered":"<figure id=\"attachment_6410\" aria-describedby=\"caption-attachment-6410\" style=\"width: 300px\" class=\"wp-caption alignright\"><a href=\"https:\/\/almkullens.se\/wp-content\/uploads\/2015\/12\/3Q1A2174.jpg\" rel=\"lightbox[7926]\"><img loading=\"lazy\" decoding=\"async\" class=\"size-medium wp-image-6410\" src=\"https:\/\/almkullens.se\/wp-content\/uploads\/2015\/12\/3Q1A2174-300x200.jpg\" alt=\"\" width=\"300\" height=\"200\" srcset=\"https:\/\/almkullens.se\/wp-content\/uploads\/2015\/12\/3Q1A2174-300x200.jpg 300w, https:\/\/almkullens.se\/wp-content\/uploads\/2015\/12\/3Q1A2174-768x512.jpg 768w, https:\/\/almkullens.se\/wp-content\/uploads\/2015\/12\/3Q1A2174-1024x683.jpg 1024w, https:\/\/almkullens.se\/wp-content\/uploads\/2015\/12\/3Q1A2174.jpg 1800w\" sizes=\"auto, (max-width: 300px) 100vw, 300px\" \/><\/a><figcaption id=\"caption-attachment-6410\" class=\"wp-caption-text\">Fia reser en fasan<\/figcaption><\/figure>\n<p>N\u00e4sta Bretontr\u00e4ning blir i Falk\u00f6ping s\u00f6ndagen den 9 april, det kommer att bli tr\u00e4ning p\u00e5 f\u00e4lt och det kommer att finnas fasaner i markerna, f\u00f6rst till kvarn g\u00e4ller men de som har varit med p\u00e5 de tidigare tr\u00e4ningarna har f\u00f6rtur.<br \/>\nAnm\u00e4lan vill vi ha till v\u00e5r mail:\u00a0<a href=\"mailto:almkullens@gmail.com\">almkullens@gmail.com<\/a>\u00a0<\/p>\n<p>N\u00e4rmare info om tid och plats meddelas de som kommit med.<\/p>\n<p>Och allihop som var med p\u00e5 den senaste tr\u00e4ningen, Tack f\u00f6r en j\u00e4ttetrevlig\u00a0och givande dag!\u00a0 \ud83d\ude00<\/p>\n","protected":false},"excerpt":{"rendered":"<p>N\u00e4sta Bretontr\u00e4ning blir i Falk\u00f6ping s\u00f6ndagen den 9 april, det kommer att bli tr\u00e4ning p\u00e5 f\u00e4lt och det kommer att finnas fasaner i markerna, f\u00f6rst till kvarn g\u00e4ller men de som har varit med p\u00e5 de tidigare tr\u00e4ningarna har f\u00f6rtur. Anm\u00e4lan vill vi ha till v\u00e5r mail:\u00a0almkullens@gmail.com\u00a0 N\u00e4rmare info om tid och plats meddelas de [&hellip;]<\/p>\n","protected":false},"author":1,"featured_media":0,"comment_status":"open","ping_status":"open","sticky":false,"template":"","format":"standard","meta":{"_crdt_document":"","advgb_blocks_editor_width":"","advgb_blocks_columns_visual_guide":"","_jetpack_memberships_contains_paid_content":false,"footnotes":""},"categories":[1],"tags":[],"class_list":["post-7926","post","type-post","status-publish","format-standard","hentry","category-hem","entry"],"author_meta":{"display_name":"Peter &amp; Johanna","author_link":"https:\/\/almkullens.se\/?author=1"},"featured_img":null,"jetpack_featured_media_url":"","coauthors":[],"tax_additional":{"categories":{"linked":["<a href=\"https:\/\/almkullens.se\/?cat=1\" class=\"advgb-post-tax-term\">Hem<\/a>"],"unlinked":["<span class=\"advgb-post-tax-term\">Hem<\/span>"]}},"comment_count":"1","relative_dates":{"created":"Publicerad 9 \u00e5r sedan","modified":"Uppdaterad 9 \u00e5r sedan"},"absolute_dates":{"created":"Publicerat den 24 mars, 2017","modified":"Uppdaterad den 24 mars, 2017"},"absolute_dates_time":{"created":"Publicerat den 24 mars, 2017 09:11","modified":"Uppdaterad den 24 mars, 2017 09:11"},"featured_img_caption":"","series_order":"","jetpack_sharing_enabled":true,"_links":{"self":[{"href":"https:\/\/almkullens.se\/index.php?rest_route=\/wp\/v2\/posts\/7926","targetHints":{"allow":["GET"]}}],"collection":[{"href":"https:\/\/almkullens.se\/index.php?rest_route=\/wp\/v2\/posts"}],"about":[{"href":"https:\/\/almkullens.se\/index.php?rest_route=\/wp\/v2\/types\/post"}],"author":[{"embeddable":true,"href":"https:\/\/almkullens.se\/index.php?rest_route=\/wp\/v2\/users\/1"}],"replies":[{"embeddable":true,"href":"https:\/\/almkullens.se\/index.php?rest_route=%2Fwp%2Fv2%2Fcomments&post=7926"}],"version-history":[{"count":2,"href":"https:\/\/almkullens.se\/index.php?rest_route=\/wp\/v2\/posts\/7926\/revisions"}],"predecessor-version":[{"id":7928,"href":"https:\/\/almkullens.se\/index.php?rest_route=\/wp\/v2\/posts\/7926\/revisions\/7928"}],"wp:attachment":[{"href":"https:\/\/almkullens.se\/index.php?rest_route=%2Fwp%2Fv2%2Fmedia&parent=7926"}],"wp:term":[{"taxonomy":"category","embeddable":true,"href":"https:\/\/almkullens.se\/index.php?rest_route=%2Fwp%2Fv2%2Fcategories&post=7926"},{"taxonomy":"post_tag","embeddable":true,"href":"https:\/\/almkullens.se\/index.php?rest_route=%2Fwp%2Fv2%2Ftags&post=7926"}],"curies":[{"name":"wp","href":"https:\/\/api.w.org\/{rel}","templated":true}]}}