{"id":7897,"date":"2017-02-24T09:15:05","date_gmt":"2017-02-24T08:15:05","guid":{"rendered":"http:\/\/almkullens.se\/?p=7897"},"modified":"2017-02-24T11:58:30","modified_gmt":"2017-02-24T10:58:30","slug":"harjakt","status":"publish","type":"post","link":"https:\/\/almkullens.se\/?p=7897","title":{"rendered":"Harjakt"},"content":{"rendered":"<p><a href=\"https:\/\/almkullens.se\/wp-content\/uploads\/2017\/02\/Aska-apporterar-hare.jpg\" rel=\"lightbox[7897]\"><img loading=\"lazy\" decoding=\"async\" class=\"alignright size-medium wp-image-7898\" src=\"https:\/\/almkullens.se\/wp-content\/uploads\/2017\/02\/Aska-apporterar-hare-300x232.jpg\" alt=\"\" width=\"300\" height=\"232\" srcset=\"https:\/\/almkullens.se\/wp-content\/uploads\/2017\/02\/Aska-apporterar-hare-300x232.jpg 300w, https:\/\/almkullens.se\/wp-content\/uploads\/2017\/02\/Aska-apporterar-hare-768x595.jpg 768w, https:\/\/almkullens.se\/wp-content\/uploads\/2017\/02\/Aska-apporterar-hare-1024x793.jpg 1024w, https:\/\/almkullens.se\/wp-content\/uploads\/2017\/02\/Aska-apporterar-hare.jpg 1123w\" sizes=\"auto, (max-width: 300px) 100vw, 300px\" \/><\/a>Peter har varit ute p\u00e5 harjakt med v\u00e5ra vuxna hundar Aska och Riva, det \u00e4r en jakt som uppskattas av b\u00e5de hundar och j\u00e4gare.<br \/>\nHaren trycker ju s\u00e5 hundarna st\u00e5r f\u00f6r haren, de reser och respekterar (annars s\u00e5 hade vi inte jagat hare med dom!) och sedan apporterar de.<\/p>\n<p>P\u00e5 bilden s\u00e5 \u00e4r det Aska som apporterar en stor hare.<\/p>\n<figure id=\"attachment_7902\" aria-describedby=\"caption-attachment-7902\" style=\"width: 300px\" class=\"wp-caption alignleft\"><a href=\"https:\/\/almkullens.se\/wp-content\/uploads\/2017\/02\/DSC_0025.jpg\" rel=\"lightbox[7897]\"><img loading=\"lazy\" decoding=\"async\" class=\"size-medium wp-image-7902\" src=\"https:\/\/almkullens.se\/wp-content\/uploads\/2017\/02\/DSC_0025-300x300.jpg\" alt=\"\" width=\"300\" height=\"300\" srcset=\"https:\/\/almkullens.se\/wp-content\/uploads\/2017\/02\/DSC_0025-300x300.jpg 300w, https:\/\/almkullens.se\/wp-content\/uploads\/2017\/02\/DSC_0025-150x150.jpg 150w, https:\/\/almkullens.se\/wp-content\/uploads\/2017\/02\/DSC_0025-768x766.jpg 768w, https:\/\/almkullens.se\/wp-content\/uploads\/2017\/02\/DSC_0025-1024x1021.jpg 1024w, https:\/\/almkullens.se\/wp-content\/uploads\/2017\/02\/DSC_0025.jpg 1661w\" sizes=\"auto, (max-width: 300px) 100vw, 300px\" \/><\/a><figcaption id=\"caption-attachment-7902\" class=\"wp-caption-text\">Riva o minken<\/figcaption><\/figure>\n<p>Riva \u00e4r ocks\u00e5 en duktig apport\u00f6r, h\u00e4r h\u00e4mtar hon en mink, det h\u00e4r var dock inte under harjakten\u00a0 \ud83d\ude00\u00a0<\/p>\n","protected":false},"excerpt":{"rendered":"<p>Peter har varit ute p\u00e5 harjakt med v\u00e5ra vuxna hundar Aska och Riva, det \u00e4r en jakt som uppskattas av b\u00e5de hundar och j\u00e4gare. Haren trycker ju s\u00e5 hundarna st\u00e5r f\u00f6r haren, de reser och respekterar (annars s\u00e5 hade vi inte jagat hare med dom!) och sedan apporterar de. P\u00e5 bilden s\u00e5 \u00e4r det Aska [&hellip;]<\/p>\n","protected":false},"author":1,"featured_media":0,"comment_status":"open","ping_status":"open","sticky":false,"template":"","format":"standard","meta":{"_crdt_document":"","advgb_blocks_editor_width":"","advgb_blocks_columns_visual_guide":"","_jetpack_memberships_contains_paid_content":false,"footnotes":""},"categories":[1],"tags":[],"class_list":["post-7897","post","type-post","status-publish","format-standard","hentry","category-hem","entry"],"author_meta":{"display_name":"Peter &amp; Johanna","author_link":"https:\/\/almkullens.se\/?author=1"},"featured_img":null,"jetpack_featured_media_url":"","coauthors":[],"tax_additional":{"categories":{"linked":["<a href=\"https:\/\/almkullens.se\/?cat=1\" class=\"advgb-post-tax-term\">Hem<\/a>"],"unlinked":["<span class=\"advgb-post-tax-term\">Hem<\/span>"]}},"comment_count":"1","relative_dates":{"created":"Publicerad 9 \u00e5r sedan","modified":"Uppdaterad 9 \u00e5r sedan"},"absolute_dates":{"created":"Publicerat den 24 februari, 2017","modified":"Uppdaterad den 24 februari, 2017"},"absolute_dates_time":{"created":"Publicerat den 24 februari, 2017 09:15","modified":"Uppdaterad den 24 februari, 2017 11:58"},"featured_img_caption":"","series_order":"","jetpack_sharing_enabled":true,"_links":{"self":[{"href":"https:\/\/almkullens.se\/index.php?rest_route=\/wp\/v2\/posts\/7897","targetHints":{"allow":["GET"]}}],"collection":[{"href":"https:\/\/almkullens.se\/index.php?rest_route=\/wp\/v2\/posts"}],"about":[{"href":"https:\/\/almkullens.se\/index.php?rest_route=\/wp\/v2\/types\/post"}],"author":[{"embeddable":true,"href":"https:\/\/almkullens.se\/index.php?rest_route=\/wp\/v2\/users\/1"}],"replies":[{"embeddable":true,"href":"https:\/\/almkullens.se\/index.php?rest_route=%2Fwp%2Fv2%2Fcomments&post=7897"}],"version-history":[{"count":3,"href":"https:\/\/almkullens.se\/index.php?rest_route=\/wp\/v2\/posts\/7897\/revisions"}],"predecessor-version":[{"id":7903,"href":"https:\/\/almkullens.se\/index.php?rest_route=\/wp\/v2\/posts\/7897\/revisions\/7903"}],"wp:attachment":[{"href":"https:\/\/almkullens.se\/index.php?rest_route=%2Fwp%2Fv2%2Fmedia&parent=7897"}],"wp:term":[{"taxonomy":"category","embeddable":true,"href":"https:\/\/almkullens.se\/index.php?rest_route=%2Fwp%2Fv2%2Fcategories&post=7897"},{"taxonomy":"post_tag","embeddable":true,"href":"https:\/\/almkullens.se\/index.php?rest_route=%2Fwp%2Fv2%2Ftags&post=7897"}],"curies":[{"name":"wp","href":"https:\/\/api.w.org\/{rel}","templated":true}]}}