{"id":788,"date":"2011-04-24T17:23:26","date_gmt":"2011-04-24T17:23:26","guid":{"rendered":"http:\/\/almkullens.se\/?p=788"},"modified":"2011-04-24T17:23:26","modified_gmt":"2011-04-24T17:23:26","slug":"elva-blir-allt-tjockare","status":"publish","type":"post","link":"https:\/\/almkullens.se\/?p=788","title":{"rendered":"Elva blir allt tjockare!!"},"content":{"rendered":"<p>[singlepic id=268 w=320 h=240 float=right] Nu s\u00e5 v\u00e5gar vi tro p\u00e5 att Elva \u00e4r dr\u00e4ktig. Hon har b\u00f6rjat att bli allt rundare om magen trots att fodergivan \u00e4nnu \u00e4r of\u00f6r\u00e4ndrad. Jag b\u00f6rjade att m\u00e4ta omf\u00e5nget p\u00e5 henne redan vecka 2 och sedan dess s\u00e5 har hon blivit 6-7 cm vidare b\u00e5de runt magen och br\u00f6stet. Vi kommer inte att g\u00f6ra n\u00e5got ultraljud s\u00e5 det kommer att komma som en \u00f6verraskning hur m\u00e5nga det blir. Nu s\u00e5 kommer det bli sp\u00e4nnande \u00a0de sista 3 veckorna.<\/p>\n","protected":false},"excerpt":{"rendered":"<p>[singlepic id=268 w=320 h=240 float=right] Nu s\u00e5 v\u00e5gar vi tro p\u00e5 att Elva \u00e4r dr\u00e4ktig. Hon har b\u00f6rjat att bli allt rundare om magen trots att fodergivan \u00e4nnu \u00e4r of\u00f6r\u00e4ndrad. Jag b\u00f6rjade att m\u00e4ta omf\u00e5nget p\u00e5 henne redan vecka 2 och sedan dess s\u00e5 har hon blivit 6-7 cm vidare b\u00e5de runt magen och br\u00f6stet. [&hellip;]<\/p>\n","protected":false},"author":1,"featured_media":0,"comment_status":"open","ping_status":"open","sticky":false,"template":"","format":"standard","meta":{"_crdt_document":"","advgb_blocks_editor_width":"","advgb_blocks_columns_visual_guide":"","_jetpack_memberships_contains_paid_content":false,"footnotes":""},"categories":[1],"tags":[],"class_list":["post-788","post","type-post","status-publish","format-standard","hentry","category-hem","entry"],"author_meta":{"display_name":"Peter &amp; Johanna","author_link":"https:\/\/almkullens.se\/?author=1"},"featured_img":null,"jetpack_featured_media_url":"","coauthors":[],"tax_additional":{"categories":{"linked":["<a href=\"https:\/\/almkullens.se\/?cat=1\" class=\"advgb-post-tax-term\">Hem<\/a>"],"unlinked":["<span class=\"advgb-post-tax-term\">Hem<\/span>"]}},"comment_count":"2","relative_dates":{"created":"Publicerad 15 \u00e5r sedan","modified":"Uppdaterad 15 \u00e5r sedan"},"absolute_dates":{"created":"Publicerat den 24 april, 2011","modified":"Uppdaterad den 24 april, 2011"},"absolute_dates_time":{"created":"Publicerat den 24 april, 2011 17:23","modified":"Uppdaterad den 24 april, 2011 17:23"},"featured_img_caption":"","series_order":"","jetpack_sharing_enabled":true,"_links":{"self":[{"href":"https:\/\/almkullens.se\/index.php?rest_route=\/wp\/v2\/posts\/788","targetHints":{"allow":["GET"]}}],"collection":[{"href":"https:\/\/almkullens.se\/index.php?rest_route=\/wp\/v2\/posts"}],"about":[{"href":"https:\/\/almkullens.se\/index.php?rest_route=\/wp\/v2\/types\/post"}],"author":[{"embeddable":true,"href":"https:\/\/almkullens.se\/index.php?rest_route=\/wp\/v2\/users\/1"}],"replies":[{"embeddable":true,"href":"https:\/\/almkullens.se\/index.php?rest_route=%2Fwp%2Fv2%2Fcomments&post=788"}],"version-history":[{"count":8,"href":"https:\/\/almkullens.se\/index.php?rest_route=\/wp\/v2\/posts\/788\/revisions"}],"predecessor-version":[{"id":796,"href":"https:\/\/almkullens.se\/index.php?rest_route=\/wp\/v2\/posts\/788\/revisions\/796"}],"wp:attachment":[{"href":"https:\/\/almkullens.se\/index.php?rest_route=%2Fwp%2Fv2%2Fmedia&parent=788"}],"wp:term":[{"taxonomy":"category","embeddable":true,"href":"https:\/\/almkullens.se\/index.php?rest_route=%2Fwp%2Fv2%2Fcategories&post=788"},{"taxonomy":"post_tag","embeddable":true,"href":"https:\/\/almkullens.se\/index.php?rest_route=%2Fwp%2Fv2%2Ftags&post=788"}],"curies":[{"name":"wp","href":"https:\/\/api.w.org\/{rel}","templated":true}]}}