{"id":7838,"date":"2017-02-03T23:10:36","date_gmt":"2017-02-03T22:10:36","guid":{"rendered":"http:\/\/almkullens.se\/?p=7838"},"modified":"2017-02-06T09:11:52","modified_gmt":"2017-02-06T08:11:52","slug":"arets-breton-unghund","status":"publish","type":"post","link":"https:\/\/almkullens.se\/?p=7838","title":{"rendered":"\u00c5rets Breton unghund &#8211; Almkullens Fia"},"content":{"rendered":"<p><a href=\"https:\/\/almkullens.se\/wp-content\/uploads\/2016\/09\/994.jpg\" rel=\"lightbox[7838]\"><img loading=\"lazy\" decoding=\"async\" class=\"alignright size-medium wp-image-7334\" src=\"https:\/\/almkullens.se\/wp-content\/uploads\/2016\/09\/994-300x200.jpg\" alt=\"\" width=\"300\" height=\"200\" srcset=\"https:\/\/almkullens.se\/wp-content\/uploads\/2016\/09\/994-300x200.jpg 300w, https:\/\/almkullens.se\/wp-content\/uploads\/2016\/09\/994-768x512.jpg 768w, https:\/\/almkullens.se\/wp-content\/uploads\/2016\/09\/994-1024x683.jpg 1024w, https:\/\/almkullens.se\/wp-content\/uploads\/2016\/09\/994.jpg 1800w\" sizes=\"auto, (max-width: 300px) 100vw, 300px\" \/><\/a>Ikv\u00e4ll s\u00e5 firar vi!!!<br \/>\n \u00c5rets Breton Unghund 2016 blev v\u00e5ran Almkullens Fia! Jag och Peter\u00a0\u00e4r s\u00e5 stolta \u00f6ver\u00a0henne!<\/p>\n<p>Bland de 5 b\u00e4st placerade unghundarna s\u00e5 \u00e4r 4 st fr\u00e5n v\u00e5r F-kull! De blev placerade som 1,2,3 och 5! Det \u00e4r helt sjukt bra! De har alla ett flertal 1:a pris!<br \/>\n Almkullens Freja med husse Anders Dedorsson Yl\u00e9n\u00a0<br \/>\n Almkullens Foppa med matte Pia Jelkest\u00e5hl \u00a0<br \/>\n Almkullens Flying Flua med husse Bj\u00f6rn Dan\u00e5s <\/p>\n<p> Det finns en femte hund i kullen ocks\u00e5, Almkullens Frasse, han bor i Finland med sin husse Kenneth Gr\u00e5hn och \u00e4ven han har 1:a pris i Ukl! Jag och Peter \u00e4r mycket stolta uppf\u00f6dare till denna fantastiska kull! Ett stort tack till v\u00e5ra fantastiska valpk\u00f6pare som g\u00f6r det h\u00e4r m\u00f6jligt!<\/p>\n<div id='gallery-1' class='gallery galleryid-7838 gallery-columns-4 gallery-size-thumbnail'><figure class='gallery-item'>\n\t\t\t<div class='gallery-icon landscape'>\n\t\t\t\t<a href='https:\/\/almkullens.se\/wp-content\/uploads\/2016\/05\/411.jpg' rel=\"lightbox[7838]\"><img loading=\"lazy\" decoding=\"async\" width=\"150\" height=\"150\" src=\"https:\/\/almkullens.se\/wp-content\/uploads\/2016\/05\/411-150x150.jpg\" class=\"attachment-thumbnail size-thumbnail\" alt=\"\" \/><\/a>\n\t\t\t<\/div><\/figure><figure class='gallery-item'>\n\t\t\t<div class='gallery-icon landscape'>\n\t\t\t\t<a href='https:\/\/almkullens.se\/wp-content\/uploads\/2016\/08\/686.jpg' rel=\"lightbox[7838]\"><img loading=\"lazy\" decoding=\"async\" width=\"150\" height=\"150\" src=\"https:\/\/almkullens.se\/wp-content\/uploads\/2016\/08\/686-150x150.jpg\" class=\"attachment-thumbnail size-thumbnail\" alt=\"\" aria-describedby=\"gallery-1-7236\" \/><\/a>\n\t\t\t<\/div>\n\t\t\t\t<figcaption class='wp-caption-text gallery-caption' id='gallery-1-7236'>\n\t\t\t\tAlmkullens Foppa\n\t\t\t\t<\/figcaption><\/figure><figure class='gallery-item'>\n\t\t\t<div class='gallery-icon landscape'>\n\t\t\t\t<a href='https:\/\/almkullens.se\/wp-content\/uploads\/2016\/10\/589.jpg' rel=\"lightbox[7838]\"><img loading=\"lazy\" decoding=\"async\" width=\"150\" height=\"150\" src=\"https:\/\/almkullens.se\/wp-content\/uploads\/2016\/10\/589-150x150.jpg\" class=\"attachment-thumbnail size-thumbnail\" alt=\"\" \/><\/a>\n\t\t\t<\/div><\/figure><figure class='gallery-item'>\n\t\t\t<div class='gallery-icon landscape'>\n\t\t\t\t<a href='https:\/\/almkullens.se\/wp-content\/uploads\/2014\/11\/mms_20151231_130047.jpg' rel=\"lightbox[7838]\"><img loading=\"lazy\" decoding=\"async\" width=\"150\" height=\"150\" src=\"https:\/\/almkullens.se\/wp-content\/uploads\/2014\/11\/mms_20151231_130047-150x150.jpg\" class=\"attachment-thumbnail size-thumbnail\" alt=\"\" aria-describedby=\"gallery-1-6469\" \/><\/a>\n\t\t\t<\/div>\n\t\t\t\t<figcaption class='wp-caption-text gallery-caption' id='gallery-1-6469'>\n\t\t\t\tAlmkullens Frasse \u00c4g\/Foto: Kenneth Gr\u00e5hn\n\t\t\t\t<\/figcaption><\/figure>\n\t\t<\/div>\n\n","protected":false},"excerpt":{"rendered":"<p>Ikv\u00e4ll s\u00e5 firar vi!!! \u00c5rets Breton Unghund 2016 blev v\u00e5ran Almkullens Fia! Jag och Peter\u00a0\u00e4r s\u00e5 stolta \u00f6ver\u00a0henne! Bland de 5 b\u00e4st placerade unghundarna s\u00e5 \u00e4r 4 st fr\u00e5n v\u00e5r F-kull! De blev placerade som 1,2,3 och 5! Det \u00e4r helt sjukt bra! De har alla ett flertal 1:a pris! Almkullens Freja med husse Anders [&hellip;]<\/p>\n","protected":false},"author":1,"featured_media":0,"comment_status":"open","ping_status":"open","sticky":false,"template":"","format":"standard","meta":{"_crdt_document":"","advgb_blocks_editor_width":"","advgb_blocks_columns_visual_guide":"","_jetpack_memberships_contains_paid_content":false,"footnotes":""},"categories":[1],"tags":[],"class_list":["post-7838","post","type-post","status-publish","format-standard","hentry","category-hem","entry"],"author_meta":{"display_name":"Peter &amp; Johanna","author_link":"https:\/\/almkullens.se\/?author=1"},"featured_img":null,"jetpack_featured_media_url":"","coauthors":[],"tax_additional":{"categories":{"linked":["<a href=\"https:\/\/almkullens.se\/?cat=1\" class=\"advgb-post-tax-term\">Hem<\/a>"],"unlinked":["<span class=\"advgb-post-tax-term\">Hem<\/span>"]}},"comment_count":"4","relative_dates":{"created":"Publicerad 9 \u00e5r sedan","modified":"Uppdaterad 9 \u00e5r sedan"},"absolute_dates":{"created":"Publicerat den 3 februari, 2017","modified":"Uppdaterad den 6 februari, 2017"},"absolute_dates_time":{"created":"Publicerat den 3 februari, 2017 23:10","modified":"Uppdaterad den 6 februari, 2017 09:11"},"featured_img_caption":"","series_order":"","jetpack_sharing_enabled":true,"_links":{"self":[{"href":"https:\/\/almkullens.se\/index.php?rest_route=\/wp\/v2\/posts\/7838","targetHints":{"allow":["GET"]}}],"collection":[{"href":"https:\/\/almkullens.se\/index.php?rest_route=\/wp\/v2\/posts"}],"about":[{"href":"https:\/\/almkullens.se\/index.php?rest_route=\/wp\/v2\/types\/post"}],"author":[{"embeddable":true,"href":"https:\/\/almkullens.se\/index.php?rest_route=\/wp\/v2\/users\/1"}],"replies":[{"embeddable":true,"href":"https:\/\/almkullens.se\/index.php?rest_route=%2Fwp%2Fv2%2Fcomments&post=7838"}],"version-history":[{"count":2,"href":"https:\/\/almkullens.se\/index.php?rest_route=\/wp\/v2\/posts\/7838\/revisions"}],"predecessor-version":[{"id":7842,"href":"https:\/\/almkullens.se\/index.php?rest_route=\/wp\/v2\/posts\/7838\/revisions\/7842"}],"wp:attachment":[{"href":"https:\/\/almkullens.se\/index.php?rest_route=%2Fwp%2Fv2%2Fmedia&parent=7838"}],"wp:term":[{"taxonomy":"category","embeddable":true,"href":"https:\/\/almkullens.se\/index.php?rest_route=%2Fwp%2Fv2%2Fcategories&post=7838"},{"taxonomy":"post_tag","embeddable":true,"href":"https:\/\/almkullens.se\/index.php?rest_route=%2Fwp%2Fv2%2Ftags&post=7838"}],"curies":[{"name":"wp","href":"https:\/\/api.w.org\/{rel}","templated":true}]}}