{"id":782,"date":"2011-04-16T17:42:03","date_gmt":"2011-04-16T17:42:03","guid":{"rendered":"http:\/\/almkullens.se\/?p=782"},"modified":"2011-04-30T07:33:37","modified_gmt":"2011-04-30T07:33:37","slug":"breton-traff","status":"publish","type":"post","link":"https:\/\/almkullens.se\/?p=782","title":{"rendered":"Breton tr\u00e4ff."},"content":{"rendered":"<p>[singlepic id=267 w=320 h=240 float=right]Vi har funderat ett l\u00e4ngre tag om att samla de Bretoner med vidh\u00e4ngande hussar\/mattar f\u00f6r att bara tr\u00e4ffas och l\u00e4ra k\u00e4nna varandra lite b\u00e4ttre. Hur det \u00e4n \u00e4r s\u00e5 \u00e4r inte rasen s\u00e5 vanlig h\u00e4r nere i sydv\u00e4stra Sverige, men det finns \u00e4nd\u00e5 en del hundar och vi tycker det vore roligt att samla s\u00e5 m\u00e5nga som m\u00f6jligt f\u00f6r att utbyta r\u00e5d och tips till varandra.<!--more--><\/p>\n<p>Det \u00e4r ju mycket som ska g\u00f6ras nu p\u00e5 v\u00e5ren och tiden \u00e4r knapp f\u00f6r alla men vi t\u00e4nkte att annandag p\u00e5sk kanske kunde vara en dag som kunde passa. Om vi samlas h\u00e4r hos oss vid 14,00 tiden och har med oss lite fika s\u00e5 f\u00e5r vi se vad dagen kan erbjuda. Meningen med denna dag \u00e4r ju egentligen bara att vara sociala men om n\u00e5gon \u00e4r sugen s\u00e5 kan vi kanske fixa till n\u00e5gon eller n\u00e5gra tr\u00e4nings\u00f6vningar.<\/p>\n<p>Om det skulle finnas intresserade av rasen s\u00e5 \u00e4r detta ett utm\u00e4rkt tillf\u00e4lle att se fler \u00e4n en eller tv\u00e5 hundar samtidigt, s\u00e5 det \u00e4r inget krav p\u00e5 att vara Breton\u00e4gare f\u00f6r att komma.<\/p>\n<p>Det vore bra om ni ville skicka ett mail eller sl\u00e5 en signal om ni \u00e4r intresserade av att komma s\u00e5 vi kan ber\u00e4kna hur m\u00e5nga vi blir. <strong>Hj\u00e4rtligt V\u00e4lkomna<\/strong><\/p>\n","protected":false},"excerpt":{"rendered":"<p>[singlepic id=267 w=320 h=240 float=right]Vi har funderat ett l\u00e4ngre tag om att samla de Bretoner med vidh\u00e4ngande hussar\/mattar f\u00f6r att bara tr\u00e4ffas och l\u00e4ra k\u00e4nna varandra lite b\u00e4ttre. Hur det \u00e4n \u00e4r s\u00e5 \u00e4r inte rasen s\u00e5 vanlig h\u00e4r nere i sydv\u00e4stra Sverige, men det finns \u00e4nd\u00e5 en del hundar och vi tycker det vore [&hellip;]<\/p>\n","protected":false},"author":1,"featured_media":0,"comment_status":"open","ping_status":"open","sticky":false,"template":"","format":"standard","meta":{"_crdt_document":"","advgb_blocks_editor_width":"","advgb_blocks_columns_visual_guide":"","_jetpack_memberships_contains_paid_content":false,"footnotes":""},"categories":[1],"tags":[],"class_list":["post-782","post","type-post","status-publish","format-standard","hentry","category-hem","entry"],"author_meta":{"display_name":"Peter &amp; Johanna","author_link":"https:\/\/almkullens.se\/?author=1"},"featured_img":null,"jetpack_featured_media_url":"","coauthors":[],"tax_additional":{"categories":{"linked":["<a href=\"https:\/\/almkullens.se\/?cat=1\" class=\"advgb-post-tax-term\">Hem<\/a>"],"unlinked":["<span class=\"advgb-post-tax-term\">Hem<\/span>"]}},"comment_count":"0","relative_dates":{"created":"Publicerad 15 \u00e5r sedan","modified":"Uppdaterad 15 \u00e5r sedan"},"absolute_dates":{"created":"Publicerat den 16 april, 2011","modified":"Uppdaterad den 30 april, 2011"},"absolute_dates_time":{"created":"Publicerat den 16 april, 2011 17:42","modified":"Uppdaterad den 30 april, 2011 07:33"},"featured_img_caption":"","series_order":"","jetpack_sharing_enabled":true,"_links":{"self":[{"href":"https:\/\/almkullens.se\/index.php?rest_route=\/wp\/v2\/posts\/782","targetHints":{"allow":["GET"]}}],"collection":[{"href":"https:\/\/almkullens.se\/index.php?rest_route=\/wp\/v2\/posts"}],"about":[{"href":"https:\/\/almkullens.se\/index.php?rest_route=\/wp\/v2\/types\/post"}],"author":[{"embeddable":true,"href":"https:\/\/almkullens.se\/index.php?rest_route=\/wp\/v2\/users\/1"}],"replies":[{"embeddable":true,"href":"https:\/\/almkullens.se\/index.php?rest_route=%2Fwp%2Fv2%2Fcomments&post=782"}],"version-history":[{"count":4,"href":"https:\/\/almkullens.se\/index.php?rest_route=\/wp\/v2\/posts\/782\/revisions"}],"predecessor-version":[{"id":804,"href":"https:\/\/almkullens.se\/index.php?rest_route=\/wp\/v2\/posts\/782\/revisions\/804"}],"wp:attachment":[{"href":"https:\/\/almkullens.se\/index.php?rest_route=%2Fwp%2Fv2%2Fmedia&parent=782"}],"wp:term":[{"taxonomy":"category","embeddable":true,"href":"https:\/\/almkullens.se\/index.php?rest_route=%2Fwp%2Fv2%2Fcategories&post=782"},{"taxonomy":"post_tag","embeddable":true,"href":"https:\/\/almkullens.se\/index.php?rest_route=%2Fwp%2Fv2%2Ftags&post=782"}],"curies":[{"name":"wp","href":"https:\/\/api.w.org\/{rel}","templated":true}]}}