{"id":7702,"date":"2017-01-12T16:36:43","date_gmt":"2017-01-12T15:36:43","guid":{"rendered":"http:\/\/almkullens.se\/?p=7702"},"modified":"2017-01-12T16:36:43","modified_gmt":"2017-01-12T15:36:43","slug":"traning-8","status":"publish","type":"post","link":"https:\/\/almkullens.se\/?p=7702","title":{"rendered":"Tr\u00e4ning!"},"content":{"rendered":"<figure id=\"attachment_6781\" aria-describedby=\"caption-attachment-6781\" style=\"width: 300px\" class=\"wp-caption alignright\"><a href=\"https:\/\/almkullens.se\/wp-content\/uploads\/2016\/03\/1516.jpg\" rel=\"lightbox[7702]\"><img loading=\"lazy\" decoding=\"async\" class=\"size-medium wp-image-6781\" src=\"https:\/\/almkullens.se\/wp-content\/uploads\/2016\/03\/1516-300x200.jpg\" alt=\"\" width=\"300\" height=\"200\" srcset=\"https:\/\/almkullens.se\/wp-content\/uploads\/2016\/03\/1516-300x200.jpg 300w, https:\/\/almkullens.se\/wp-content\/uploads\/2016\/03\/1516-768x512.jpg 768w, https:\/\/almkullens.se\/wp-content\/uploads\/2016\/03\/1516-1024x683.jpg 1024w, https:\/\/almkullens.se\/wp-content\/uploads\/2016\/03\/1516.jpg 1800w\" sizes=\"auto, (max-width: 300px) 100vw, 300px\" \/><\/a><figcaption id=\"caption-attachment-6781\" class=\"wp-caption-text\">Foppa l\u00e4mnar av till matte Pia<\/figcaption><\/figure>\n<p>Nu \u00e4r det dags att dra ig\u00e5ng &#8221;v\u00e5rens&#8221; tr\u00e4ningar!<\/p>\n<p>Alla breton\u00e4gare som\u00a0vill tr\u00e4na \u00e4r v\u00e4lkomna. Vi\u00a0startar h\u00e4r hemma hos oss i V\u00e4ne-Ryr s\u00f6ndagen\u00a0den 29\/1\u00a0klockan 10.00 \u00a0Sedan t\u00e4nkte\u00a0vi g\u00f6ra som tidigare och\u00a0vara p\u00e5 lite olika st\u00e4llen var tredje eller var fj\u00e4rde vecka (eller det som passar b\u00e4st f\u00f6r de flesta).<\/p>\n<p>Vi hj\u00e4lps \u00e5t med att tr\u00e4na och g\u00f6r s\u00e5 gott vi kan. Apportering och lydnad \u00e4r v\u00e4l det som kommer att vara p\u00e5 schemat f\u00f6r det mesta.<\/p>\n<div id=\"attachment_4921\" class=\"wp-caption alignleft\"><a href=\"https:\/\/almkullens.se\/wp-content\/uploads\/2015\/01\/801.jpg\" rel=\"lightbox[6475] attachment wp-att-4921\" data-slimstat-clicked=\"false\" data-slimstat-type=\"2\" data-slimstat-tracking=\"false\" data-slimstat-callback=\"false\"><img loading=\"lazy\" decoding=\"async\" class=\"size-medium wp-image-4921\" src=\"https:\/\/almkullens.se\/wp-content\/uploads\/2015\/01\/801-300x200.jpg\" sizes=\"auto, (max-width: 300px) 100vw, 300px\" srcset=\"https:\/\/almkullens.se\/wp-content\/uploads\/2015\/01\/801-300x200.jpg 300w, https:\/\/almkullens.se\/wp-content\/uploads\/2015\/01\/801-1024x683.jpg 1024w\" alt=\"Peter och Almkullens Castro bredvid Stig och Mizoras Disco\" width=\"300\" height=\"200\" \/><\/a><\/p>\n<p class=\"wp-caption-text\">.<\/p>\n<\/div>\n<p>\u00d6vriga datum best\u00e4mmer vi tillsammans f\u00f6rsta g\u00e5ngen. Det skall inte kosta n\u00e5got\u2026 Eventuellt s\u00e5 kan vi ordna med apportvilt till de som \u00f6nskar, men detta vill vi ha en slant f\u00f6r. Ta med fika!<\/p>\n<p>Anm\u00e4lan till oss p\u00e5 mailen <a href=\"mailto:almkullens@gmail.com\">almkullens@gmail.com<\/a> s\u00e5 vi vet hur m\u00e5nga som har lust att komma. Funderar du p\u00e5 n\u00e5got s\u00e5 ring, s\u00e5 f\u00f6rklarar vi hur vi har t\u00e4nkt.<\/p>\n<p>Peter &amp; Johanna<\/p>\n","protected":false},"excerpt":{"rendered":"<p>Nu \u00e4r det dags att dra ig\u00e5ng &#8221;v\u00e5rens&#8221; tr\u00e4ningar! Alla breton\u00e4gare som\u00a0vill tr\u00e4na \u00e4r v\u00e4lkomna. Vi\u00a0startar h\u00e4r hemma hos oss i V\u00e4ne-Ryr s\u00f6ndagen\u00a0den 29\/1\u00a0klockan 10.00 \u00a0Sedan t\u00e4nkte\u00a0vi g\u00f6ra som tidigare och\u00a0vara p\u00e5 lite olika st\u00e4llen var tredje eller var fj\u00e4rde vecka (eller det som passar b\u00e4st f\u00f6r de flesta). Vi hj\u00e4lps \u00e5t med att tr\u00e4na [&hellip;]<\/p>\n","protected":false},"author":1,"featured_media":0,"comment_status":"open","ping_status":"open","sticky":false,"template":"","format":"standard","meta":{"_crdt_document":"","advgb_blocks_editor_width":"","advgb_blocks_columns_visual_guide":"","_jetpack_memberships_contains_paid_content":false,"footnotes":""},"categories":[1],"tags":[],"class_list":["post-7702","post","type-post","status-publish","format-standard","hentry","category-hem","entry"],"author_meta":{"display_name":"Peter &amp; Johanna","author_link":"https:\/\/almkullens.se\/?author=1"},"featured_img":null,"jetpack_featured_media_url":"","coauthors":[],"tax_additional":{"categories":{"linked":["<a href=\"https:\/\/almkullens.se\/?cat=1\" class=\"advgb-post-tax-term\">Hem<\/a>"],"unlinked":["<span class=\"advgb-post-tax-term\">Hem<\/span>"]}},"comment_count":"1","relative_dates":{"created":"Publicerad 9 \u00e5r sedan","modified":"Uppdaterad 9 \u00e5r sedan"},"absolute_dates":{"created":"Publicerat den 12 januari, 2017","modified":"Uppdaterad den 12 januari, 2017"},"absolute_dates_time":{"created":"Publicerat den 12 januari, 2017 16:36","modified":"Uppdaterad den 12 januari, 2017 16:36"},"featured_img_caption":"","series_order":"","jetpack_sharing_enabled":true,"_links":{"self":[{"href":"https:\/\/almkullens.se\/index.php?rest_route=\/wp\/v2\/posts\/7702","targetHints":{"allow":["GET"]}}],"collection":[{"href":"https:\/\/almkullens.se\/index.php?rest_route=\/wp\/v2\/posts"}],"about":[{"href":"https:\/\/almkullens.se\/index.php?rest_route=\/wp\/v2\/types\/post"}],"author":[{"embeddable":true,"href":"https:\/\/almkullens.se\/index.php?rest_route=\/wp\/v2\/users\/1"}],"replies":[{"embeddable":true,"href":"https:\/\/almkullens.se\/index.php?rest_route=%2Fwp%2Fv2%2Fcomments&post=7702"}],"version-history":[{"count":2,"href":"https:\/\/almkullens.se\/index.php?rest_route=\/wp\/v2\/posts\/7702\/revisions"}],"predecessor-version":[{"id":7705,"href":"https:\/\/almkullens.se\/index.php?rest_route=\/wp\/v2\/posts\/7702\/revisions\/7705"}],"wp:attachment":[{"href":"https:\/\/almkullens.se\/index.php?rest_route=%2Fwp%2Fv2%2Fmedia&parent=7702"}],"wp:term":[{"taxonomy":"category","embeddable":true,"href":"https:\/\/almkullens.se\/index.php?rest_route=%2Fwp%2Fv2%2Fcategories&post=7702"},{"taxonomy":"post_tag","embeddable":true,"href":"https:\/\/almkullens.se\/index.php?rest_route=%2Fwp%2Fv2%2Ftags&post=7702"}],"curies":[{"name":"wp","href":"https:\/\/api.w.org\/{rel}","templated":true}]}}