{"id":7653,"date":"2016-12-28T10:51:17","date_gmt":"2016-12-28T09:51:17","guid":{"rendered":"http:\/\/almkullens.se\/?p=7653"},"modified":"2016-12-28T10:51:17","modified_gmt":"2016-12-28T09:51:17","slug":"aret-2016","status":"publish","type":"post","link":"https:\/\/almkullens.se\/?p=7653","title":{"rendered":"\u00c5ret 2016!"},"content":{"rendered":"<p><a href=\"https:\/\/almkullens.se\/wp-content\/uploads\/2016\/04\/Akira-e1460317974856.jpg\" rel=\"lightbox[7653]\"><img loading=\"lazy\" decoding=\"async\" class=\" wp-image-6828 alignright\" src=\"https:\/\/almkullens.se\/wp-content\/uploads\/2016\/04\/Akira-e1460317974856-279x300.jpg\" alt=\"\" width=\"233\" height=\"251\" srcset=\"https:\/\/almkullens.se\/wp-content\/uploads\/2016\/04\/Akira-e1460317974856-279x300.jpg 279w, https:\/\/almkullens.se\/wp-content\/uploads\/2016\/04\/Akira-e1460317974856.jpg 513w\" sizes=\"auto, (max-width: 233px) 100vw, 233px\" \/><\/a>Det h\u00e4r \u00e5ret blir sv\u00e5rslaget! Vi har fantastiska valpk\u00f6pare!<\/p>\n<p>Vi b\u00f6rjar med A-kullen! Stefan\u00a0och Akira startade upp \u00e5ret med att komma 4:a i segrarklassen och tog dagen efter sitt 3:e 1:a pris i Elitklass (Fj\u00e4ll) och blev d\u00e4rmed <strong>Svensk Jaktchampion!!!<\/strong>\u00a0Ett Stort GRATTIS!<br \/>\n <a href=\"https:\/\/almkullens.se\/wp-content\/uploads\/2016\/01\/3Q1A4906.jpg\" rel=\"lightbox[7653]\"><img loading=\"lazy\" decoding=\"async\" class=\"alignleft  wp-image-6514\" src=\"https:\/\/almkullens.se\/wp-content\/uploads\/2016\/01\/3Q1A4906-300x200.jpg\" alt=\"\" width=\"111\" height=\"74\" srcset=\"https:\/\/almkullens.se\/wp-content\/uploads\/2016\/01\/3Q1A4906-300x200.jpg 300w, https:\/\/almkullens.se\/wp-content\/uploads\/2016\/01\/3Q1A4906-768x512.jpg 768w, https:\/\/almkullens.se\/wp-content\/uploads\/2016\/01\/3Q1A4906-1024x683.jpg 1024w, https:\/\/almkullens.se\/wp-content\/uploads\/2016\/01\/3Q1A4906.jpg 1800w\" sizes=\"auto, (max-width: 111px) 100vw, 111px\" \/><\/a>Kullsystern, v\u00e5ran Aska fick\u00a0i februari 8 st valpar med H\u00e9rak de la Plaine Marat G-kullen. Jag startade Aska p\u00e5 Bretonklubbens f\u00f6rsta SM (F\u00e4lt) och vi\u00a0kom\u00a0p\u00e5 en 4 plats!<\/p>\n<p><figure id=\"attachment_6250\" aria-describedby=\"caption-attachment-6250\" style=\"width: 233px\" class=\"wp-caption alignleft\"><a href=\"https:\/\/almkullens.se\/wp-content\/uploads\/2014\/09\/3Q1A6306.jpg\" rel=\"lightbox[7653]\"><img loading=\"lazy\" decoding=\"async\" class=\"wp-image-6250\" src=\"https:\/\/almkullens.se\/wp-content\/uploads\/2014\/09\/3Q1A6306-300x200.jpg\" width=\"233\" height=\"156\" srcset=\"https:\/\/almkullens.se\/wp-content\/uploads\/2014\/09\/3Q1A6306-300x200.jpg 300w, https:\/\/almkullens.se\/wp-content\/uploads\/2014\/09\/3Q1A6306-1024x683.jpg 1024w, https:\/\/almkullens.se\/wp-content\/uploads\/2014\/09\/3Q1A6306.jpg 1800w\" sizes=\"auto, (max-width: 233px) 100vw, 233px\" \/><\/a><figcaption id=\"caption-attachment-6250\" class=\"wp-caption-text\">Almkullens Calla<\/figcaption><\/figure> <figure id=\"attachment_6775\" aria-describedby=\"caption-attachment-6775\" style=\"width: 105px\" class=\"wp-caption alignright\"><a href=\"https:\/\/almkullens.se\/wp-content\/uploads\/2016\/03\/1282.jpg\" rel=\"lightbox[7653]\"><img loading=\"lazy\" decoding=\"async\" class=\" wp-image-6775\" src=\"https:\/\/almkullens.se\/wp-content\/uploads\/2016\/03\/1282-300x200.jpg\" alt=\"\" width=\"105\" height=\"70\" srcset=\"https:\/\/almkullens.se\/wp-content\/uploads\/2016\/03\/1282-300x200.jpg 300w, https:\/\/almkullens.se\/wp-content\/uploads\/2016\/03\/1282-768x512.jpg 768w, https:\/\/almkullens.se\/wp-content\/uploads\/2016\/03\/1282-1024x683.jpg 1024w, https:\/\/almkullens.se\/wp-content\/uploads\/2016\/03\/1282.jpg 1800w\" sizes=\"auto, (max-width: 105px) 100vw, 105px\" \/><\/a><figcaption id=\"caption-attachment-6775\" class=\"wp-caption-text\">Almkullens Castro<\/figcaption><\/figure><\/p>\n<p>I C-kullen s\u00e5 har Pontus med\u00a0sin Calla tagit ett <strong>1:a pris i Elitklass<\/strong> (fj\u00e4ll)!<\/p>\n<figure id=\"attachment_6756\" aria-describedby=\"caption-attachment-6756\" style=\"width: 107px\" class=\"wp-caption alignleft\"><a href=\"https:\/\/almkullens.se\/wp-content\/uploads\/2016\/03\/156.jpg\" rel=\"lightbox[7653]\"><img loading=\"lazy\" decoding=\"async\" class=\" wp-image-6756\" src=\"https:\/\/almkullens.se\/wp-content\/uploads\/2016\/03\/156-300x200.jpg\" alt=\"\" width=\"107\" height=\"71\" srcset=\"https:\/\/almkullens.se\/wp-content\/uploads\/2016\/03\/156-300x200.jpg 300w, https:\/\/almkullens.se\/wp-content\/uploads\/2016\/03\/156-768x512.jpg 768w, https:\/\/almkullens.se\/wp-content\/uploads\/2016\/03\/156-1024x683.jpg 1024w, https:\/\/almkullens.se\/wp-content\/uploads\/2016\/03\/156.jpg 1800w\" sizes=\"auto, (max-width: 107px) 100vw, 107px\" \/><\/a><figcaption id=\"caption-attachment-6756\" class=\"wp-caption-text\">Almkullens Coda<\/figcaption><\/figure>\n<p>Peter har med Castro tagit ett 3:e pris \u00d6kl p\u00e5 f\u00e4lt och det har \u00e4ven Mirjam och Coda f\u00e5tt!<\/p>\n<p><figure id=\"attachment_6125\" aria-describedby=\"caption-attachment-6125\" style=\"width: 220px\" class=\"wp-caption alignleft\"><a href=\"https:\/\/almkullens.se\/wp-content\/uploads\/2015\/10\/3Q1A9880.jpg\" rel=\"lightbox[7653]\"><img loading=\"lazy\" decoding=\"async\" class=\" wp-image-6125\" src=\"https:\/\/almkullens.se\/wp-content\/uploads\/2015\/10\/3Q1A9880-300x200.jpg\" alt=\"\" width=\"220\" height=\"146\" srcset=\"https:\/\/almkullens.se\/wp-content\/uploads\/2015\/10\/3Q1A9880-300x200.jpg 300w, https:\/\/almkullens.se\/wp-content\/uploads\/2015\/10\/3Q1A9880-1024x683.jpg 1024w, https:\/\/almkullens.se\/wp-content\/uploads\/2015\/10\/3Q1A9880.jpg 1800w\" sizes=\"auto, (max-width: 220px) 100vw, 220px\" \/><\/a><figcaption id=\"caption-attachment-6125\" class=\"wp-caption-text\">Almkullens Embla<\/figcaption><\/figure> <figure id=\"attachment_5676\" aria-describedby=\"caption-attachment-5676\" style=\"width: 205px\" class=\"wp-caption alignright\"><a href=\"https:\/\/almkullens.se\/wp-content\/uploads\/2015\/08\/3Q1A1276.jpg\" rel=\"lightbox[7653]\"><img loading=\"lazy\" decoding=\"async\" class=\" wp-image-5676\" src=\"https:\/\/almkullens.se\/wp-content\/uploads\/2015\/08\/3Q1A1276-300x200.jpg\" alt=\"\" width=\"205\" height=\"136\" srcset=\"https:\/\/almkullens.se\/wp-content\/uploads\/2015\/08\/3Q1A1276-300x200.jpg 300w, https:\/\/almkullens.se\/wp-content\/uploads\/2015\/08\/3Q1A1276-1024x683.jpg 1024w, https:\/\/almkullens.se\/wp-content\/uploads\/2015\/08\/3Q1A1276.jpg 1800w\" sizes=\"auto, (max-width: 205px) 100vw, 205px\" \/><\/a><figcaption id=\"caption-attachment-5676\" class=\"wp-caption-text\">Almkullens Ebba \u00c4g: Karin Eriksson<\/figcaption><\/figure><\/p>\n<p>I E-kullen s\u00e5 har Helge med Embla f\u00e5tt 2 st 3 pris i \u00d6kl F\u00e4lt och Excellent p\u00e5 Utst\u00e4llning. Karin och Ebba har f\u00e5tt ett 3 pris \u00d6kl Fj\u00e4ll och<\/p>\n<p><figure id=\"attachment_7454\" aria-describedby=\"caption-attachment-7454\" style=\"width: 226px\" class=\"wp-caption alignright\"><a href=\"https:\/\/almkullens.se\/wp-content\/uploads\/2016\/10\/692.jpg\" rel=\"lightbox[7653]\"><img loading=\"lazy\" decoding=\"async\" class=\" wp-image-7454\" src=\"https:\/\/almkullens.se\/wp-content\/uploads\/2016\/10\/692-300x200.jpg\" alt=\"\" width=\"226\" height=\"150\" srcset=\"https:\/\/almkullens.se\/wp-content\/uploads\/2016\/10\/692-300x200.jpg 300w, https:\/\/almkullens.se\/wp-content\/uploads\/2016\/10\/692-768x512.jpg 768w, https:\/\/almkullens.se\/wp-content\/uploads\/2016\/10\/692-1024x683.jpg 1024w, https:\/\/almkullens.se\/wp-content\/uploads\/2016\/10\/692.jpg 1800w\" sizes=\"auto, (max-width: 226px) 100vw, 226px\" \/><\/a><figcaption id=\"caption-attachment-7454\" class=\"wp-caption-text\">Almkullens Eros<\/figcaption><\/figure> <figure id=\"attachment_6227\" aria-describedby=\"caption-attachment-6227\" style=\"width: 233px\" class=\"wp-caption alignleft\"><a href=\"https:\/\/almkullens.se\/wp-content\/uploads\/2014\/09\/3Q1A2124.jpg\" rel=\"lightbox[7653]\"><img loading=\"lazy\" decoding=\"async\" class=\"wp-image-6227\" src=\"https:\/\/almkullens.se\/wp-content\/uploads\/2014\/09\/3Q1A2124-300x200.jpg\" width=\"233\" height=\"155\" srcset=\"https:\/\/almkullens.se\/wp-content\/uploads\/2014\/09\/3Q1A2124-300x200.jpg 300w, https:\/\/almkullens.se\/wp-content\/uploads\/2014\/09\/3Q1A2124-1024x683.jpg 1024w, https:\/\/almkullens.se\/wp-content\/uploads\/2014\/09\/3Q1A2124.jpg 1800w\" sizes=\"auto, (max-width: 233px) 100vw, 233px\" \/><\/a><figcaption id=\"caption-attachment-6227\" class=\"wp-caption-text\">Almkullens Eamon<\/figcaption><\/figure><\/p>\n<p>Mia med sin\u00a0Eamon har f\u00e5tt ett VG p\u00e5 Utst. \u00c4ven Tove och Eros har varit p\u00e5 utst\u00e4llning och fick d\u00e4r ett Excellent!<\/p>\n<p>S\u00e5 kommer vi d\u00e5 till F-kullen, d\u00e4r <strong>ALLA i kullen har tagit 1:a pris p\u00e5 jaktprov!!!<\/strong> Sammanlagt s\u00e5 har denna kullen i \u00e5r tagit 14 1:a pris!!! I 4 olika l\u00e4nder&#8230; 3 av dom har dessutom f\u00e5tt HP&#8230;! 2 av dessa unghundar har dessutom tagit 1:a pris i \u00d6kl och \u00e4r nu Elithundar!<\/p>\n<figure id=\"attachment_7268\" aria-describedby=\"caption-attachment-7268\" style=\"width: 261px\" class=\"wp-caption alignright\"><a href=\"https:\/\/almkullens.se\/wp-content\/uploads\/2016\/08\/510.jpg\" rel=\"lightbox[7653]\"><img loading=\"lazy\" decoding=\"async\" class=\" wp-image-7268\" src=\"https:\/\/almkullens.se\/wp-content\/uploads\/2016\/08\/510-300x200.jpg\" alt=\"\" width=\"261\" height=\"174\" srcset=\"https:\/\/almkullens.se\/wp-content\/uploads\/2016\/08\/510-300x200.jpg 300w, https:\/\/almkullens.se\/wp-content\/uploads\/2016\/08\/510-768x512.jpg 768w, https:\/\/almkullens.se\/wp-content\/uploads\/2016\/08\/510-1024x683.jpg 1024w, https:\/\/almkullens.se\/wp-content\/uploads\/2016\/08\/510.jpg 1800w\" sizes=\"auto, (max-width: 261px) 100vw, 261px\" \/><\/a><figcaption id=\"caption-attachment-7268\" class=\"wp-caption-text\">Almkullens Fia<\/figcaption><\/figure>\n<p>Vi b\u00f6rjar med v\u00e5ran Fia, <br \/>\n hon har f\u00e5tt <strong>5\u00a0st 1:a pris<\/strong> och ett\u00a02 pris, <br \/>\n F\u00e4lt: 1 Ukl Danmark<br \/>\n \u00a0 \u00a0 \u00a0 \u00a0 \u00a01 Ukl<br \/>\n \u00a0 \u00a0 \u00a0 \u00a0 \u00a02 Ukl<br \/>\n \u00a0 \u00a0 \u00a0 \u00a0 \u00a01 \u00d6kl<br \/>\n \u00a0 \u00a0 \u00a0 \u00a0 \u00a01 HP Ukl<br \/>\n \u00a0 \u00a0 \u00a0 \u00a0 \u00a01 Ukl<br \/>\n Eftersom hon har tagit\u00a0ett 1:a pris i \u00d6kl s\u00e5\u00a0f\u00e5r hon nu starta i Elitklass! Hon \u00e4r visad p\u00e5 2 st utst\u00e4llningar och fick CERT p\u00e5 b\u00e5da BIR och Bis 3 p\u00e5 en och BIM p\u00e5 den andra.<\/p>\n<figure id=\"attachment_7236\" aria-describedby=\"caption-attachment-7236\" style=\"width: 260px\" class=\"wp-caption alignleft\"><a href=\"https:\/\/almkullens.se\/wp-content\/uploads\/2016\/08\/686.jpg\" rel=\"lightbox[7653]\"><img loading=\"lazy\" decoding=\"async\" class=\" wp-image-7236\" src=\"https:\/\/almkullens.se\/wp-content\/uploads\/2016\/08\/686-300x200.jpg\" alt=\"\" width=\"260\" height=\"174\" srcset=\"https:\/\/almkullens.se\/wp-content\/uploads\/2016\/08\/686-300x200.jpg 300w, https:\/\/almkullens.se\/wp-content\/uploads\/2016\/08\/686-768x512.jpg 768w, https:\/\/almkullens.se\/wp-content\/uploads\/2016\/08\/686-1024x683.jpg 1024w, https:\/\/almkullens.se\/wp-content\/uploads\/2016\/08\/686.jpg 1800w\" sizes=\"auto, (max-width: 260px) 100vw, 260px\" \/><\/a><figcaption id=\"caption-attachment-7236\" class=\"wp-caption-text\">Almkullens Foppa<\/figcaption><\/figure>\n<p>Almkullens Foppa med matte Pia har tagit <strong>3 st 1:a pris<\/strong>, och tv\u00e5\u00a02 pris!<br \/>\n F\u00e4lt: \u00a01 Ukl Danmark<br \/>\n \u00a0 \u00a0 \u00a0 \u00a0 \u00a0 \u00a01 HP Ukl<br \/>\n Fj\u00e4ll: 2 \u00d6kl<br \/>\n F\u00e4lt: \u00a02 \u00d6kl<br \/>\n \u00a0 \u00a0 \u00a0 \u00a0 \u00a0 \u00a01 \u00d6kl<br \/>\n Foppa \u00e4r ocks\u00e5\u00a0klar f\u00f6r Elitklass! Han \u00e4r ocks\u00e5 visad p\u00e5 2 utst\u00e4llningar och fick CERT p\u00e5 b\u00e5da, BIR och BIM.<\/p>\n<figure id=\"attachment_6773\" aria-describedby=\"caption-attachment-6773\" style=\"width: 261px\" class=\"wp-caption alignright\"><a href=\"https:\/\/almkullens.se\/wp-content\/uploads\/2016\/03\/1206.jpg\" rel=\"lightbox[7653]\"><img loading=\"lazy\" decoding=\"async\" class=\" wp-image-6773\" src=\"https:\/\/almkullens.se\/wp-content\/uploads\/2016\/03\/1206-300x200.jpg\" alt=\"\" width=\"261\" height=\"174\" srcset=\"https:\/\/almkullens.se\/wp-content\/uploads\/2016\/03\/1206-300x200.jpg 300w, https:\/\/almkullens.se\/wp-content\/uploads\/2016\/03\/1206-768x512.jpg 768w, https:\/\/almkullens.se\/wp-content\/uploads\/2016\/03\/1206-1024x683.jpg 1024w, https:\/\/almkullens.se\/wp-content\/uploads\/2016\/03\/1206.jpg 1800w\" sizes=\"auto, (max-width: 261px) 100vw, 261px\" \/><\/a><figcaption id=\"caption-attachment-6773\" class=\"wp-caption-text\">Almkullens Freja<\/figcaption><\/figure>\n<p>Freja med husse Anders har tagit <strong>3st 1:a pris<\/strong> ett 2 pris och ett 3 pris!<br \/>\n F\u00e4lt: 1 Ukl<br \/>\n \u00a0 \u00a0 \u00a0 \u00a0 \u00a02 Ukl<br \/>\n \u00a0 \u00a0 \u00a0 \u00a0 \u00a01 Ukl Norge<br \/>\n \u00a0 \u00a0 \u00a0 \u00a0 \u00a01 Ukl Norge<br \/>\n \u00a0 \u00a0 \u00a0 \u00a0 \u00a03 Ukl Norge<\/p>\n<p><figure id=\"attachment_7458\" aria-describedby=\"caption-attachment-7458\" style=\"width: 292px\" class=\"wp-caption alignleft\"><a href=\"https:\/\/almkullens.se\/wp-content\/uploads\/2016\/10\/956.jpg\" rel=\"lightbox[7653]\"><img loading=\"lazy\" decoding=\"async\" class=\" wp-image-7458\" src=\"https:\/\/almkullens.se\/wp-content\/uploads\/2016\/10\/956-300x200.jpg\" alt=\"\" width=\"292\" height=\"194\" srcset=\"https:\/\/almkullens.se\/wp-content\/uploads\/2016\/10\/956-300x200.jpg 300w, https:\/\/almkullens.se\/wp-content\/uploads\/2016\/10\/956-768x512.jpg 768w, https:\/\/almkullens.se\/wp-content\/uploads\/2016\/10\/956-1024x683.jpg 1024w, https:\/\/almkullens.se\/wp-content\/uploads\/2016\/10\/956.jpg 1800w\" sizes=\"auto, (max-width: 292px) 100vw, 292px\" \/><\/a><figcaption id=\"caption-attachment-7458\" class=\"wp-caption-text\">Almkullens Flying Flua \u00c4g: Bj\u00f6rn Dan\u00e5s<\/figcaption><\/figure> <figure id=\"attachment_7015\" aria-describedby=\"caption-attachment-7015\" style=\"width: 281px\" class=\"wp-caption alignright\"><a href=\"https:\/\/almkullens.se\/wp-content\/uploads\/2016\/06\/Almkullens-Frasse-e1466269441302.jpg\" rel=\"lightbox[7653]\"><img loading=\"lazy\" decoding=\"async\" class=\"wp-image-7015\" src=\"https:\/\/almkullens.se\/wp-content\/uploads\/2016\/06\/Almkullens-Frasse-e1466269441302-300x226.jpg\" width=\"281\" height=\"211\" srcset=\"https:\/\/almkullens.se\/wp-content\/uploads\/2016\/06\/Almkullens-Frasse-e1466269441302-300x226.jpg 300w, https:\/\/almkullens.se\/wp-content\/uploads\/2016\/06\/Almkullens-Frasse-e1466269441302-768x579.jpg 768w, https:\/\/almkullens.se\/wp-content\/uploads\/2016\/06\/Almkullens-Frasse-e1466269441302-1024x772.jpg 1024w, https:\/\/almkullens.se\/wp-content\/uploads\/2016\/06\/Almkullens-Frasse-e1466269441302.jpg 1126w\" sizes=\"auto, (max-width: 281px) 100vw, 281px\" \/><\/a><figcaption id=\"caption-attachment-7015\" class=\"wp-caption-text\">Almkullens Frasse<\/figcaption><\/figure><\/p>\n<p>Almkullens Flying Flua har med husse Bj\u00f6rn tagit <strong>2 st 1:a pris!<\/strong> Varav ett \u00e4r med HP! B\u00e5da i Ukl.<\/p>\n<p>&nbsp;<\/p>\n<p>&nbsp;<\/p>\n<p>Almkullens Frasse som bor i Finland med husse Kenneth fick <strong>1:a pris<\/strong> Ukl\u00a0i Junkkari, Med 91 po\u00e4ng (av 100 m\u00f6jliga) s\u00e5 blev han n\u00e4st b\u00e4sta hund och vidare till semifinal! (19 av ca 300 hundar gick\u00a0till semi!)<br \/>\n Frasse har \u00e4ven tagit ett 2 pris i \u00d6kl p\u00e5 Finska bretonm\u00e4sterskapet. <br \/>\nFrasse fick Excellent p\u00e5 Junkkaris rasm\u00f6nstring och tog maxpo\u00e4ng p\u00e5 efters\u00f6ksgrenarna i b\u00e5de Ukl och \u00d6kl!<\/p>\n<figure id=\"attachment_7180\" aria-describedby=\"caption-attachment-7180\" style=\"width: 249px\" class=\"wp-caption alignleft\"><a href=\"https:\/\/almkullens.se\/wp-content\/uploads\/2016\/08\/717.jpg\" rel=\"lightbox[7653]\"><img loading=\"lazy\" decoding=\"async\" class=\" wp-image-7180\" src=\"https:\/\/almkullens.se\/wp-content\/uploads\/2016\/08\/717-300x225.jpg\" alt=\"\" width=\"249\" height=\"187\" srcset=\"https:\/\/almkullens.se\/wp-content\/uploads\/2016\/08\/717-300x225.jpg 300w, https:\/\/almkullens.se\/wp-content\/uploads\/2016\/08\/717-768x576.jpg 768w, https:\/\/almkullens.se\/wp-content\/uploads\/2016\/08\/717-1024x768.jpg 1024w, https:\/\/almkullens.se\/wp-content\/uploads\/2016\/08\/717.jpg 1800w\" sizes=\"auto, (max-width: 249px) 100vw, 249px\" \/><\/a><figcaption id=\"caption-attachment-7180\" class=\"wp-caption-text\">Mirjam o Almkullens Gimli<\/figcaption><\/figure>\n<p>&nbsp;<\/p>\n<p>I G-kullen s\u00e5 har Mirjam visat Gimli p\u00e5 utst\u00e4llning och f\u00e5tt i Valpkl 6-9 m\u00e5n: 1 HP Bir valp X3 Bis2 valpX2!<\/p>\n<figure id=\"attachment_7631\" aria-describedby=\"caption-attachment-7631\" style=\"width: 227px\" class=\"wp-caption alignright\"><a href=\"https:\/\/almkullens.se\/wp-content\/uploads\/2016\/12\/151.jpg\" rel=\"lightbox[7653]\"><img loading=\"lazy\" decoding=\"async\" class=\"wp-image-7631\" src=\"https:\/\/almkullens.se\/wp-content\/uploads\/2016\/12\/151-300x200.jpg\" width=\"227\" height=\"151\" srcset=\"https:\/\/almkullens.se\/wp-content\/uploads\/2016\/12\/151-300x200.jpg 300w, https:\/\/almkullens.se\/wp-content\/uploads\/2016\/12\/151-768x512.jpg 768w, https:\/\/almkullens.se\/wp-content\/uploads\/2016\/12\/151-1024x683.jpg 1024w, https:\/\/almkullens.se\/wp-content\/uploads\/2016\/12\/151.jpg 1800w\" sizes=\"auto, (max-width: 227px) 100vw, 227px\" \/><\/a><figcaption id=\"caption-attachment-7631\" class=\"wp-caption-text\">Almkullens Gideon<\/figcaption><\/figure>\n<p>Sangita har visat Gideon och fick i Junkl: Very Good<\/p>\n<figure id=\"attachment_7584\" aria-describedby=\"caption-attachment-7584\" style=\"width: 316px\" class=\"wp-caption alignleft\"><a href=\"https:\/\/almkullens.se\/wp-content\/uploads\/2016\/11\/657.jpg\" rel=\"lightbox[7653]\"><img loading=\"lazy\" decoding=\"async\" class=\"wp-image-7584 \" src=\"https:\/\/almkullens.se\/wp-content\/uploads\/2016\/11\/657-300x225.jpg\" width=\"316\" height=\"237\" srcset=\"https:\/\/almkullens.se\/wp-content\/uploads\/2016\/11\/657-300x225.jpg 300w, https:\/\/almkullens.se\/wp-content\/uploads\/2016\/11\/657-768x576.jpg 768w, https:\/\/almkullens.se\/wp-content\/uploads\/2016\/11\/657-1024x768.jpg 1024w, https:\/\/almkullens.se\/wp-content\/uploads\/2016\/11\/657.jpg 1800w\" sizes=\"auto, (max-width: 316px) 100vw, 316px\" \/><\/a><figcaption id=\"caption-attachment-7584\" class=\"wp-caption-text\">Almkullens Gucci<\/figcaption><\/figure>\n<p>\u00c4ven v\u00e5ran Gucci har varit p\u00e5 utst\u00e4llning.<br \/>\n Valpkl 6-9 m\u00e5n: 1 HP<\/p>\n<p>Ett stort, stort GRATTIS till alla som g\u00e5tt till pris och stort, stort TACK till alla v\u00e5ra duktiga valpk\u00f6pare som k\u00e4mpar p\u00e5 och tar s\u00e5 v\u00e4l hand om de sm\u00e5 liven som ni f\u00e5tt hem till er !!!\u00a0 ?<\/p>\n","protected":false},"excerpt":{"rendered":"<p>Det h\u00e4r \u00e5ret blir sv\u00e5rslaget! Vi har fantastiska valpk\u00f6pare! Vi b\u00f6rjar med A-kullen! Stefan\u00a0och Akira startade upp \u00e5ret med att komma 4:a i segrarklassen och tog dagen efter sitt 3:e 1:a pris i Elitklass (Fj\u00e4ll) och blev d\u00e4rmed Svensk Jaktchampion!!!\u00a0Ett Stort GRATTIS! Kullsystern, v\u00e5ran Aska fick\u00a0i februari 8 st valpar med H\u00e9rak de la Plaine [&hellip;]<\/p>\n","protected":false},"author":1,"featured_media":0,"comment_status":"open","ping_status":"open","sticky":false,"template":"","format":"standard","meta":{"_crdt_document":"","advgb_blocks_editor_width":"","advgb_blocks_columns_visual_guide":"","_jetpack_memberships_contains_paid_content":false,"footnotes":""},"categories":[1],"tags":[],"class_list":["post-7653","post","type-post","status-publish","format-standard","hentry","category-hem","entry"],"author_meta":{"display_name":"Peter &amp; Johanna","author_link":"https:\/\/almkullens.se\/?author=1"},"featured_img":null,"jetpack_featured_media_url":"","coauthors":[],"tax_additional":{"categories":{"linked":["<a href=\"https:\/\/almkullens.se\/?cat=1\" class=\"advgb-post-tax-term\">Hem<\/a>"],"unlinked":["<span class=\"advgb-post-tax-term\">Hem<\/span>"]}},"comment_count":"4","relative_dates":{"created":"Publicerad 9 \u00e5r sedan","modified":"Uppdaterad 9 \u00e5r sedan"},"absolute_dates":{"created":"Publicerat den 28 december, 2016","modified":"Uppdaterad den 28 december, 2016"},"absolute_dates_time":{"created":"Publicerat den 28 december, 2016 10:51","modified":"Uppdaterad den 28 december, 2016 10:51"},"featured_img_caption":"","series_order":"","jetpack_sharing_enabled":true,"_links":{"self":[{"href":"https:\/\/almkullens.se\/index.php?rest_route=\/wp\/v2\/posts\/7653","targetHints":{"allow":["GET"]}}],"collection":[{"href":"https:\/\/almkullens.se\/index.php?rest_route=\/wp\/v2\/posts"}],"about":[{"href":"https:\/\/almkullens.se\/index.php?rest_route=\/wp\/v2\/types\/post"}],"author":[{"embeddable":true,"href":"https:\/\/almkullens.se\/index.php?rest_route=\/wp\/v2\/users\/1"}],"replies":[{"embeddable":true,"href":"https:\/\/almkullens.se\/index.php?rest_route=%2Fwp%2Fv2%2Fcomments&post=7653"}],"version-history":[{"count":25,"href":"https:\/\/almkullens.se\/index.php?rest_route=\/wp\/v2\/posts\/7653\/revisions"}],"predecessor-version":[{"id":7688,"href":"https:\/\/almkullens.se\/index.php?rest_route=\/wp\/v2\/posts\/7653\/revisions\/7688"}],"wp:attachment":[{"href":"https:\/\/almkullens.se\/index.php?rest_route=%2Fwp%2Fv2%2Fmedia&parent=7653"}],"wp:term":[{"taxonomy":"category","embeddable":true,"href":"https:\/\/almkullens.se\/index.php?rest_route=%2Fwp%2Fv2%2Fcategories&post=7653"},{"taxonomy":"post_tag","embeddable":true,"href":"https:\/\/almkullens.se\/index.php?rest_route=%2Fwp%2Fv2%2Ftags&post=7653"}],"curies":[{"name":"wp","href":"https:\/\/api.w.org\/{rel}","templated":true}]}}