{"id":7590,"date":"2016-11-16T07:22:14","date_gmt":"2016-11-16T06:22:14","guid":{"rendered":"http:\/\/almkullens.se\/?p=7590"},"modified":"2016-11-17T07:16:50","modified_gmt":"2016-11-17T06:16:50","slug":"debutanter","status":"publish","type":"post","link":"https:\/\/almkullens.se\/?p=7590","title":{"rendered":"Debutanter"},"content":{"rendered":"<p><a href=\"https:\/\/almkullens.se\/wp-content\/uploads\/2016\/11\/Gaia-Glittra.jpg\" rel=\"lightbox[7590]\"><img loading=\"lazy\" decoding=\"async\" class=\"alignright  wp-image-7591\" src=\"https:\/\/almkullens.se\/wp-content\/uploads\/2016\/11\/Gaia-Glittra-300x207.jpg\" alt=\"gaia-glittra\" width=\"304\" height=\"210\" srcset=\"https:\/\/almkullens.se\/wp-content\/uploads\/2016\/11\/Gaia-Glittra-300x207.jpg 300w, https:\/\/almkullens.se\/wp-content\/uploads\/2016\/11\/Gaia-Glittra-768x531.jpg 768w, https:\/\/almkullens.se\/wp-content\/uploads\/2016\/11\/Gaia-Glittra-1024x708.jpg 1024w, https:\/\/almkullens.se\/wp-content\/uploads\/2016\/11\/Gaia-Glittra.jpg 1600w\" sizes=\"auto, (max-width: 304px) 100vw, 304px\" \/><\/a>I S\u00f6ndags deltog Cristher med Gaia och Patrich med sin Glittra p\u00e5 sina f\u00f6rsta jaktprov endast 9 m\u00e5n o 4 dagar gamla!<\/p>\n<p>Provet var ett s\u00e4rskilt skogsprov och b\u00e5de Gaia och\u00a0Glittra sk\u00f6tte sig galant!<br \/>\n <a href=\"https:\/\/almkullens.se\/wp-content\/uploads\/2016\/11\/Gaia-e1479276000949.jpg\" rel=\"lightbox[7590]\"><img loading=\"lazy\" decoding=\"async\" class=\"wp-image-7592 alignleft\" src=\"https:\/\/almkullens.se\/wp-content\/uploads\/2016\/11\/Gaia-e1479276000949-300x186.jpg\" alt=\"gaia\" width=\"281\" height=\"174\" srcset=\"https:\/\/almkullens.se\/wp-content\/uploads\/2016\/11\/Gaia-e1479276000949-300x186.jpg 300w, https:\/\/almkullens.se\/wp-content\/uploads\/2016\/11\/Gaia-e1479276000949-768x476.jpg 768w, https:\/\/almkullens.se\/wp-content\/uploads\/2016\/11\/Gaia-e1479276000949-1024x634.jpg 1024w, https:\/\/almkullens.se\/wp-content\/uploads\/2016\/11\/Gaia-e1479276000949.jpg 1556w\" sizes=\"auto, (max-width: 281px) 100vw, 281px\" \/><\/a>Tyv\u00e4rr s\u00e5 var inte f\u00e5glarna samarbetsvilliga men b\u00e5da\u00a0visade upp ett utm\u00e4rkt s\u00f6k och fick med sig\u00a0bra med mark, b\u00e5da gick f\u00f6r ett f\u00f6rstapris (f\u00f6r klassen) om de f\u00e5tt till godk\u00e4nda f\u00e5gelsituationer. Domare var Erling Vikman.<a href=\"https:\/\/almkullens.se\/wp-content\/uploads\/2016\/11\/Glittras-f\u00f6rsta-ripa.jpg\" rel=\"lightbox[7590]\"><img loading=\"lazy\" decoding=\"async\" class=\"alignright size-medium wp-image-7594\" src=\"https:\/\/almkullens.se\/wp-content\/uploads\/2016\/11\/Glittras-f\u00f6rsta-ripa-300x169.jpg\" alt=\"glittras-forsta-ripa\" width=\"300\" height=\"169\" srcset=\"https:\/\/almkullens.se\/wp-content\/uploads\/2016\/11\/Glittras-f\u00f6rsta-ripa-300x169.jpg 300w, https:\/\/almkullens.se\/wp-content\/uploads\/2016\/11\/Glittras-f\u00f6rsta-ripa-768x432.jpg 768w, https:\/\/almkullens.se\/wp-content\/uploads\/2016\/11\/Glittras-f\u00f6rsta-ripa.jpg 960w\" sizes=\"auto, (max-width: 300px) 100vw, 300px\" \/><\/a><\/p>\n<p>H\u00e4r kommer ocks\u00e5 en bild p\u00e5 Glittra och hennes f\u00f6rsta ripa! (Vi andra med G-valpar k\u00e4nner ingen som helst press&#8230;)<br \/>\n(alla foton: Patrich Orresol)<\/p>\n<p>Det \u00e4r fantastiskt roligt\u00a0att ni har hunnit med att &#8221;f\u00e5 till&#8221; era hundar s\u00e5 bra redan\u00a0 \ud83d\ude00\u00a0<br \/>\n Det sporrar oss andra!!<\/p>\n","protected":false},"excerpt":{"rendered":"<p>I S\u00f6ndags deltog Cristher med Gaia och Patrich med sin Glittra p\u00e5 sina f\u00f6rsta jaktprov endast 9 m\u00e5n o 4 dagar gamla! Provet var ett s\u00e4rskilt skogsprov och b\u00e5de Gaia och\u00a0Glittra sk\u00f6tte sig galant! Tyv\u00e4rr s\u00e5 var inte f\u00e5glarna samarbetsvilliga men b\u00e5da\u00a0visade upp ett utm\u00e4rkt s\u00f6k och fick med sig\u00a0bra med mark, b\u00e5da gick f\u00f6r [&hellip;]<\/p>\n","protected":false},"author":1,"featured_media":0,"comment_status":"open","ping_status":"open","sticky":false,"template":"","format":"standard","meta":{"_crdt_document":"","advgb_blocks_editor_width":"","advgb_blocks_columns_visual_guide":"","_jetpack_memberships_contains_paid_content":false,"footnotes":""},"categories":[1],"tags":[],"class_list":["post-7590","post","type-post","status-publish","format-standard","hentry","category-hem","entry"],"author_meta":{"display_name":"Peter &amp; Johanna","author_link":"https:\/\/almkullens.se\/?author=1"},"featured_img":null,"jetpack_featured_media_url":"","coauthors":[],"tax_additional":{"categories":{"linked":["<a href=\"https:\/\/almkullens.se\/?cat=1\" class=\"advgb-post-tax-term\">Hem<\/a>"],"unlinked":["<span class=\"advgb-post-tax-term\">Hem<\/span>"]}},"comment_count":"1","relative_dates":{"created":"Publicerad 9 \u00e5r sedan","modified":"Uppdaterad 9 \u00e5r sedan"},"absolute_dates":{"created":"Publicerat den 16 november, 2016","modified":"Uppdaterad den 17 november, 2016"},"absolute_dates_time":{"created":"Publicerat den 16 november, 2016 07:22","modified":"Uppdaterad den 17 november, 2016 07:16"},"featured_img_caption":"","series_order":"","jetpack_sharing_enabled":true,"_links":{"self":[{"href":"https:\/\/almkullens.se\/index.php?rest_route=\/wp\/v2\/posts\/7590","targetHints":{"allow":["GET"]}}],"collection":[{"href":"https:\/\/almkullens.se\/index.php?rest_route=\/wp\/v2\/posts"}],"about":[{"href":"https:\/\/almkullens.se\/index.php?rest_route=\/wp\/v2\/types\/post"}],"author":[{"embeddable":true,"href":"https:\/\/almkullens.se\/index.php?rest_route=\/wp\/v2\/users\/1"}],"replies":[{"embeddable":true,"href":"https:\/\/almkullens.se\/index.php?rest_route=%2Fwp%2Fv2%2Fcomments&post=7590"}],"version-history":[{"count":8,"href":"https:\/\/almkullens.se\/index.php?rest_route=\/wp\/v2\/posts\/7590\/revisions"}],"predecessor-version":[{"id":7603,"href":"https:\/\/almkullens.se\/index.php?rest_route=\/wp\/v2\/posts\/7590\/revisions\/7603"}],"wp:attachment":[{"href":"https:\/\/almkullens.se\/index.php?rest_route=%2Fwp%2Fv2%2Fmedia&parent=7590"}],"wp:term":[{"taxonomy":"category","embeddable":true,"href":"https:\/\/almkullens.se\/index.php?rest_route=%2Fwp%2Fv2%2Fcategories&post=7590"},{"taxonomy":"post_tag","embeddable":true,"href":"https:\/\/almkullens.se\/index.php?rest_route=%2Fwp%2Fv2%2Ftags&post=7590"}],"curies":[{"name":"wp","href":"https:\/\/api.w.org\/{rel}","templated":true}]}}