{"id":758,"date":"2011-04-04T18:55:00","date_gmt":"2011-04-04T18:55:00","guid":{"rendered":"http:\/\/almkullens.se\/?p=758"},"modified":"2011-04-07T03:44:01","modified_gmt":"2011-04-07T03:44:01","slug":"kurs-start-varen-ar-har","status":"publish","type":"post","link":"https:\/\/almkullens.se\/?p=758","title":{"rendered":"Kurs start = V\u00e5ren \u00e4r h\u00e4r??"},"content":{"rendered":"<p>[singlepic id=258 w=320 h=240 float=right]\u00a0N\u00e4r vi tittar ut s\u00e5 \u00e4r det knappt att det g\u00e5r att tro att v\u00e5ren \u00e4r kommen f\u00f6r det finns b\u00e5de is och sn\u00f6 kvar, men likv\u00e4l s\u00e5 \u00e4r det nog v\u00e5r f\u00f6r v\u00e5rens hund kurs har ju startat.<\/p>\n<p>I s\u00f6ndags s\u00e5 m\u00f6tte det upp 9st hundar med hussar och mattar som ville vara med h\u00e4r och tr\u00e4na lite hund och f\u00f6rhoppningsvis vill k\u00f6pa det jag\/vi har att l\u00e4ra ut. Det var en brokig blandning med hundraser som ska vara med eller vad s\u00e4gs om 3st korth\u00e5riga Vorsteh, 2st Breton, 2st Weimaraner , 1 Drent och ett str\u00e4vh\u00e5r. <!--more-->Hundarnas \u00e5lder var blandad mellan 8 m\u00e5nader till 3 \u00e5r s\u00e5 det kommer bli lite trix och knep f\u00f6r att alla ska f\u00e5 ut maximalt av vad som kan vara l\u00e4mpligt och m\u00f6jligt att g\u00f6ra med hundarna. Jag \u00e4r glad f\u00f6r att hundarna var \u00e4nd\u00e5 ganska s\u00e5 tr\u00e4nade f\u00f6r det var ingen som kom med hunden i ett stadigt grepp om kopplet och hade ett frustande vilddjur i \u00e4nden. Jag \u00e4r helt s\u00e4ker p\u00e5 att alla kommer att g\u00f6ra stora framsteg bara f\u00f6rarna g\u00f6r sin heml\u00e4xa och tr\u00e4nar flitigt mellan g\u00e5ngerna =)<\/p>\n<p>Sj\u00e4lv s\u00e5 ska jag till Vemdalen till helgen f\u00f6r att g\u00e5 som domarelev och samtidigt starta Riva p\u00e5 \u00a0jaktprov och detta p\u00e5 ett underlag som hon aldrig har hittat f\u00e5gel p\u00e5 tidigare. Hur \u00e4r man skapt?? Riva \u00e4r ju Johannas hund och henne har jag bara f\u00f6rt p\u00e5 g\u00e5rdsplanen men knappt aldrig i en f\u00e5gelsituation s\u00e5 vi f\u00e5r v\u00e4l se hur detta slutar. N\u00e5ja, detta kommer att \u00a0bli j\u00e4tteskoj ialla fall \u00e4ven om det skulle k\u00e4nnas mera bekv\u00e4mt om jag hade stoppat Elva i bilen ist\u00e4llet och haft med henne. Det kommer v\u00e4l fler v\u00e5rprov f\u00e5r vi hoppas och d\u00e5 kanske hon f\u00e5r k\u00e4nna p\u00e5 hur det \u00e4r att springa p\u00e5 sn\u00f6vidder och s\u00f6ka efter vita vingar. Men h\u00e5ll tummarna f\u00f6r oss \u00e4r ni hyggliga&#8230;[nggallery id=11]<\/p>\n","protected":false},"excerpt":{"rendered":"<p>[singlepic id=258 w=320 h=240 float=right]\u00a0N\u00e4r vi tittar ut s\u00e5 \u00e4r det knappt att det g\u00e5r att tro att v\u00e5ren \u00e4r kommen f\u00f6r det finns b\u00e5de is och sn\u00f6 kvar, men likv\u00e4l s\u00e5 \u00e4r det nog v\u00e5r f\u00f6r v\u00e5rens hund kurs har ju startat. I s\u00f6ndags s\u00e5 m\u00f6tte det upp 9st hundar med hussar och mattar [&hellip;]<\/p>\n","protected":false},"author":1,"featured_media":0,"comment_status":"open","ping_status":"open","sticky":false,"template":"","format":"standard","meta":{"_crdt_document":"","advgb_blocks_editor_width":"","advgb_blocks_columns_visual_guide":"","_jetpack_memberships_contains_paid_content":false,"footnotes":""},"categories":[1],"tags":[],"class_list":["post-758","post","type-post","status-publish","format-standard","hentry","category-hem","entry"],"author_meta":{"display_name":"Peter &amp; Johanna","author_link":"https:\/\/almkullens.se\/?author=1"},"featured_img":null,"jetpack_featured_media_url":"","coauthors":[],"tax_additional":{"categories":{"linked":["<a href=\"https:\/\/almkullens.se\/?cat=1\" class=\"advgb-post-tax-term\">Hem<\/a>"],"unlinked":["<span class=\"advgb-post-tax-term\">Hem<\/span>"]}},"comment_count":"0","relative_dates":{"created":"Publicerad 15 \u00e5r sedan","modified":"Uppdaterad 15 \u00e5r sedan"},"absolute_dates":{"created":"Publicerat den 4 april, 2011","modified":"Uppdaterad den 7 april, 2011"},"absolute_dates_time":{"created":"Publicerat den 4 april, 2011 18:55","modified":"Uppdaterad den 7 april, 2011 03:44"},"featured_img_caption":"","series_order":"","jetpack_sharing_enabled":true,"_links":{"self":[{"href":"https:\/\/almkullens.se\/index.php?rest_route=\/wp\/v2\/posts\/758","targetHints":{"allow":["GET"]}}],"collection":[{"href":"https:\/\/almkullens.se\/index.php?rest_route=\/wp\/v2\/posts"}],"about":[{"href":"https:\/\/almkullens.se\/index.php?rest_route=\/wp\/v2\/types\/post"}],"author":[{"embeddable":true,"href":"https:\/\/almkullens.se\/index.php?rest_route=\/wp\/v2\/users\/1"}],"replies":[{"embeddable":true,"href":"https:\/\/almkullens.se\/index.php?rest_route=%2Fwp%2Fv2%2Fcomments&post=758"}],"version-history":[{"count":7,"href":"https:\/\/almkullens.se\/index.php?rest_route=\/wp\/v2\/posts\/758\/revisions"}],"predecessor-version":[{"id":764,"href":"https:\/\/almkullens.se\/index.php?rest_route=\/wp\/v2\/posts\/758\/revisions\/764"}],"wp:attachment":[{"href":"https:\/\/almkullens.se\/index.php?rest_route=%2Fwp%2Fv2%2Fmedia&parent=758"}],"wp:term":[{"taxonomy":"category","embeddable":true,"href":"https:\/\/almkullens.se\/index.php?rest_route=%2Fwp%2Fv2%2Fcategories&post=758"},{"taxonomy":"post_tag","embeddable":true,"href":"https:\/\/almkullens.se\/index.php?rest_route=%2Fwp%2Fv2%2Ftags&post=758"}],"curies":[{"name":"wp","href":"https:\/\/api.w.org\/{rel}","templated":true}]}}