{"id":7563,"date":"2016-10-31T19:50:33","date_gmt":"2016-10-31T18:50:33","guid":{"rendered":"http:\/\/almkullens.se\/?p=7563"},"modified":"2016-10-31T19:50:33","modified_gmt":"2016-10-31T18:50:33","slug":"sista-proven-for-i-ar","status":"publish","type":"post","link":"https:\/\/almkullens.se\/?p=7563","title":{"rendered":"Sista proven f\u00f6r i \u00e5r"},"content":{"rendered":"<p><a href=\"https:\/\/almkullens.se\/wp-content\/uploads\/2016\/10\/14910296_621550961349151_5859123346589467015_n.jpg\" rel=\"lightbox[7563]\"><img loading=\"lazy\" decoding=\"async\" class=\"alignright size-medium wp-image-7564\" src=\"https:\/\/almkullens.se\/wp-content\/uploads\/2016\/10\/14910296_621550961349151_5859123346589467015_n-300x268.jpg\" alt=\"Peter o Fia 1 HP\" width=\"300\" height=\"268\" srcset=\"https:\/\/almkullens.se\/wp-content\/uploads\/2016\/10\/14910296_621550961349151_5859123346589467015_n-300x268.jpg 300w, https:\/\/almkullens.se\/wp-content\/uploads\/2016\/10\/14910296_621550961349151_5859123346589467015_n-768x687.jpg 768w, https:\/\/almkullens.se\/wp-content\/uploads\/2016\/10\/14910296_621550961349151_5859123346589467015_n.jpg 960w\" sizes=\"auto, (max-width: 300px) 100vw, 300px\" \/><\/a>Nu har vi varit med p\u00e5 det sista provet f\u00f6r i \u00e5r och det gick alldeles str\u00e5lande f\u00f6r oss\u00a0 \ud83d\ude00\u00a0<br \/>\nPeter och Fia fick p\u00e5 l\u00f6rdagen 1 HP i Ukl och blev\u00a0dagens ekipage! Det gick str\u00e5lande \u00e4ven p\u00e5 s\u00f6ndagen d\u00e5 de bel\u00f6nades med ett 1:a pris Ukl\u00a0p\u00e5\u00a0Drentklubbens prov i Tomelilla. Domare var Patrik Sj\u00f6str\u00f6m.\u00a0<\/p>\n<p>I helgen var det ocks\u00e5 prov p\u00e5 l\u00e5ngtora d\u00e4r startade Pia och Foppa och de bel\u00f6nades med ett 2:a pris i \u00d6kl! \u00c4ven\u00a0Helge startade p\u00e5 samma prov med Embla i \u00d6kl och fick d\u00e4r ett 3:e pris.<\/p>\n<p>Ett stort Grattis till er b\u00e5da!<\/p>\n","protected":false},"excerpt":{"rendered":"<p>Nu har vi varit med p\u00e5 det sista provet f\u00f6r i \u00e5r och det gick alldeles str\u00e5lande f\u00f6r oss\u00a0 \ud83d\ude00\u00a0 Peter och Fia fick p\u00e5 l\u00f6rdagen 1 HP i Ukl och blev\u00a0dagens ekipage! Det gick str\u00e5lande \u00e4ven p\u00e5 s\u00f6ndagen d\u00e5 de bel\u00f6nades med ett 1:a pris Ukl\u00a0p\u00e5\u00a0Drentklubbens prov i Tomelilla. Domare var Patrik Sj\u00f6str\u00f6m.\u00a0 I [&hellip;]<\/p>\n","protected":false},"author":1,"featured_media":0,"comment_status":"open","ping_status":"open","sticky":false,"template":"","format":"standard","meta":{"_crdt_document":"","advgb_blocks_editor_width":"","advgb_blocks_columns_visual_guide":"","_jetpack_memberships_contains_paid_content":false,"footnotes":""},"categories":[1],"tags":[],"class_list":["post-7563","post","type-post","status-publish","format-standard","hentry","category-hem","entry"],"author_meta":{"display_name":"Peter &amp; Johanna","author_link":"https:\/\/almkullens.se\/?author=1"},"featured_img":null,"jetpack_featured_media_url":"","coauthors":[],"tax_additional":{"categories":{"linked":["<a href=\"https:\/\/almkullens.se\/?cat=1\" class=\"advgb-post-tax-term\">Hem<\/a>"],"unlinked":["<span class=\"advgb-post-tax-term\">Hem<\/span>"]}},"comment_count":"1","relative_dates":{"created":"Publicerad 10 \u00e5r sedan","modified":"Uppdaterad 10 \u00e5r sedan"},"absolute_dates":{"created":"Publicerat den 31 oktober, 2016","modified":"Uppdaterad den 31 oktober, 2016"},"absolute_dates_time":{"created":"Publicerat den 31 oktober, 2016 19:50","modified":"Uppdaterad den 31 oktober, 2016 19:50"},"featured_img_caption":"","series_order":"","jetpack_sharing_enabled":true,"_links":{"self":[{"href":"https:\/\/almkullens.se\/index.php?rest_route=\/wp\/v2\/posts\/7563","targetHints":{"allow":["GET"]}}],"collection":[{"href":"https:\/\/almkullens.se\/index.php?rest_route=\/wp\/v2\/posts"}],"about":[{"href":"https:\/\/almkullens.se\/index.php?rest_route=\/wp\/v2\/types\/post"}],"author":[{"embeddable":true,"href":"https:\/\/almkullens.se\/index.php?rest_route=\/wp\/v2\/users\/1"}],"replies":[{"embeddable":true,"href":"https:\/\/almkullens.se\/index.php?rest_route=%2Fwp%2Fv2%2Fcomments&post=7563"}],"version-history":[{"count":1,"href":"https:\/\/almkullens.se\/index.php?rest_route=\/wp\/v2\/posts\/7563\/revisions"}],"predecessor-version":[{"id":7565,"href":"https:\/\/almkullens.se\/index.php?rest_route=\/wp\/v2\/posts\/7563\/revisions\/7565"}],"wp:attachment":[{"href":"https:\/\/almkullens.se\/index.php?rest_route=%2Fwp%2Fv2%2Fmedia&parent=7563"}],"wp:term":[{"taxonomy":"category","embeddable":true,"href":"https:\/\/almkullens.se\/index.php?rest_route=%2Fwp%2Fv2%2Fcategories&post=7563"},{"taxonomy":"post_tag","embeddable":true,"href":"https:\/\/almkullens.se\/index.php?rest_route=%2Fwp%2Fv2%2Ftags&post=7563"}],"curies":[{"name":"wp","href":"https:\/\/api.w.org\/{rel}","templated":true}]}}