{"id":7558,"date":"2016-10-23T19:34:19","date_gmt":"2016-10-23T17:34:19","guid":{"rendered":"http:\/\/almkullens.se\/?p=7558"},"modified":"2016-10-23T19:35:51","modified_gmt":"2016-10-23T17:35:51","slug":"f-kullen","status":"publish","type":"post","link":"https:\/\/almkullens.se\/?p=7558","title":{"rendered":"F-kullen"},"content":{"rendered":"<figure id=\"attachment_6469\" aria-describedby=\"caption-attachment-6469\" style=\"width: 300px\" class=\"wp-caption alignright\"><a href=\"https:\/\/almkullens.se\/wp-content\/uploads\/2014\/11\/mms_20151231_130047.jpg\" rel=\"lightbox[7558]\"><img loading=\"lazy\" decoding=\"async\" class=\"size-medium wp-image-6469\" src=\"https:\/\/almkullens.se\/wp-content\/uploads\/2014\/11\/mms_20151231_130047-300x253.jpg\" alt=\"Almkullens Frasse \u00c4g\/Foto: Kenneth Gr\u00e5hn\" width=\"300\" height=\"253\" srcset=\"https:\/\/almkullens.se\/wp-content\/uploads\/2014\/11\/mms_20151231_130047-300x253.jpg 300w, https:\/\/almkullens.se\/wp-content\/uploads\/2014\/11\/mms_20151231_130047.jpg 570w\" sizes=\"auto, (max-width: 300px) 100vw, 300px\" \/><\/a><figcaption id=\"caption-attachment-6469\" class=\"wp-caption-text\">Almkullens Frasse \u00c4g\/Foto: Kenneth Gr\u00e5hn<\/figcaption><\/figure>\n<p>Ig\u00e5r startade Kenneth med Frasse i Finska bretonm\u00e4sterskapen, det blev ett 2 pris i \u00d6kl!<br \/>\n \u00c4ven Anders startade med Freja i Norge igen, den h\u00e4r g\u00e5ngen blev det ett 3 pris!<\/p>\n<p>Ett stort Grattis till er b\u00e5da! \ud83d\ude00<\/p>\n","protected":false},"excerpt":{"rendered":"<p>Ig\u00e5r startade Kenneth med Frasse i Finska bretonm\u00e4sterskapen, det blev ett 2 pris i \u00d6kl! \u00c4ven Anders startade med Freja i Norge igen, den h\u00e4r g\u00e5ngen blev det ett 3 pris! Ett stort Grattis till er b\u00e5da! \ud83d\ude00<\/p>\n","protected":false},"author":1,"featured_media":0,"comment_status":"open","ping_status":"open","sticky":false,"template":"","format":"standard","meta":{"_crdt_document":"","advgb_blocks_editor_width":"","advgb_blocks_columns_visual_guide":"","_jetpack_memberships_contains_paid_content":false,"footnotes":""},"categories":[1],"tags":[],"class_list":["post-7558","post","type-post","status-publish","format-standard","hentry","category-hem","entry"],"author_meta":{"display_name":"Peter &amp; Johanna","author_link":"https:\/\/almkullens.se\/?author=1"},"featured_img":null,"jetpack_featured_media_url":"","coauthors":[],"tax_additional":{"categories":{"linked":["<a href=\"https:\/\/almkullens.se\/?cat=1\" class=\"advgb-post-tax-term\">Hem<\/a>"],"unlinked":["<span class=\"advgb-post-tax-term\">Hem<\/span>"]}},"comment_count":"0","relative_dates":{"created":"Publicerad 10 \u00e5r sedan","modified":"Uppdaterad 10 \u00e5r sedan"},"absolute_dates":{"created":"Publicerat den 23 oktober, 2016","modified":"Uppdaterad den 23 oktober, 2016"},"absolute_dates_time":{"created":"Publicerat den 23 oktober, 2016 19:34","modified":"Uppdaterad den 23 oktober, 2016 19:35"},"featured_img_caption":"","series_order":"","jetpack_sharing_enabled":true,"_links":{"self":[{"href":"https:\/\/almkullens.se\/index.php?rest_route=\/wp\/v2\/posts\/7558","targetHints":{"allow":["GET"]}}],"collection":[{"href":"https:\/\/almkullens.se\/index.php?rest_route=\/wp\/v2\/posts"}],"about":[{"href":"https:\/\/almkullens.se\/index.php?rest_route=\/wp\/v2\/types\/post"}],"author":[{"embeddable":true,"href":"https:\/\/almkullens.se\/index.php?rest_route=\/wp\/v2\/users\/1"}],"replies":[{"embeddable":true,"href":"https:\/\/almkullens.se\/index.php?rest_route=%2Fwp%2Fv2%2Fcomments&post=7558"}],"version-history":[{"count":2,"href":"https:\/\/almkullens.se\/index.php?rest_route=\/wp\/v2\/posts\/7558\/revisions"}],"predecessor-version":[{"id":7560,"href":"https:\/\/almkullens.se\/index.php?rest_route=\/wp\/v2\/posts\/7558\/revisions\/7560"}],"wp:attachment":[{"href":"https:\/\/almkullens.se\/index.php?rest_route=%2Fwp%2Fv2%2Fmedia&parent=7558"}],"wp:term":[{"taxonomy":"category","embeddable":true,"href":"https:\/\/almkullens.se\/index.php?rest_route=%2Fwp%2Fv2%2Fcategories&post=7558"},{"taxonomy":"post_tag","embeddable":true,"href":"https:\/\/almkullens.se\/index.php?rest_route=%2Fwp%2Fv2%2Ftags&post=7558"}],"curies":[{"name":"wp","href":"https:\/\/api.w.org\/{rel}","templated":true}]}}