{"id":7404,"date":"2016-10-03T08:47:23","date_gmt":"2016-10-03T06:47:23","guid":{"rendered":"http:\/\/almkullens.se\/?p=7404"},"modified":"2016-10-03T08:47:23","modified_gmt":"2016-10-03T06:47:23","slug":"alla-i-f-kullen-har-nu-1pris-i-ukl-varav-2-med-hp","status":"publish","type":"post","link":"https:\/\/almkullens.se\/?p=7404","title":{"rendered":"ALLA i F-kullen har nu 1pris i Ukl! varav 2 med HP!"},"content":{"rendered":"<figure id=\"attachment_7240\" aria-describedby=\"caption-attachment-7240\" style=\"width: 251px\" class=\"wp-caption alignright\"><a href=\"https:\/\/almkullens.se\/wp-content\/uploads\/2016\/08\/710.jpg\" rel=\"lightbox[7404]\"><img loading=\"lazy\" decoding=\"async\" class=\" wp-image-7240\" src=\"https:\/\/almkullens.se\/wp-content\/uploads\/2016\/08\/710-300x200.jpg\" alt=\"Almkullens Foppa\" width=\"251\" height=\"167\" srcset=\"https:\/\/almkullens.se\/wp-content\/uploads\/2016\/08\/710-300x200.jpg 300w, https:\/\/almkullens.se\/wp-content\/uploads\/2016\/08\/710-768x512.jpg 768w, https:\/\/almkullens.se\/wp-content\/uploads\/2016\/08\/710-1024x683.jpg 1024w, https:\/\/almkullens.se\/wp-content\/uploads\/2016\/08\/710.jpg 1800w\" sizes=\"auto, (max-width: 251px) 100vw, 251px\" \/><\/a><figcaption id=\"caption-attachment-7240\" class=\"wp-caption-text\">Almkullens Foppa<\/figcaption><\/figure>\n<p>Vilken helg det har varit f\u00f6r oss p\u00e5 Almkullens!<br \/>\n I Ukl fick Pia Jelkest\u00e5hl med Almkullens Foppa ett 1:a pris med HP!<\/p>\n<figure id=\"attachment_7405\" aria-describedby=\"caption-attachment-7405\" style=\"width: 300px\" class=\"wp-caption alignleft\"><a href=\"https:\/\/almkullens.se\/wp-content\/uploads\/2016\/10\/578.jpg\" rel=\"lightbox[7404]\"><img loading=\"lazy\" decoding=\"async\" class=\"size-medium wp-image-7405\" src=\"https:\/\/almkullens.se\/wp-content\/uploads\/2016\/10\/578-300x200.jpg\" alt=\"Almkullens Flying Flua\" width=\"300\" height=\"200\" srcset=\"https:\/\/almkullens.se\/wp-content\/uploads\/2016\/10\/578-300x200.jpg 300w, https:\/\/almkullens.se\/wp-content\/uploads\/2016\/10\/578-768x512.jpg 768w, https:\/\/almkullens.se\/wp-content\/uploads\/2016\/10\/578-1024x683.jpg 1024w, https:\/\/almkullens.se\/wp-content\/uploads\/2016\/10\/578.jpg 1800w\" sizes=\"auto, (max-width: 300px) 100vw, 300px\" \/><\/a><figcaption id=\"caption-attachment-7405\" class=\"wp-caption-text\">Almkullens Flying Flua<\/figcaption><\/figure>\n<p>\n Bj\u00f6rn Dan\u00e5s fick med Almkullens Flying Flua ett 1:a pris p\u00e5 l\u00f6rdagen och en 1:a med HP p\u00e5 s\u00f6ndagen p\u00e5 Fluas f\u00f6rsta jaktprovsstarter!<\/p>\n<figure id=\"attachment_7406\" aria-describedby=\"caption-attachment-7406\" style=\"width: 269px\" class=\"wp-caption alignright\"><a href=\"https:\/\/almkullens.se\/wp-content\/uploads\/2016\/10\/071.jpg\" rel=\"lightbox[7404]\"><img loading=\"lazy\" decoding=\"async\" class=\" wp-image-7406\" src=\"https:\/\/almkullens.se\/wp-content\/uploads\/2016\/10\/071-300x200.jpg\" alt=\"Almkullens Fia\" width=\"269\" height=\"179\" srcset=\"https:\/\/almkullens.se\/wp-content\/uploads\/2016\/10\/071-300x200.jpg 300w, https:\/\/almkullens.se\/wp-content\/uploads\/2016\/10\/071-768x512.jpg 768w, https:\/\/almkullens.se\/wp-content\/uploads\/2016\/10\/071-1024x683.jpg 1024w, https:\/\/almkullens.se\/wp-content\/uploads\/2016\/10\/071.jpg 1800w\" sizes=\"auto, (max-width: 269px) 100vw, 269px\" \/><\/a><figcaption id=\"caption-attachment-7406\" class=\"wp-caption-text\">Almkullens Fia<\/figcaption><\/figure>\n<p>\nAlmkullens Fia med Peter Nilsson tog ett 1:a pris p\u00e5 l\u00f6rdagen och ett 2:a pris p\u00e5 s\u00f6ndagen. <\/p>\n<p>D\u00e4rmed har ALLA i F-kullen 1:a pris i Ukl&#8230; Almkullens Frasse med Kenneth Gr\u00e5hn och Almkullens Freja med Anders Dedorsson Yl\u00e9n fick b\u00e5da 1:a pris i f\u00f6rra helgen! (det var ocks\u00e5 deras jaktprovspremi\u00e4r!)<\/p>\n<p>I \u00d6kl s\u00e5 fick Peter Boustedt med Almkullens Castro ett 3 pris, Mirjam Landholm med Almkullens Coda ett 3 pris och Helge Larsen med Almkullens Embla fick ocks\u00e5 ett 3 pris! Jag sj\u00e4lv startade Almkullens Aska i BretonSM \u00a0(vinnarklass) och blev d\u00e4r 4:a<\/p>\n<p>ETT STOORT STORT GRATTIS till alla v\u00e5ra duktiga valpk\u00f6pare! Vi \u00e4r s\u00e5 stolta \u00f6ver er alla, (\u00e4ven ni som inte g\u00e5tt till pris men tar hand om v\u00e5ra sm\u00e5 juveler p\u00e5 b\u00e4sta s\u00e4tt)<\/p>\n","protected":false},"excerpt":{"rendered":"<p>Vilken helg det har varit f\u00f6r oss p\u00e5 Almkullens! I Ukl fick Pia Jelkest\u00e5hl med Almkullens Foppa ett 1:a pris med HP! Bj\u00f6rn Dan\u00e5s fick med Almkullens Flying Flua ett 1:a pris p\u00e5 l\u00f6rdagen och en 1:a med HP p\u00e5 s\u00f6ndagen p\u00e5 Fluas f\u00f6rsta jaktprovsstarter! Almkullens Fia med Peter Nilsson tog ett 1:a pris p\u00e5 [&hellip;]<\/p>\n","protected":false},"author":1,"featured_media":0,"comment_status":"open","ping_status":"open","sticky":false,"template":"","format":"standard","meta":{"_crdt_document":"","advgb_blocks_editor_width":"","advgb_blocks_columns_visual_guide":"","_jetpack_memberships_contains_paid_content":false,"footnotes":""},"categories":[1],"tags":[],"class_list":["post-7404","post","type-post","status-publish","format-standard","hentry","category-hem","entry"],"author_meta":{"display_name":"Peter &amp; Johanna","author_link":"https:\/\/almkullens.se\/?author=1"},"featured_img":null,"jetpack_featured_media_url":"","coauthors":[],"tax_additional":{"categories":{"linked":["<a href=\"https:\/\/almkullens.se\/?cat=1\" class=\"advgb-post-tax-term\">Hem<\/a>"],"unlinked":["<span class=\"advgb-post-tax-term\">Hem<\/span>"]}},"comment_count":"1","relative_dates":{"created":"Publicerad 10 \u00e5r sedan","modified":"Uppdaterad 10 \u00e5r sedan"},"absolute_dates":{"created":"Publicerat den 3 oktober, 2016","modified":"Uppdaterad den 3 oktober, 2016"},"absolute_dates_time":{"created":"Publicerat den 3 oktober, 2016 08:47","modified":"Uppdaterad den 3 oktober, 2016 08:47"},"featured_img_caption":"","series_order":"","jetpack_sharing_enabled":true,"_links":{"self":[{"href":"https:\/\/almkullens.se\/index.php?rest_route=\/wp\/v2\/posts\/7404","targetHints":{"allow":["GET"]}}],"collection":[{"href":"https:\/\/almkullens.se\/index.php?rest_route=\/wp\/v2\/posts"}],"about":[{"href":"https:\/\/almkullens.se\/index.php?rest_route=\/wp\/v2\/types\/post"}],"author":[{"embeddable":true,"href":"https:\/\/almkullens.se\/index.php?rest_route=\/wp\/v2\/users\/1"}],"replies":[{"embeddable":true,"href":"https:\/\/almkullens.se\/index.php?rest_route=%2Fwp%2Fv2%2Fcomments&post=7404"}],"version-history":[{"count":4,"href":"https:\/\/almkullens.se\/index.php?rest_route=\/wp\/v2\/posts\/7404\/revisions"}],"predecessor-version":[{"id":7410,"href":"https:\/\/almkullens.se\/index.php?rest_route=\/wp\/v2\/posts\/7404\/revisions\/7410"}],"wp:attachment":[{"href":"https:\/\/almkullens.se\/index.php?rest_route=%2Fwp%2Fv2%2Fmedia&parent=7404"}],"wp:term":[{"taxonomy":"category","embeddable":true,"href":"https:\/\/almkullens.se\/index.php?rest_route=%2Fwp%2Fv2%2Fcategories&post=7404"},{"taxonomy":"post_tag","embeddable":true,"href":"https:\/\/almkullens.se\/index.php?rest_route=%2Fwp%2Fv2%2Ftags&post=7404"}],"curies":[{"name":"wp","href":"https:\/\/api.w.org\/{rel}","templated":true}]}}