{"id":7390,"date":"2016-09-25T21:08:57","date_gmt":"2016-09-25T19:08:57","guid":{"rendered":"http:\/\/almkullens.se\/?p=7390"},"modified":"2016-09-27T09:38:43","modified_gmt":"2016-09-27T07:38:43","slug":"wow-vilken-helg","status":"publish","type":"post","link":"https:\/\/almkullens.se\/?p=7390","title":{"rendered":"Wow, vilken helg!"},"content":{"rendered":"<p><a href=\"https:\/\/almkullens.se\/wp-content\/uploads\/2016\/08\/Almkullens-Frasse-1-e1470892157381.jpg\" rel=\"lightbox[7390]\"><img loading=\"lazy\" decoding=\"async\" class=\"alignright size-medium wp-image-7196\" src=\"https:\/\/almkullens.se\/wp-content\/uploads\/2016\/08\/Almkullens-Frasse-1-e1470892157381-300x232.jpg\" alt=\"Almkullens Frasse 1\" width=\"300\" height=\"232\" srcset=\"https:\/\/almkullens.se\/wp-content\/uploads\/2016\/08\/Almkullens-Frasse-1-e1470892157381-300x232.jpg 300w, https:\/\/almkullens.se\/wp-content\/uploads\/2016\/08\/Almkullens-Frasse-1-e1470892157381-768x594.jpg 768w, https:\/\/almkullens.se\/wp-content\/uploads\/2016\/08\/Almkullens-Frasse-1-e1470892157381.jpg 855w\" sizes=\"auto, (max-width: 300px) 100vw, 300px\" \/><\/a>Kenneth Gr\u00e5hn fick idag i Junkkari ett 1:a pris p\u00e5 Almkullens Frasse! Med 91 po\u00e4ng (av 100 m\u00f6jliga) s\u00e5 blev han n\u00e4st b\u00e4sta hund och vidare till morgondagens semifinal! (19 av ca 300 hundar har g\u00e5tt till semi!)<\/p>\n<p>Det gick \u00e4ven bra f\u00f6r kullsystern Freja idag som med husse Anders Deodorsson Ylen tog ett 1:a pris Ukl p\u00e5 SKFs jubileumsprov p\u00e5 L\u00e5ngtora!<\/p>\n<figure id=\"attachment_6968\" aria-describedby=\"caption-attachment-6968\" style=\"width: 300px\" class=\"wp-caption alignleft\"><a href=\"https:\/\/almkullens.se\/wp-content\/uploads\/2016\/05\/1932.jpg\" rel=\"lightbox[7390]\"><img loading=\"lazy\" decoding=\"async\" class=\"size-medium wp-image-6968\" src=\"https:\/\/almkullens.se\/wp-content\/uploads\/2016\/05\/1932-300x200.jpg\" alt=\"Almkullens Freja \u00c4g: Anders Deodorsson Ylen\" width=\"300\" height=\"200\" srcset=\"https:\/\/almkullens.se\/wp-content\/uploads\/2016\/05\/1932-300x200.jpg 300w, https:\/\/almkullens.se\/wp-content\/uploads\/2016\/05\/1932-768x512.jpg 768w, https:\/\/almkullens.se\/wp-content\/uploads\/2016\/05\/1932-1024x683.jpg 1024w, https:\/\/almkullens.se\/wp-content\/uploads\/2016\/05\/1932.jpg 1800w\" sizes=\"auto, (max-width: 300px) 100vw, 300px\" \/><\/a><figcaption id=\"caption-attachment-6968\" class=\"wp-caption-text\">Almkullens Freja \u00c4g: Anders Deodorsson Ylen<\/figcaption><\/figure>\n<p>Ett STOORT GRATTIS och tack till er b\u00e5da fr\u00e5n mycket stolta uppf\u00f6dare!<\/p>\n<p>Vi \u00f6nskar ocks\u00e5 \u00a0Kenneth och Frasse ett stort lycka till imorgon!\u00a0 \ud83d\ude0e\u00a0<\/p>\n","protected":false},"excerpt":{"rendered":"<p>Kenneth Gr\u00e5hn fick idag i Junkkari ett 1:a pris p\u00e5 Almkullens Frasse! Med 91 po\u00e4ng (av 100 m\u00f6jliga) s\u00e5 blev han n\u00e4st b\u00e4sta hund och vidare till morgondagens semifinal! (19 av ca 300 hundar har g\u00e5tt till semi!) Det gick \u00e4ven bra f\u00f6r kullsystern Freja idag som med husse Anders Deodorsson Ylen tog ett 1:a [&hellip;]<\/p>\n","protected":false},"author":1,"featured_media":0,"comment_status":"open","ping_status":"open","sticky":false,"template":"","format":"standard","meta":{"_crdt_document":"","advgb_blocks_editor_width":"","advgb_blocks_columns_visual_guide":"","_jetpack_memberships_contains_paid_content":false,"footnotes":""},"categories":[1],"tags":[],"class_list":["post-7390","post","type-post","status-publish","format-standard","hentry","category-hem","entry"],"author_meta":{"display_name":"Peter &amp; Johanna","author_link":"https:\/\/almkullens.se\/?author=1"},"featured_img":null,"jetpack_featured_media_url":"","coauthors":[],"tax_additional":{"categories":{"linked":["<a href=\"https:\/\/almkullens.se\/?cat=1\" class=\"advgb-post-tax-term\">Hem<\/a>"],"unlinked":["<span class=\"advgb-post-tax-term\">Hem<\/span>"]}},"comment_count":"0","relative_dates":{"created":"Publicerad 10 \u00e5r sedan","modified":"Uppdaterad 10 \u00e5r sedan"},"absolute_dates":{"created":"Publicerat den 25 september, 2016","modified":"Uppdaterad den 27 september, 2016"},"absolute_dates_time":{"created":"Publicerat den 25 september, 2016 21:08","modified":"Uppdaterad den 27 september, 2016 09:38"},"featured_img_caption":"","series_order":"","jetpack_sharing_enabled":true,"_links":{"self":[{"href":"https:\/\/almkullens.se\/index.php?rest_route=\/wp\/v2\/posts\/7390","targetHints":{"allow":["GET"]}}],"collection":[{"href":"https:\/\/almkullens.se\/index.php?rest_route=\/wp\/v2\/posts"}],"about":[{"href":"https:\/\/almkullens.se\/index.php?rest_route=\/wp\/v2\/types\/post"}],"author":[{"embeddable":true,"href":"https:\/\/almkullens.se\/index.php?rest_route=\/wp\/v2\/users\/1"}],"replies":[{"embeddable":true,"href":"https:\/\/almkullens.se\/index.php?rest_route=%2Fwp%2Fv2%2Fcomments&post=7390"}],"version-history":[{"count":3,"href":"https:\/\/almkullens.se\/index.php?rest_route=\/wp\/v2\/posts\/7390\/revisions"}],"predecessor-version":[{"id":7402,"href":"https:\/\/almkullens.se\/index.php?rest_route=\/wp\/v2\/posts\/7390\/revisions\/7402"}],"wp:attachment":[{"href":"https:\/\/almkullens.se\/index.php?rest_route=%2Fwp%2Fv2%2Fmedia&parent=7390"}],"wp:term":[{"taxonomy":"category","embeddable":true,"href":"https:\/\/almkullens.se\/index.php?rest_route=%2Fwp%2Fv2%2Fcategories&post=7390"},{"taxonomy":"post_tag","embeddable":true,"href":"https:\/\/almkullens.se\/index.php?rest_route=%2Fwp%2Fv2%2Ftags&post=7390"}],"curies":[{"name":"wp","href":"https:\/\/api.w.org\/{rel}","templated":true}]}}