{"id":7384,"date":"2016-09-25T07:59:47","date_gmt":"2016-09-25T05:59:47","guid":{"rendered":"http:\/\/almkullens.se\/?p=7384"},"modified":"2016-09-25T07:59:47","modified_gmt":"2016-09-25T05:59:47","slug":"grattis-6","status":"publish","type":"post","link":"https:\/\/almkullens.se\/?p=7384","title":{"rendered":"Grattis!"},"content":{"rendered":"<figure id=\"attachment_6773\" aria-describedby=\"caption-attachment-6773\" style=\"width: 300px\" class=\"wp-caption alignright\"><a href=\"https:\/\/almkullens.se\/wp-content\/uploads\/2016\/03\/1206.jpg\" rel=\"lightbox[7384]\"><img loading=\"lazy\" decoding=\"async\" class=\"wp-image-6773 size-medium\" src=\"https:\/\/almkullens.se\/wp-content\/uploads\/2016\/03\/1206-300x200.jpg\" alt=\"Almkullens Freja\" width=\"300\" height=\"200\" srcset=\"https:\/\/almkullens.se\/wp-content\/uploads\/2016\/03\/1206-300x200.jpg 300w, https:\/\/almkullens.se\/wp-content\/uploads\/2016\/03\/1206-768x512.jpg 768w, https:\/\/almkullens.se\/wp-content\/uploads\/2016\/03\/1206-1024x683.jpg 1024w, https:\/\/almkullens.se\/wp-content\/uploads\/2016\/03\/1206.jpg 1800w\" sizes=\"auto, (max-width: 300px) 100vw, 300px\" \/><\/a><figcaption id=\"caption-attachment-6773\" class=\"wp-caption-text\">Almkullens Freja<\/figcaption><\/figure>\n<p>Ett stort Grattis till Anders och Freja som ig\u00e5r tog ett 2 pris i Ukl! Bra jobbat!<\/p>\n<p>Kenneth och Frasse hade sin f\u00f6rsta dag i Junkkari det var rasm\u00f6nstringen, som bara m\u00e5ste vara bra&#8230; Och det blev det! Frasse blev 2 b\u00e4sta hane med excellent (det \u00e4r inofficiellt s\u00e5 inget cert delas ut)<\/p>\n<p>Grattis Kenneth s\u00e5 h\u00e5ller vi tummarna f\u00f6r att det g\u00e5r bra idag\u00a0 \ud83d\ude00\u00a0<a href=\"https:\/\/almkullens.se\/wp-content\/uploads\/2016\/06\/Almkullens-Frasse-e1466269441302.jpg\" rel=\"lightbox[7384]\"><img loading=\"lazy\" decoding=\"async\" class=\"alignleft size-medium wp-image-7015\" src=\"https:\/\/almkullens.se\/wp-content\/uploads\/2016\/06\/Almkullens-Frasse-e1466269441302-300x226.jpg\" alt=\"Almkullens Frasse\" width=\"300\" height=\"226\" srcset=\"https:\/\/almkullens.se\/wp-content\/uploads\/2016\/06\/Almkullens-Frasse-e1466269441302-300x226.jpg 300w, https:\/\/almkullens.se\/wp-content\/uploads\/2016\/06\/Almkullens-Frasse-e1466269441302-768x579.jpg 768w, https:\/\/almkullens.se\/wp-content\/uploads\/2016\/06\/Almkullens-Frasse-e1466269441302-1024x772.jpg 1024w, https:\/\/almkullens.se\/wp-content\/uploads\/2016\/06\/Almkullens-Frasse-e1466269441302.jpg 1126w\" sizes=\"auto, (max-width: 300px) 100vw, 300px\" \/><\/a><\/p>\n","protected":false},"excerpt":{"rendered":"<p>Ett stort Grattis till Anders och Freja som ig\u00e5r tog ett 2 pris i Ukl! Bra jobbat! Kenneth och Frasse hade sin f\u00f6rsta dag i Junkkari det var rasm\u00f6nstringen, som bara m\u00e5ste vara bra&#8230; Och det blev det! Frasse blev 2 b\u00e4sta hane med excellent (det \u00e4r inofficiellt s\u00e5 inget cert delas ut) Grattis Kenneth [&hellip;]<\/p>\n","protected":false},"author":1,"featured_media":0,"comment_status":"open","ping_status":"open","sticky":false,"template":"","format":"standard","meta":{"_crdt_document":"","advgb_blocks_editor_width":"","advgb_blocks_columns_visual_guide":"","_jetpack_memberships_contains_paid_content":false,"footnotes":""},"categories":[1],"tags":[],"class_list":["post-7384","post","type-post","status-publish","format-standard","hentry","category-hem","entry"],"author_meta":{"display_name":"Peter &amp; Johanna","author_link":"https:\/\/almkullens.se\/?author=1"},"featured_img":null,"jetpack_featured_media_url":"","coauthors":[],"tax_additional":{"categories":{"linked":["<a href=\"https:\/\/almkullens.se\/?cat=1\" class=\"advgb-post-tax-term\">Hem<\/a>"],"unlinked":["<span class=\"advgb-post-tax-term\">Hem<\/span>"]}},"comment_count":"0","relative_dates":{"created":"Publicerad 10 \u00e5r sedan","modified":"Uppdaterad 10 \u00e5r sedan"},"absolute_dates":{"created":"Publicerat den 25 september, 2016","modified":"Uppdaterad den 25 september, 2016"},"absolute_dates_time":{"created":"Publicerat den 25 september, 2016 07:59","modified":"Uppdaterad den 25 september, 2016 07:59"},"featured_img_caption":"","series_order":"","jetpack_sharing_enabled":true,"_links":{"self":[{"href":"https:\/\/almkullens.se\/index.php?rest_route=\/wp\/v2\/posts\/7384","targetHints":{"allow":["GET"]}}],"collection":[{"href":"https:\/\/almkullens.se\/index.php?rest_route=\/wp\/v2\/posts"}],"about":[{"href":"https:\/\/almkullens.se\/index.php?rest_route=\/wp\/v2\/types\/post"}],"author":[{"embeddable":true,"href":"https:\/\/almkullens.se\/index.php?rest_route=\/wp\/v2\/users\/1"}],"replies":[{"embeddable":true,"href":"https:\/\/almkullens.se\/index.php?rest_route=%2Fwp%2Fv2%2Fcomments&post=7384"}],"version-history":[{"count":1,"href":"https:\/\/almkullens.se\/index.php?rest_route=\/wp\/v2\/posts\/7384\/revisions"}],"predecessor-version":[{"id":7385,"href":"https:\/\/almkullens.se\/index.php?rest_route=\/wp\/v2\/posts\/7384\/revisions\/7385"}],"wp:attachment":[{"href":"https:\/\/almkullens.se\/index.php?rest_route=%2Fwp%2Fv2%2Fmedia&parent=7384"}],"wp:term":[{"taxonomy":"category","embeddable":true,"href":"https:\/\/almkullens.se\/index.php?rest_route=%2Fwp%2Fv2%2Fcategories&post=7384"},{"taxonomy":"post_tag","embeddable":true,"href":"https:\/\/almkullens.se\/index.php?rest_route=%2Fwp%2Fv2%2Ftags&post=7384"}],"curies":[{"name":"wp","href":"https:\/\/api.w.org\/{rel}","templated":true}]}}