{"id":7170,"date":"2016-08-08T07:57:09","date_gmt":"2016-08-08T05:57:09","guid":{"rendered":"http:\/\/almkullens.se\/?p=7170"},"modified":"2016-08-14T06:43:40","modified_gmt":"2016-08-14T04:43:40","slug":"utstallning-5","status":"publish","type":"post","link":"https:\/\/almkullens.se\/?p=7170","title":{"rendered":"Utst\u00e4llning!"},"content":{"rendered":"<p><a href=\"https:\/\/almkullens.se\/wp-content\/uploads\/2016\/08\/507.jpg\" rel=\"lightbox[7170]\"><img loading=\"lazy\" decoding=\"async\" class=\"alignright size-medium wp-image-7171\" src=\"https:\/\/almkullens.se\/wp-content\/uploads\/2016\/08\/507-300x200.jpg\" alt=\"507\" width=\"300\" height=\"200\" srcset=\"https:\/\/almkullens.se\/wp-content\/uploads\/2016\/08\/507-300x200.jpg 300w, https:\/\/almkullens.se\/wp-content\/uploads\/2016\/08\/507-768x512.jpg 768w, https:\/\/almkullens.se\/wp-content\/uploads\/2016\/08\/507-1024x683.jpg 1024w, https:\/\/almkullens.se\/wp-content\/uploads\/2016\/08\/507.jpg 1800w\" sizes=\"auto, (max-width: 300px) 100vw, 300px\" \/><\/a>I helgen s\u00e5 var vi p\u00e5 SKF&#8217;s utst\u00e4llning i Gammelkroppa, och det gick verkligen j\u00e4ttebra! Mirjam fick med sin Almkullens Gimli i klassen valp 6-9 m\u00e5nader HP och blev Bir-valp och Bis 2 valp b\u00e5da dagarna!<br \/>Ett Stort Grattis!<br \/>Almkullens Gucci startade bara p\u00e5 l\u00f6rdagen och fick ocks\u00e5 HP i samma klass som Gimli f\u00f6rst\u00e5s, och hon blev d\u00e5 Bim-valp!<br \/>Almkullens Fia startades i Jaktklass och fick p\u00e5 l\u00f6rdagen Exc. CERT Bir och blev dessutom Bis 3! P\u00e5 s\u00f6ndagen fick Fia Exc. CERT och blev Bim! Domaren f\u00f6r\u00a0L\u00f6rdagens 6 startande bretoner var\u00a0Stephanie Giesecke och f\u00f6r S\u00f6ndagens 3 var\u00a0Sjoerd Joebse.<br \/>De andra hundarna som var med finns med p\u00e5 bild h\u00e4r under.<!--more--><\/p>\n<div id='gallery-1' class='gallery galleryid-7170 gallery-columns-4 gallery-size-thumbnail'><figure class='gallery-item'>\n\t\t\t<div class='gallery-icon landscape'>\n\t\t\t\t<a href='https:\/\/almkullens.se\/wp-content\/uploads\/2016\/08\/717.jpg' rel=\"lightbox[7170]\"><img loading=\"lazy\" decoding=\"async\" width=\"150\" height=\"150\" src=\"https:\/\/almkullens.se\/wp-content\/uploads\/2016\/08\/717-150x150.jpg\" class=\"attachment-thumbnail size-thumbnail\" alt=\"\" aria-describedby=\"gallery-1-7180\" \/><\/a>\n\t\t\t<\/div>\n\t\t\t\t<figcaption class='wp-caption-text gallery-caption' id='gallery-1-7180'>\n\t\t\t\tMirjam o Almkullens Gimli\n\t\t\t\t<\/figcaption><\/figure><figure class='gallery-item'>\n\t\t\t<div class='gallery-icon landscape'>\n\t\t\t\t<a href='https:\/\/almkullens.se\/wp-content\/uploads\/2016\/08\/524.jpg' rel=\"lightbox[7170]\"><img loading=\"lazy\" decoding=\"async\" width=\"150\" height=\"150\" src=\"https:\/\/almkullens.se\/wp-content\/uploads\/2016\/08\/524-150x150.jpg\" class=\"attachment-thumbnail size-thumbnail\" alt=\"\" aria-describedby=\"gallery-1-7178\" \/><\/a>\n\t\t\t<\/div>\n\t\t\t\t<figcaption class='wp-caption-text gallery-caption' id='gallery-1-7178'>\n\t\t\t\tAlmkullens Fia\n\t\t\t\t<\/figcaption><\/figure><figure class='gallery-item'>\n\t\t\t<div class='gallery-icon landscape'>\n\t\t\t\t<a href='https:\/\/almkullens.se\/wp-content\/uploads\/2016\/08\/198.jpg' rel=\"lightbox[7170]\"><img loading=\"lazy\" decoding=\"async\" width=\"150\" height=\"150\" src=\"https:\/\/almkullens.se\/wp-content\/uploads\/2016\/08\/198-150x150.jpg\" class=\"attachment-thumbnail size-thumbnail\" alt=\"\" aria-describedby=\"gallery-1-7175\" \/><\/a>\n\t\t\t<\/div>\n\t\t\t\t<figcaption class='wp-caption-text gallery-caption' id='gallery-1-7175'>\n\t\t\t\tSmedgattu Rozzy \u00c4g: Helena Sundstr\u00f6m Roselin\n\t\t\t\t<\/figcaption><\/figure><figure class='gallery-item'>\n\t\t\t<div class='gallery-icon landscape'>\n\t\t\t\t<a href='https:\/\/almkullens.se\/wp-content\/uploads\/2016\/08\/181.jpg' rel=\"lightbox[7170]\"><img loading=\"lazy\" decoding=\"async\" width=\"150\" height=\"150\" src=\"https:\/\/almkullens.se\/wp-content\/uploads\/2016\/08\/181-150x150.jpg\" class=\"attachment-thumbnail size-thumbnail\" alt=\"\" aria-describedby=\"gallery-1-7174\" \/><\/a>\n\t\t\t<\/div>\n\t\t\t\t<figcaption class='wp-caption-text gallery-caption' id='gallery-1-7174'>\n\t\t\t\tSuhlegan List \u00c4g: Tomas Johnsson\n\t\t\t\t<\/figcaption><\/figure><figure class='gallery-item'>\n\t\t\t<div class='gallery-icon landscape'>\n\t\t\t\t<a href='https:\/\/almkullens.se\/wp-content\/uploads\/2016\/08\/325.jpg' rel=\"lightbox[7170]\"><img loading=\"lazy\" decoding=\"async\" width=\"150\" height=\"150\" src=\"https:\/\/almkullens.se\/wp-content\/uploads\/2016\/08\/325-150x150.jpg\" class=\"attachment-thumbnail size-thumbnail\" alt=\"\" aria-describedby=\"gallery-1-7176\" \/><\/a>\n\t\t\t<\/div>\n\t\t\t\t<figcaption class='wp-caption-text gallery-caption' id='gallery-1-7176'>\n\t\t\t\tJerpsetras A-Aska \u00c4g: Annica G\u00f6tesdotter J\u00f6nsson\n\t\t\t\t<\/figcaption><\/figure><figure class='gallery-item'>\n\t\t\t<div class='gallery-icon landscape'>\n\t\t\t\t<a href='https:\/\/almkullens.se\/wp-content\/uploads\/2016\/08\/456.jpg' rel=\"lightbox[7170]\"><img loading=\"lazy\" decoding=\"async\" width=\"150\" height=\"150\" src=\"https:\/\/almkullens.se\/wp-content\/uploads\/2016\/08\/456-150x150.jpg\" class=\"attachment-thumbnail size-thumbnail\" alt=\"\" aria-describedby=\"gallery-1-7177\" \/><\/a>\n\t\t\t<\/div>\n\t\t\t\t<figcaption class='wp-caption-text gallery-caption' id='gallery-1-7177'>\n\t\t\t\tAlmkullens Fia Exc Cert Bir  och Bis 3 f\u00f6r domare Stephanie Giesecke\n\t\t\t\t<\/figcaption><\/figure><figure class='gallery-item'>\n\t\t\t<div class='gallery-icon landscape'>\n\t\t\t\t<a href='https:\/\/almkullens.se\/wp-content\/uploads\/2016\/08\/008.jpg' rel=\"lightbox[7170]\"><img loading=\"lazy\" decoding=\"async\" width=\"150\" height=\"150\" src=\"https:\/\/almkullens.se\/wp-content\/uploads\/2016\/08\/008-150x150.jpg\" class=\"attachment-thumbnail size-thumbnail\" alt=\"\" aria-describedby=\"gallery-1-7172\" \/><\/a>\n\t\t\t<\/div>\n\t\t\t\t<figcaption class='wp-caption-text gallery-caption' id='gallery-1-7172'>\n\t\t\t\tMirjam o Gimli\n\t\t\t\t<\/figcaption><\/figure><figure class='gallery-item'>\n\t\t\t<div class='gallery-icon landscape'>\n\t\t\t\t<a href='https:\/\/almkullens.se\/wp-content\/uploads\/2016\/08\/079.jpg' rel=\"lightbox[7170]\"><img loading=\"lazy\" decoding=\"async\" width=\"150\" height=\"150\" src=\"https:\/\/almkullens.se\/wp-content\/uploads\/2016\/08\/079-150x150.jpg\" class=\"attachment-thumbnail size-thumbnail\" alt=\"\" aria-describedby=\"gallery-1-7173\" \/><\/a>\n\t\t\t<\/div>\n\t\t\t\t<figcaption class='wp-caption-text gallery-caption' id='gallery-1-7173'>\n\t\t\t\tJag och Gucci\n\t\t\t\t<\/figcaption><\/figure><figure class='gallery-item'>\n\t\t\t<div class='gallery-icon landscape'>\n\t\t\t\t<a href='https:\/\/almkullens.se\/wp-content\/uploads\/2016\/08\/614.jpg' rel=\"lightbox[7170]\"><img loading=\"lazy\" decoding=\"async\" width=\"150\" height=\"150\" src=\"https:\/\/almkullens.se\/wp-content\/uploads\/2016\/08\/614-150x150.jpg\" class=\"attachment-thumbnail size-thumbnail\" alt=\"\" aria-describedby=\"gallery-1-7179\" \/><\/a>\n\t\t\t<\/div>\n\t\t\t\t<figcaption class='wp-caption-text gallery-caption' id='gallery-1-7179'>\n\t\t\t\tRozzy och Fia Bir och Bim p\u00e5 s\u00f6ndagen\n\t\t\t\t<\/figcaption><\/figure>\n\t\t<\/div>\n\n","protected":false},"excerpt":{"rendered":"<p>I helgen s\u00e5 var vi p\u00e5 SKF&#8217;s utst\u00e4llning i Gammelkroppa, och det gick verkligen j\u00e4ttebra! Mirjam fick med sin Almkullens Gimli i klassen valp 6-9 m\u00e5nader HP och blev Bir-valp och Bis 2 valp b\u00e5da dagarna!Ett Stort Grattis!Almkullens Gucci startade bara p\u00e5 l\u00f6rdagen och fick ocks\u00e5 HP i samma klass som Gimli f\u00f6rst\u00e5s, och hon [&hellip;]<\/p>\n","protected":false},"author":1,"featured_media":0,"comment_status":"open","ping_status":"open","sticky":false,"template":"","format":"standard","meta":{"_crdt_document":"","advgb_blocks_editor_width":"","advgb_blocks_columns_visual_guide":"","_jetpack_memberships_contains_paid_content":false,"footnotes":""},"categories":[1],"tags":[],"class_list":["post-7170","post","type-post","status-publish","format-standard","hentry","category-hem","entry"],"author_meta":{"display_name":"Peter &amp; Johanna","author_link":"https:\/\/almkullens.se\/?author=1"},"featured_img":null,"jetpack_featured_media_url":"","coauthors":[],"tax_additional":{"categories":{"linked":["<a href=\"https:\/\/almkullens.se\/?cat=1\" class=\"advgb-post-tax-term\">Hem<\/a>"],"unlinked":["<span class=\"advgb-post-tax-term\">Hem<\/span>"]}},"comment_count":"0","relative_dates":{"created":"Publicerad 10 \u00e5r sedan","modified":"Uppdaterad 10 \u00e5r sedan"},"absolute_dates":{"created":"Publicerat den 8 augusti, 2016","modified":"Uppdaterad den 14 augusti, 2016"},"absolute_dates_time":{"created":"Publicerat den 8 augusti, 2016 07:57","modified":"Uppdaterad den 14 augusti, 2016 06:43"},"featured_img_caption":"","series_order":"","jetpack_sharing_enabled":true,"_links":{"self":[{"href":"https:\/\/almkullens.se\/index.php?rest_route=\/wp\/v2\/posts\/7170","targetHints":{"allow":["GET"]}}],"collection":[{"href":"https:\/\/almkullens.se\/index.php?rest_route=\/wp\/v2\/posts"}],"about":[{"href":"https:\/\/almkullens.se\/index.php?rest_route=\/wp\/v2\/types\/post"}],"author":[{"embeddable":true,"href":"https:\/\/almkullens.se\/index.php?rest_route=\/wp\/v2\/users\/1"}],"replies":[{"embeddable":true,"href":"https:\/\/almkullens.se\/index.php?rest_route=%2Fwp%2Fv2%2Fcomments&post=7170"}],"version-history":[{"count":4,"href":"https:\/\/almkullens.se\/index.php?rest_route=\/wp\/v2\/posts\/7170\/revisions"}],"predecessor-version":[{"id":7217,"href":"https:\/\/almkullens.se\/index.php?rest_route=\/wp\/v2\/posts\/7170\/revisions\/7217"}],"wp:attachment":[{"href":"https:\/\/almkullens.se\/index.php?rest_route=%2Fwp%2Fv2%2Fmedia&parent=7170"}],"wp:term":[{"taxonomy":"category","embeddable":true,"href":"https:\/\/almkullens.se\/index.php?rest_route=%2Fwp%2Fv2%2Fcategories&post=7170"},{"taxonomy":"post_tag","embeddable":true,"href":"https:\/\/almkullens.se\/index.php?rest_route=%2Fwp%2Fv2%2Ftags&post=7170"}],"curies":[{"name":"wp","href":"https:\/\/api.w.org\/{rel}","templated":true}]}}