{"id":716,"date":"2011-02-20T18:18:04","date_gmt":"2011-02-20T18:18:04","guid":{"rendered":"http:\/\/almkullens.se\/?p=716"},"modified":"2011-03-15T16:41:56","modified_gmt":"2011-03-15T16:41:56","slug":"ny-valpkull-planeras-2","status":"publish","type":"post","link":"https:\/\/almkullens.se\/?p=716","title":{"rendered":"Ny valpkull planeras"},"content":{"rendered":"<p>[singlepic id=223 w=320 h=240 float=right]Vi planerar\u00a0en valpkull p\u00e5 Elva n\u00e4r hon l\u00f6per n\u00e4sta g\u00e5ng, vi r\u00e4knar med att det ska bli i Februari-Mars.<\/p>\n<p>T\u00e4ckhund blir Stevns\u00e5ens Valde, en svart\/vit Dansk hanne som har HD:A.<\/p>\n<p>L\u00e4s mer under fliken &#8221;valpar&#8221;,&#8221;planerade valpar&#8221;\u00a0 [singlepic id=219 w=320 h=240 float=left]<\/p>\n<p>&nbsp;<\/p>\n<p>Ja, allt g\u00e5r inte alltid som man har planerat. D\u00e5 Riva inte har b\u00f6rjat l\u00f6pa \u00e4n och tiden f\u00f6r Elvas l\u00f6p n\u00e4rmar sig och d\u00e5 vi inte vill ha 2 valpkullar samtidigt s\u00e5 har vi best\u00e4mt oss f\u00f6r att Riva f\u00e5r st\u00e5 \u00f6ver den h\u00e4r g\u00e5ngen.<\/p>\n<div><\/div>\n","protected":false},"excerpt":{"rendered":"<p>[singlepic id=223 w=320 h=240 float=right]Vi planerar\u00a0en valpkull p\u00e5 Elva n\u00e4r hon l\u00f6per n\u00e4sta g\u00e5ng, vi r\u00e4knar med att det ska bli i Februari-Mars. T\u00e4ckhund blir Stevns\u00e5ens Valde, en svart\/vit Dansk hanne som har HD:A. L\u00e4s mer under fliken &#8221;valpar&#8221;,&#8221;planerade valpar&#8221;\u00a0 [singlepic id=219 w=320 h=240 float=left] &nbsp; Ja, allt g\u00e5r inte alltid som man har planerat. [&hellip;]<\/p>\n","protected":false},"author":1,"featured_media":0,"comment_status":"open","ping_status":"open","sticky":false,"template":"","format":"standard","meta":{"_crdt_document":"","advgb_blocks_editor_width":"","advgb_blocks_columns_visual_guide":"","_jetpack_memberships_contains_paid_content":false,"footnotes":""},"categories":[1],"tags":[],"class_list":["post-716","post","type-post","status-publish","format-standard","hentry","category-hem","entry"],"author_meta":{"display_name":"Peter &amp; Johanna","author_link":"https:\/\/almkullens.se\/?author=1"},"featured_img":null,"jetpack_featured_media_url":"","coauthors":[],"tax_additional":{"categories":{"linked":["<a href=\"https:\/\/almkullens.se\/?cat=1\" class=\"advgb-post-tax-term\">Hem<\/a>"],"unlinked":["<span class=\"advgb-post-tax-term\">Hem<\/span>"]}},"comment_count":"0","relative_dates":{"created":"Publicerad 15 \u00e5r sedan","modified":"Uppdaterad 15 \u00e5r sedan"},"absolute_dates":{"created":"Publicerat den 20 februari, 2011","modified":"Uppdaterad den 15 mars, 2011"},"absolute_dates_time":{"created":"Publicerat den 20 februari, 2011 18:18","modified":"Uppdaterad den 15 mars, 2011 16:41"},"featured_img_caption":"","series_order":"","jetpack_sharing_enabled":true,"_links":{"self":[{"href":"https:\/\/almkullens.se\/index.php?rest_route=\/wp\/v2\/posts\/716","targetHints":{"allow":["GET"]}}],"collection":[{"href":"https:\/\/almkullens.se\/index.php?rest_route=\/wp\/v2\/posts"}],"about":[{"href":"https:\/\/almkullens.se\/index.php?rest_route=\/wp\/v2\/types\/post"}],"author":[{"embeddable":true,"href":"https:\/\/almkullens.se\/index.php?rest_route=\/wp\/v2\/users\/1"}],"replies":[{"embeddable":true,"href":"https:\/\/almkullens.se\/index.php?rest_route=%2Fwp%2Fv2%2Fcomments&post=716"}],"version-history":[{"count":3,"href":"https:\/\/almkullens.se\/index.php?rest_route=\/wp\/v2\/posts\/716\/revisions"}],"predecessor-version":[{"id":746,"href":"https:\/\/almkullens.se\/index.php?rest_route=\/wp\/v2\/posts\/716\/revisions\/746"}],"wp:attachment":[{"href":"https:\/\/almkullens.se\/index.php?rest_route=%2Fwp%2Fv2%2Fmedia&parent=716"}],"wp:term":[{"taxonomy":"category","embeddable":true,"href":"https:\/\/almkullens.se\/index.php?rest_route=%2Fwp%2Fv2%2Fcategories&post=716"},{"taxonomy":"post_tag","embeddable":true,"href":"https:\/\/almkullens.se\/index.php?rest_route=%2Fwp%2Fv2%2Ftags&post=716"}],"curies":[{"name":"wp","href":"https:\/\/api.w.org\/{rel}","templated":true}]}}