{"id":6827,"date":"2016-04-10T22:03:45","date_gmt":"2016-04-10T20:03:45","guid":{"rendered":"http:\/\/almkullens.se\/?p=6827"},"modified":"2016-04-11T21:32:55","modified_gmt":"2016-04-11T19:32:55","slug":"ny-se-jch","status":"publish","type":"post","link":"https:\/\/almkullens.se\/?p=6827","title":{"rendered":"Ny SE JCH"},"content":{"rendered":"<figure id=\"attachment_6828\" aria-describedby=\"caption-attachment-6828\" style=\"width: 260px\" class=\"wp-caption alignright\"><a href=\"https:\/\/almkullens.se\/wp-content\/uploads\/2016\/04\/Akira-e1460317974856.jpg\"  rel=\"lightbox[6827] attachment wp-att-5702\"><img loading=\"lazy\" decoding=\"async\" class=\"wp-image-6828 \" src=\"https:\/\/almkullens.se\/wp-content\/uploads\/2016\/04\/Akira-e1460317974856-279x300.jpg\" alt=\"\" width=\"260\" height=\"280\" srcset=\"https:\/\/almkullens.se\/wp-content\/uploads\/2016\/04\/Akira-e1460317974856-279x300.jpg 279w, https:\/\/almkullens.se\/wp-content\/uploads\/2016\/04\/Akira-e1460317974856.jpg 513w\" sizes=\"auto, (max-width: 260px) 100vw, 260px\" \/><\/a><figcaption id=\"caption-attachment-6828\" class=\"wp-caption-text\">Stefan H\u00f6rnlund och Almkullens Akira<\/figcaption><\/figure>\n<p>Wow, vilka valpk\u00f6pare vi har, och vilken helg i klimpfj\u00e4ll! Stefan H\u00f6rnlund &amp; Almkullens Akira fick ig\u00e5r en 4 plats i segrarklass och idag er\u00f6vrade dom ett 1:a pris i Ekl och Akira \u00e4r d\u00e4rmed Svensk Jaktchampion!!!<\/p>\n<p>Pontus Ekman fick med Almkullens Calla idag ocks\u00e5 dom ett 1:a pris i Ekl!<\/p>\n<p>Det gick \u00e4ven bra f\u00f6r Karin Eriksson som fick ett 3:e pris i \u00d6kl med sin Almkullens Ebba!<\/p>\n<p>Ett STOORT GRATTIS till er alla!<\/p>\n<p><figure id=\"attachment_5676\" aria-describedby=\"caption-attachment-5676\" style=\"width: 266px\" class=\"wp-caption alignleft\"><a href=\"https:\/\/almkullens.se\/wp-content\/uploads\/2015\/08\/3Q1A1276.jpg\"  rel=\"lightbox[6827] attachment wp-att-5676\"><img loading=\"lazy\" decoding=\"async\" class=\" wp-image-5676\" src=\"https:\/\/almkullens.se\/wp-content\/uploads\/2015\/08\/3Q1A1276-300x200.jpg\" alt=\"Almkullens Ebba \u00c4g: Karin Eriksson\" width=\"266\" height=\"177\" srcset=\"https:\/\/almkullens.se\/wp-content\/uploads\/2015\/08\/3Q1A1276-300x200.jpg 300w, https:\/\/almkullens.se\/wp-content\/uploads\/2015\/08\/3Q1A1276-1024x683.jpg 1024w, https:\/\/almkullens.se\/wp-content\/uploads\/2015\/08\/3Q1A1276.jpg 1800w\" sizes=\"auto, (max-width: 266px) 100vw, 266px\" \/><\/a><figcaption id=\"caption-attachment-5676\" class=\"wp-caption-text\">Almkullens Ebba \u00c4g: Karin Eriksson<\/figcaption><\/figure> <figure id=\"attachment_6100\" aria-describedby=\"caption-attachment-6100\" style=\"width: 274px\" class=\"wp-caption alignright\"><a href=\"https:\/\/almkullens.se\/wp-content\/uploads\/2015\/10\/3Q1A6796.jpg\"  rel=\"lightbox[6827] attachment wp-att-6100\"><img loading=\"lazy\" decoding=\"async\" class=\"wp-image-6100\" src=\"https:\/\/almkullens.se\/wp-content\/uploads\/2015\/10\/3Q1A6796-300x200.jpg\" alt=\"Almkullens Calla \u00c4g: Pontus Ekman\" width=\"274\" height=\"182\" srcset=\"https:\/\/almkullens.se\/wp-content\/uploads\/2015\/10\/3Q1A6796-300x200.jpg 300w, https:\/\/almkullens.se\/wp-content\/uploads\/2015\/10\/3Q1A6796-1024x683.jpg 1024w, https:\/\/almkullens.se\/wp-content\/uploads\/2015\/10\/3Q1A6796.jpg 1800w\" sizes=\"auto, (max-width: 274px) 100vw, 274px\" \/><\/a><figcaption id=\"caption-attachment-6100\" class=\"wp-caption-text\">Pontus Ekman och Almkullens Calla<\/figcaption><\/figure><\/p>\n<p>&nbsp;<\/p>\n","protected":false},"excerpt":{"rendered":"<p>Wow, vilka valpk\u00f6pare vi har, och vilken helg i klimpfj\u00e4ll! Stefan H\u00f6rnlund &amp; Almkullens Akira fick ig\u00e5r en 4 plats i segrarklass och idag er\u00f6vrade dom ett 1:a pris i Ekl och Akira \u00e4r d\u00e4rmed Svensk Jaktchampion!!! Pontus Ekman fick med Almkullens Calla idag ocks\u00e5 dom ett 1:a pris i Ekl! Det gick \u00e4ven bra [&hellip;]<\/p>\n","protected":false},"author":1,"featured_media":0,"comment_status":"open","ping_status":"open","sticky":false,"template":"","format":"standard","meta":{"_crdt_document":"","advgb_blocks_editor_width":"","advgb_blocks_columns_visual_guide":"","_jetpack_memberships_contains_paid_content":false,"footnotes":""},"categories":[1],"tags":[],"class_list":["post-6827","post","type-post","status-publish","format-standard","hentry","category-hem","entry"],"author_meta":{"display_name":"Peter &amp; Johanna","author_link":"https:\/\/almkullens.se\/?author=1"},"featured_img":null,"jetpack_featured_media_url":"","coauthors":[],"tax_additional":{"categories":{"linked":["<a href=\"https:\/\/almkullens.se\/?cat=1\" class=\"advgb-post-tax-term\">Hem<\/a>"],"unlinked":["<span class=\"advgb-post-tax-term\">Hem<\/span>"]}},"comment_count":"2","relative_dates":{"created":"Publicerad 10 \u00e5r sedan","modified":"Uppdaterad 10 \u00e5r sedan"},"absolute_dates":{"created":"Publicerat den 10 april, 2016","modified":"Uppdaterad den 11 april, 2016"},"absolute_dates_time":{"created":"Publicerat den 10 april, 2016 22:03","modified":"Uppdaterad den 11 april, 2016 21:32"},"featured_img_caption":"","series_order":"","jetpack_sharing_enabled":true,"_links":{"self":[{"href":"https:\/\/almkullens.se\/index.php?rest_route=\/wp\/v2\/posts\/6827","targetHints":{"allow":["GET"]}}],"collection":[{"href":"https:\/\/almkullens.se\/index.php?rest_route=\/wp\/v2\/posts"}],"about":[{"href":"https:\/\/almkullens.se\/index.php?rest_route=\/wp\/v2\/types\/post"}],"author":[{"embeddable":true,"href":"https:\/\/almkullens.se\/index.php?rest_route=\/wp\/v2\/users\/1"}],"replies":[{"embeddable":true,"href":"https:\/\/almkullens.se\/index.php?rest_route=%2Fwp%2Fv2%2Fcomments&post=6827"}],"version-history":[{"count":10,"href":"https:\/\/almkullens.se\/index.php?rest_route=\/wp\/v2\/posts\/6827\/revisions"}],"predecessor-version":[{"id":6840,"href":"https:\/\/almkullens.se\/index.php?rest_route=\/wp\/v2\/posts\/6827\/revisions\/6840"}],"wp:attachment":[{"href":"https:\/\/almkullens.se\/index.php?rest_route=%2Fwp%2Fv2%2Fmedia&parent=6827"}],"wp:term":[{"taxonomy":"category","embeddable":true,"href":"https:\/\/almkullens.se\/index.php?rest_route=%2Fwp%2Fv2%2Fcategories&post=6827"},{"taxonomy":"post_tag","embeddable":true,"href":"https:\/\/almkullens.se\/index.php?rest_route=%2Fwp%2Fv2%2Ftags&post=6827"}],"curies":[{"name":"wp","href":"https:\/\/api.w.org\/{rel}","templated":true}]}}