{"id":6735,"date":"2016-03-24T18:04:09","date_gmt":"2016-03-24T17:04:09","guid":{"rendered":"http:\/\/almkullens.se\/?p=6735"},"modified":"2016-03-24T18:17:57","modified_gmt":"2016-03-24T17:17:57","slug":"framgangar","status":"publish","type":"post","link":"https:\/\/almkullens.se\/?p=6735","title":{"rendered":"Framg\u00e5ngar"},"content":{"rendered":"<p><img loading=\"lazy\" decoding=\"async\" class=\"alignright\" src=\"https:\/\/scontent-arn2-1.xx.fbcdn.net\/hphotos-xap1\/v\/t1.0-9\/12346318_1289826431068583_801481611132532275_n.jpg?oh=569bbaf72f7c49d3d640a81e756928c5&amp;oe=574C9C94\" alt=\"\" width=\"389\" height=\"219\" \/>Vilka dagar som det blev nere p\u00e5 Engelska setterklubbens huvudprov i Danmark, ig\u00e5r fick ju Pia Jelkest\u00e5hl\u00a0ett f\u00f6rstapris Ukl med sin Foppa, Foppa gick j\u00e4ttebra i dag ocks\u00e5 men kom tyv\u00e4rr inte f\u00f6r f\u00e5gel.<\/p>\n<p>Idag fick Peter med v\u00e5ran Fia ett f\u00f6rstapris i Ukl!<br \/>S\u00e5 nu har 2 av valparna i Elvas sista kull f\u00e5tt var sitt 1:a pris!\u00a0Och det\u00a0f\u00f6re\u00a0ett \u00e5rs \u00e5lder!<br \/>S\u00e5 himla kul och bra jobbat av Pia och Peter! Ett stort GRATTIS!!!<\/p>\n<p><figure id=\"attachment_6736\" aria-describedby=\"caption-attachment-6736\" style=\"width: 269px\" class=\"wp-caption alignleft\"><a href=\"https:\/\/almkullens.se\/wp-content\/uploads\/2016\/03\/3Q1A5191.jpg\"  rel=\"lightbox[6735] attachment wp-att-6736\"><img loading=\"lazy\" decoding=\"async\" class=\" wp-image-6736\" src=\"https:\/\/almkullens.se\/wp-content\/uploads\/2016\/03\/3Q1A5191-300x200.jpg\" alt=\"Almkullens Fia\" width=\"269\" height=\"179\" srcset=\"https:\/\/almkullens.se\/wp-content\/uploads\/2016\/03\/3Q1A5191-300x200.jpg 300w, https:\/\/almkullens.se\/wp-content\/uploads\/2016\/03\/3Q1A5191-768x512.jpg 768w, https:\/\/almkullens.se\/wp-content\/uploads\/2016\/03\/3Q1A5191-1024x683.jpg 1024w, https:\/\/almkullens.se\/wp-content\/uploads\/2016\/03\/3Q1A5191.jpg 1800w\" sizes=\"auto, (max-width: 269px) 100vw, 269px\" \/><\/a><figcaption id=\"caption-attachment-6736\" class=\"wp-caption-text\">Almkullens Fia<\/figcaption><\/figure> <figure id=\"attachment_6737\" aria-describedby=\"caption-attachment-6737\" style=\"width: 269px\" class=\"wp-caption alignright\"><a href=\"https:\/\/almkullens.se\/wp-content\/uploads\/2016\/03\/1471.jpg\"  rel=\"lightbox[6735] attachment wp-att-6737\"><img loading=\"lazy\" decoding=\"async\" class=\" wp-image-6737\" src=\"https:\/\/almkullens.se\/wp-content\/uploads\/2016\/03\/1471-300x200.jpg\" alt=\"Almkullens Foppa\" width=\"269\" height=\"179\" srcset=\"https:\/\/almkullens.se\/wp-content\/uploads\/2016\/03\/1471-300x200.jpg 300w, https:\/\/almkullens.se\/wp-content\/uploads\/2016\/03\/1471-768x512.jpg 768w, https:\/\/almkullens.se\/wp-content\/uploads\/2016\/03\/1471-1024x683.jpg 1024w, https:\/\/almkullens.se\/wp-content\/uploads\/2016\/03\/1471.jpg 1800w\" sizes=\"auto, (max-width: 269px) 100vw, 269px\" \/><\/a><figcaption id=\"caption-attachment-6737\" class=\"wp-caption-text\">Almkullens Foppa<\/figcaption><\/figure><\/p>\n<p>&nbsp;<\/p>\n","protected":false},"excerpt":{"rendered":"<p>Vilka dagar som det blev nere p\u00e5 Engelska setterklubbens huvudprov i Danmark, ig\u00e5r fick ju Pia Jelkest\u00e5hl\u00a0ett f\u00f6rstapris Ukl med sin Foppa, Foppa gick j\u00e4ttebra i dag ocks\u00e5 men kom tyv\u00e4rr inte f\u00f6r f\u00e5gel. Idag fick Peter med v\u00e5ran Fia ett f\u00f6rstapris i Ukl!S\u00e5 nu har 2 av valparna i Elvas sista kull f\u00e5tt var [&hellip;]<\/p>\n","protected":false},"author":1,"featured_media":0,"comment_status":"open","ping_status":"open","sticky":false,"template":"","format":"standard","meta":{"_crdt_document":"","advgb_blocks_editor_width":"","advgb_blocks_columns_visual_guide":"","_jetpack_memberships_contains_paid_content":false,"footnotes":""},"categories":[1],"tags":[],"class_list":["post-6735","post","type-post","status-publish","format-standard","hentry","category-hem","entry"],"author_meta":{"display_name":"Peter &amp; Johanna","author_link":"https:\/\/almkullens.se\/?author=1"},"featured_img":null,"jetpack_featured_media_url":"","coauthors":[],"tax_additional":{"categories":{"linked":["<a href=\"https:\/\/almkullens.se\/?cat=1\" class=\"advgb-post-tax-term\">Hem<\/a>"],"unlinked":["<span class=\"advgb-post-tax-term\">Hem<\/span>"]}},"comment_count":"4","relative_dates":{"created":"Publicerad 10 \u00e5r sedan","modified":"Uppdaterad 10 \u00e5r sedan"},"absolute_dates":{"created":"Publicerat den 24 mars, 2016","modified":"Uppdaterad den 24 mars, 2016"},"absolute_dates_time":{"created":"Publicerat den 24 mars, 2016 18:04","modified":"Uppdaterad den 24 mars, 2016 18:17"},"featured_img_caption":"","series_order":"","jetpack_sharing_enabled":true,"_links":{"self":[{"href":"https:\/\/almkullens.se\/index.php?rest_route=\/wp\/v2\/posts\/6735","targetHints":{"allow":["GET"]}}],"collection":[{"href":"https:\/\/almkullens.se\/index.php?rest_route=\/wp\/v2\/posts"}],"about":[{"href":"https:\/\/almkullens.se\/index.php?rest_route=\/wp\/v2\/types\/post"}],"author":[{"embeddable":true,"href":"https:\/\/almkullens.se\/index.php?rest_route=\/wp\/v2\/users\/1"}],"replies":[{"embeddable":true,"href":"https:\/\/almkullens.se\/index.php?rest_route=%2Fwp%2Fv2%2Fcomments&post=6735"}],"version-history":[{"count":3,"href":"https:\/\/almkullens.se\/index.php?rest_route=\/wp\/v2\/posts\/6735\/revisions"}],"predecessor-version":[{"id":6745,"href":"https:\/\/almkullens.se\/index.php?rest_route=\/wp\/v2\/posts\/6735\/revisions\/6745"}],"wp:attachment":[{"href":"https:\/\/almkullens.se\/index.php?rest_route=%2Fwp%2Fv2%2Fmedia&parent=6735"}],"wp:term":[{"taxonomy":"category","embeddable":true,"href":"https:\/\/almkullens.se\/index.php?rest_route=%2Fwp%2Fv2%2Fcategories&post=6735"},{"taxonomy":"post_tag","embeddable":true,"href":"https:\/\/almkullens.se\/index.php?rest_route=%2Fwp%2Fv2%2Ftags&post=6735"}],"curies":[{"name":"wp","href":"https:\/\/api.w.org\/{rel}","templated":true}]}}