{"id":6504,"date":"2016-01-18T09:54:21","date_gmt":"2016-01-18T08:54:21","guid":{"rendered":"http:\/\/almkullens.se\/?p=6504"},"modified":"2016-01-18T10:04:06","modified_gmt":"2016-01-18T09:04:06","slug":"traning-4","status":"publish","type":"post","link":"https:\/\/almkullens.se\/?p=6504","title":{"rendered":"Tr\u00e4ning"},"content":{"rendered":"<p><a href=\"https:\/\/almkullens.se\/wp-content\/uploads\/2016\/01\/DSC_0034-e1453105453891.jpg\"  rel=\"lightbox[6504] attachment wp-att-6505\"><img loading=\"lazy\" decoding=\"async\" class=\"alignright size-medium wp-image-6505\" src=\"https:\/\/almkullens.se\/wp-content\/uploads\/2016\/01\/DSC_0034-e1453105453891-300x177.jpg\" alt=\"DSC_0034\" width=\"300\" height=\"177\" srcset=\"https:\/\/almkullens.se\/wp-content\/uploads\/2016\/01\/DSC_0034-e1453105453891-300x177.jpg 300w, https:\/\/almkullens.se\/wp-content\/uploads\/2016\/01\/DSC_0034-e1453105453891-768x454.jpg 768w, https:\/\/almkullens.se\/wp-content\/uploads\/2016\/01\/DSC_0034-e1453105453891-1024x605.jpg 1024w\" sizes=\"auto, (max-width: 300px) 100vw, 300px\" \/><\/a>Nu har vi haft \u00e5rets f\u00f6rsta tr\u00e4ning, och det \u00e4r\u00a0som alltid v\u00e4ldigt trevligt och skoj att tr\u00e4ffa de andra breton\u00e4garna.\u00a0F\u00f6r oss var det h\u00e4r\u00a0v\u00e4lbeh\u00f6vligt! Fia \u00e4r ingen klippa p\u00e5 att g\u00e5 fot precis, men det blev b\u00e4ttre!<br \/>Vi var 10 stycken, 8 med var sin breton\u00a0plus\u00a0tv\u00e5 eventuellt blivande breton\u00e4gare\u00a0som tr\u00e4ffades i l\u00f6rdags, lite sm\u00e5kallt var det men Peter hade fixat ett par eldar som vi kunde v\u00e4rma oss p\u00e5 i fikapausen, Tack allihop f\u00f6r en h\u00e4rlig dag!<\/p>\n<p>N\u00e4sta tr\u00e4ning blir l\u00f6rdagen den 20 februari kl: 11 \u00e4ven den blir h\u00e4r i V\u00e4neryr! <strong>V\u00e4lkomna!<\/strong><\/p>\n<p>Och s\u00e5 lite om Aska&#8230; hon fick ju inte vara med p\u00e5 tr\u00e4ningen d\u00e5 hon inte f\u00e5r tr\u00e4ffa andra\u00a0hundar s\u00e5 l\u00e5ngt in i dr\u00e4ktigheten, men hon \u00e4r lite rund och det syns tydligt att hon \u00e4r dr\u00e4ktig!\u00a0<\/p>\n","protected":false},"excerpt":{"rendered":"<p>Nu har vi haft \u00e5rets f\u00f6rsta tr\u00e4ning, och det \u00e4r\u00a0som alltid v\u00e4ldigt trevligt och skoj att tr\u00e4ffa de andra breton\u00e4garna.\u00a0F\u00f6r oss var det h\u00e4r\u00a0v\u00e4lbeh\u00f6vligt! Fia \u00e4r ingen klippa p\u00e5 att g\u00e5 fot precis, men det blev b\u00e4ttre!Vi var 10 stycken, 8 med var sin breton\u00a0plus\u00a0tv\u00e5 eventuellt blivande breton\u00e4gare\u00a0som tr\u00e4ffades i l\u00f6rdags, lite sm\u00e5kallt var det [&hellip;]<\/p>\n","protected":false},"author":1,"featured_media":0,"comment_status":"open","ping_status":"open","sticky":false,"template":"","format":"standard","meta":{"_crdt_document":"","advgb_blocks_editor_width":"","advgb_blocks_columns_visual_guide":"","_jetpack_memberships_contains_paid_content":false,"footnotes":""},"categories":[1],"tags":[],"class_list":["post-6504","post","type-post","status-publish","format-standard","hentry","category-hem","entry"],"author_meta":{"display_name":"Peter &amp; Johanna","author_link":"https:\/\/almkullens.se\/?author=1"},"featured_img":null,"jetpack_featured_media_url":"","coauthors":[],"tax_additional":{"categories":{"linked":["<a href=\"https:\/\/almkullens.se\/?cat=1\" class=\"advgb-post-tax-term\">Hem<\/a>"],"unlinked":["<span class=\"advgb-post-tax-term\">Hem<\/span>"]}},"comment_count":"2","relative_dates":{"created":"Publicerad 10 \u00e5r sedan","modified":"Uppdaterad 10 \u00e5r sedan"},"absolute_dates":{"created":"Publicerat den 18 januari, 2016","modified":"Uppdaterad den 18 januari, 2016"},"absolute_dates_time":{"created":"Publicerat den 18 januari, 2016 09:54","modified":"Uppdaterad den 18 januari, 2016 10:04"},"featured_img_caption":"","series_order":"","jetpack_sharing_enabled":true,"_links":{"self":[{"href":"https:\/\/almkullens.se\/index.php?rest_route=\/wp\/v2\/posts\/6504","targetHints":{"allow":["GET"]}}],"collection":[{"href":"https:\/\/almkullens.se\/index.php?rest_route=\/wp\/v2\/posts"}],"about":[{"href":"https:\/\/almkullens.se\/index.php?rest_route=\/wp\/v2\/types\/post"}],"author":[{"embeddable":true,"href":"https:\/\/almkullens.se\/index.php?rest_route=\/wp\/v2\/users\/1"}],"replies":[{"embeddable":true,"href":"https:\/\/almkullens.se\/index.php?rest_route=%2Fwp%2Fv2%2Fcomments&post=6504"}],"version-history":[{"count":3,"href":"https:\/\/almkullens.se\/index.php?rest_route=\/wp\/v2\/posts\/6504\/revisions"}],"predecessor-version":[{"id":6508,"href":"https:\/\/almkullens.se\/index.php?rest_route=\/wp\/v2\/posts\/6504\/revisions\/6508"}],"wp:attachment":[{"href":"https:\/\/almkullens.se\/index.php?rest_route=%2Fwp%2Fv2%2Fmedia&parent=6504"}],"wp:term":[{"taxonomy":"category","embeddable":true,"href":"https:\/\/almkullens.se\/index.php?rest_route=%2Fwp%2Fv2%2Fcategories&post=6504"},{"taxonomy":"post_tag","embeddable":true,"href":"https:\/\/almkullens.se\/index.php?rest_route=%2Fwp%2Fv2%2Ftags&post=6504"}],"curies":[{"name":"wp","href":"https:\/\/api.w.org\/{rel}","templated":true}]}}