{"id":6475,"date":"2016-01-06T19:56:47","date_gmt":"2016-01-06T18:56:47","guid":{"rendered":"http:\/\/almkullens.se\/?p=6475"},"modified":"2016-01-13T08:16:02","modified_gmt":"2016-01-13T07:16:02","slug":"bretonagare-valkomna-pa-traning-2","status":"publish","type":"post","link":"https:\/\/almkullens.se\/?p=6475","title":{"rendered":"Breton\u00e4gare! V\u00e4lkomna p\u00e5 tr\u00e4ning!"},"content":{"rendered":"<h1><span style=\"font-size: large;\">Ska vi g\u00f6ra som f\u00f6rra vintern???<\/span><\/h1>\n<figure id=\"attachment_4933\" aria-describedby=\"caption-attachment-4933\" style=\"width: 300px\" class=\"wp-caption alignright\"><a href=\"https:\/\/almkullens.se\/wp-content\/uploads\/2015\/01\/968.jpg\"  rel=\"lightbox[6475] attachment wp-att-4933\"><img loading=\"lazy\" decoding=\"async\" class=\"size-medium wp-image-4933\" src=\"https:\/\/almkullens.se\/wp-content\/uploads\/2015\/01\/968-300x200.jpg\" alt=\"Coda kallas in.\" width=\"300\" height=\"200\" srcset=\"https:\/\/almkullens.se\/wp-content\/uploads\/2015\/01\/968-300x200.jpg 300w, https:\/\/almkullens.se\/wp-content\/uploads\/2015\/01\/968-1024x683.jpg 1024w, https:\/\/almkullens.se\/wp-content\/uploads\/2015\/01\/968.jpg 1800w\" sizes=\"auto, (max-width: 300px) 100vw, 300px\" \/><\/a><figcaption id=\"caption-attachment-4933\" class=\"wp-caption-text\">.<\/figcaption><\/figure>\n<div>\n<p>Alla som vill tr\u00e4na \u00e4r v\u00e4lkomna. Vi\u00a0startar h\u00e4r hemma hos oss i V\u00e4ne-Ryr l\u00f6rdagen\u00a0den 16\/1\u00a0klockan 10.00 \u00a0Sedan var tanken att vi kanske skulle vara p\u00e5 lite olika st\u00e4llen var tredje vecka (eller det som passar b\u00e4st f\u00f6r de flesta).<\/p>\n<p>Vi hj\u00e4lps \u00e5t med att tr\u00e4na och g\u00f6r s\u00e5 gott vi kan. Apportering och lydnad \u00e4r v\u00e4l det som kommer att vara p\u00e5 schemat f\u00f6r det mesta.<\/p>\n<figure id=\"attachment_4921\" aria-describedby=\"caption-attachment-4921\" style=\"width: 300px\" class=\"wp-caption alignleft\"><a href=\"https:\/\/almkullens.se\/wp-content\/uploads\/2015\/01\/801.jpg\"  rel=\"lightbox[6475] attachment wp-att-4921\"><img loading=\"lazy\" decoding=\"async\" class=\"size-medium wp-image-4921\" src=\"https:\/\/almkullens.se\/wp-content\/uploads\/2015\/01\/801-300x200.jpg\" alt=\"Peter och Almkullens Castro bredvid Stig och Mizoras Disco\" width=\"300\" height=\"200\" srcset=\"https:\/\/almkullens.se\/wp-content\/uploads\/2015\/01\/801-300x200.jpg 300w, https:\/\/almkullens.se\/wp-content\/uploads\/2015\/01\/801-1024x683.jpg 1024w, https:\/\/almkullens.se\/wp-content\/uploads\/2015\/01\/801.jpg 1800w\" sizes=\"auto, (max-width: 300px) 100vw, 300px\" \/><\/a><figcaption id=\"caption-attachment-4921\" class=\"wp-caption-text\">.<\/figcaption><\/figure>\n<p>\u00d6vriga datum best\u00e4mmer vi tillsammans f\u00f6rsta g\u00e5ngen. Det skall inte kosta n\u00e5got\u2026 Eventuellt s\u00e5 kan vi ordna med apportvilt till de som \u00f6nskar, men detta vill vi ha en slant f\u00f6r. Ta med fika!<\/p>\n<p>Anm\u00e4lan till oss p\u00e5 mailen s\u00e5 vi vet hur m\u00e5nga som har lust att komma. Funderar du p\u00e5 n\u00e5got s\u00e5 ring, s\u00e5 f\u00f6rklarar vi hur vi har t\u00e4nkt.<\/p>\n<p>Peter &amp; Johanna<\/p>\n<\/div>\n","protected":false},"excerpt":{"rendered":"<p>Ska vi g\u00f6ra som f\u00f6rra vintern??? Alla som vill tr\u00e4na \u00e4r v\u00e4lkomna. Vi\u00a0startar h\u00e4r hemma hos oss i V\u00e4ne-Ryr l\u00f6rdagen\u00a0den 16\/1\u00a0klockan 10.00 \u00a0Sedan var tanken att vi kanske skulle vara p\u00e5 lite olika st\u00e4llen var tredje vecka (eller det som passar b\u00e4st f\u00f6r de flesta). Vi hj\u00e4lps \u00e5t med att tr\u00e4na och g\u00f6r s\u00e5 gott [&hellip;]<\/p>\n","protected":false},"author":1,"featured_media":0,"comment_status":"open","ping_status":"open","sticky":false,"template":"","format":"standard","meta":{"_crdt_document":"","advgb_blocks_editor_width":"","advgb_blocks_columns_visual_guide":"","_jetpack_memberships_contains_paid_content":false,"footnotes":""},"categories":[1],"tags":[],"class_list":["post-6475","post","type-post","status-publish","format-standard","hentry","category-hem","entry"],"author_meta":{"display_name":"Peter &amp; Johanna","author_link":"https:\/\/almkullens.se\/?author=1"},"featured_img":null,"jetpack_featured_media_url":"","coauthors":[],"tax_additional":{"categories":{"linked":["<a href=\"https:\/\/almkullens.se\/?cat=1\" class=\"advgb-post-tax-term\">Hem<\/a>"],"unlinked":["<span class=\"advgb-post-tax-term\">Hem<\/span>"]}},"comment_count":"0","relative_dates":{"created":"Publicerad 10 \u00e5r sedan","modified":"Uppdaterad 10 \u00e5r sedan"},"absolute_dates":{"created":"Publicerat den 6 januari, 2016","modified":"Uppdaterad den 13 januari, 2016"},"absolute_dates_time":{"created":"Publicerat den 6 januari, 2016 19:56","modified":"Uppdaterad den 13 januari, 2016 08:16"},"featured_img_caption":"","series_order":"","jetpack_sharing_enabled":true,"_links":{"self":[{"href":"https:\/\/almkullens.se\/index.php?rest_route=\/wp\/v2\/posts\/6475","targetHints":{"allow":["GET"]}}],"collection":[{"href":"https:\/\/almkullens.se\/index.php?rest_route=\/wp\/v2\/posts"}],"about":[{"href":"https:\/\/almkullens.se\/index.php?rest_route=\/wp\/v2\/types\/post"}],"author":[{"embeddable":true,"href":"https:\/\/almkullens.se\/index.php?rest_route=\/wp\/v2\/users\/1"}],"replies":[{"embeddable":true,"href":"https:\/\/almkullens.se\/index.php?rest_route=%2Fwp%2Fv2%2Fcomments&post=6475"}],"version-history":[{"count":4,"href":"https:\/\/almkullens.se\/index.php?rest_route=\/wp\/v2\/posts\/6475\/revisions"}],"predecessor-version":[{"id":6484,"href":"https:\/\/almkullens.se\/index.php?rest_route=\/wp\/v2\/posts\/6475\/revisions\/6484"}],"wp:attachment":[{"href":"https:\/\/almkullens.se\/index.php?rest_route=%2Fwp%2Fv2%2Fmedia&parent=6475"}],"wp:term":[{"taxonomy":"category","embeddable":true,"href":"https:\/\/almkullens.se\/index.php?rest_route=%2Fwp%2Fv2%2Fcategories&post=6475"},{"taxonomy":"post_tag","embeddable":true,"href":"https:\/\/almkullens.se\/index.php?rest_route=%2Fwp%2Fv2%2Ftags&post=6475"}],"curies":[{"name":"wp","href":"https:\/\/api.w.org\/{rel}","templated":true}]}}