{"id":6460,"date":"2016-01-03T20:42:46","date_gmt":"2016-01-03T19:42:46","guid":{"rendered":"http:\/\/almkullens.se\/?p=6460"},"modified":"2016-01-03T20:42:46","modified_gmt":"2016-01-03T19:42:46","slug":"sorg","status":"publish","type":"post","link":"https:\/\/almkullens.se\/?p=6460","title":{"rendered":"Sorg"},"content":{"rendered":"<figure id=\"attachment_4560\" aria-describedby=\"caption-attachment-4560\" style=\"width: 300px\" class=\"wp-caption alignright\"><a href=\"https:\/\/almkullens.se\/wp-content\/uploads\/2014\/10\/IMG_5735.jpg\"  rel=\"lightbox[6460] attachment wp-att-4560\"><img loading=\"lazy\" decoding=\"async\" class=\"size-medium wp-image-4560\" src=\"https:\/\/almkullens.se\/wp-content\/uploads\/2014\/10\/IMG_5735-300x200.jpg\" alt=\"P\u00e5lamalmens Elva\" width=\"300\" height=\"200\" srcset=\"https:\/\/almkullens.se\/wp-content\/uploads\/2014\/10\/IMG_5735-300x200.jpg 300w, https:\/\/almkullens.se\/wp-content\/uploads\/2014\/10\/IMG_5735-1024x682.jpg 1024w, https:\/\/almkullens.se\/wp-content\/uploads\/2014\/10\/IMG_5735.jpg 1942w\" sizes=\"auto, (max-width: 300px) 100vw, 300px\" \/><\/a><figcaption id=\"caption-attachment-4560\" class=\"wp-caption-text\">P\u00e5lamalmens Elva<\/figcaption><\/figure>\n<p>Det \u00e4r med stor sorg i v\u00e5ra hj\u00e4rtan som vi\u00a0ber\u00e4ttar att v\u00e5r fina duktiga Elva hastigt har g\u00e5tt bort.<br \/>Hon och Peter var ute p\u00e5 jakt n\u00e4r hon pl\u00f6tsligt bara var borta, efter en stunds letande hittade Peter henne d\u00f6d, vi vet inte vad som har h\u00e4nt,\u00a0kanske har hon sprungit in i n\u00e5got och brutit ryggen?\u00a0<a href=\"https:\/\/almkullens.se\/wp-content\/uploads\/2014\/07\/IMG_1765.jpg\"  rel=\"lightbox[6460] attachment wp-att-3706\"><img loading=\"lazy\" decoding=\"async\" class=\"alignleft  wp-image-3706\" src=\"https:\/\/almkullens.se\/wp-content\/uploads\/2014\/07\/IMG_1765-300x225.jpg\" alt=\"Elva 9 veckor\" width=\"263\" height=\"197\" srcset=\"https:\/\/almkullens.se\/wp-content\/uploads\/2014\/07\/IMG_1765-300x225.jpg 300w, https:\/\/almkullens.se\/wp-content\/uploads\/2014\/07\/IMG_1765.jpg 1024w\" sizes=\"auto, (max-width: 263px) 100vw, 263px\" \/><\/a><a href=\"https:\/\/almkullens.se\/wp-content\/uploads\/2014\/07\/022.jpg\"  rel=\"lightbox[6460] attachment wp-att-3679\"><img loading=\"lazy\" decoding=\"async\" class=\" wp-image-3679 alignright\" src=\"https:\/\/almkullens.se\/wp-content\/uploads\/2014\/07\/022-300x225.jpg\" alt=\"P\u00e5lamalmens Elva\" width=\"303\" height=\"227\" srcset=\"https:\/\/almkullens.se\/wp-content\/uploads\/2014\/07\/022-300x225.jpg 300w, https:\/\/almkullens.se\/wp-content\/uploads\/2014\/07\/022.jpg 1024w\" sizes=\"auto, (max-width: 303px) 100vw, 303px\" \/><\/a><\/p>\n<p>P\u00e5lamalmens Elva kom in i v\u00e5ra liv 2008 en s\u00f6t och go valp som \u00e4nda fr\u00e5n b\u00f6rjan har gjort allt f\u00f6r att vara husse Peter till lags, redan som unghund\u00a0visade hon upp en enast\u00e5ende reviering och hon blev bara b\u00e4ttre.<a href=\"https:\/\/almkullens.se\/wp-content\/uploads\/2010\/08\/302.jpg\"  rel=\"lightbox[6460] attachment wp-att-3108\"><img loading=\"lazy\" decoding=\"async\" class=\"alignleft size-medium wp-image-3108\" src=\"https:\/\/almkullens.se\/wp-content\/uploads\/2010\/08\/302-300x200.jpg\" alt=\"P\u00e5lamalmens Elva\" width=\"300\" height=\"200\" srcset=\"https:\/\/almkullens.se\/wp-content\/uploads\/2010\/08\/302-300x200.jpg 300w, https:\/\/almkullens.se\/wp-content\/uploads\/2010\/08\/302-1024x682.jpg 1024w, https:\/\/almkullens.se\/wp-content\/uploads\/2010\/08\/302.jpg 1200w\" sizes=\"auto, (max-width: 300px) 100vw, 300px\" \/><\/a><\/p>\n<p>Elva startade p\u00e5 8 jaktprov i Sverige och gick till pris p\u00e5 samtliga, hennes s\u00e4msta resultat var 2:a pris i Ekl&#8230; hon fick sin\u00a0tredje Elitklass etta n\u00e4r hon var 2,5 \u00e5r gammal och blev d\u00e5 jaktchampion, alla starter i Sverige\u00a0var p\u00e5 f\u00e4lt.\u00a0<\/p>\n<p>Elva och Peter var ocks\u00e5 med p\u00e5 VM n\u00e5gra g\u00e5nger, 2011 gick det p\u00e5 skog och d\u00e4r fick de en individuell 4 plac och RCacit, 2014 blev det silver i lag. Elva har tagit Excellent alla 3 g\u00e5nger hon varit med\u00a0p\u00e5 VM\u00a0och\u00a0Medelhavscupen.\u00a0<\/p>\n<p><a href=\"https:\/\/almkullens.se\/wp-content\/uploads\/2010\/08\/162.jpg\"  rel=\"lightbox[6460] attachment wp-att-3107\"><img loading=\"lazy\" decoding=\"async\" class=\"wp-image-3107 alignright\" src=\"https:\/\/almkullens.se\/wp-content\/uploads\/2010\/08\/162-300x200.jpg\" alt=\"P\u00e5lamalmens Elva\" width=\"263\" height=\"175\" srcset=\"https:\/\/almkullens.se\/wp-content\/uploads\/2010\/08\/162-300x200.jpg 300w, https:\/\/almkullens.se\/wp-content\/uploads\/2010\/08\/162-1024x682.jpg 1024w, https:\/\/almkullens.se\/wp-content\/uploads\/2010\/08\/162.jpg 1200w\" sizes=\"auto, (max-width: 263px) 100vw, 263px\" \/><\/a><\/p>\n<p>Elva var inte bara en fantastisk jakthund utan hon s\u00e5g ocks\u00e5 ut som en Breton ska och hade d\u00e4rf\u00f6r ocks\u00e5 bel\u00f6nats med ett Svenskt utst\u00e4llningschampionat.<\/p>\n<p>Elva fick 16 valpar f\u00f6rdelat i 3 kullar, den sista kullen f\u00f6ddes\u00a0f\u00f6r\u00a0bara 9 m\u00e5nader sedan.<br \/>7 av de 11 avkommor som \u00e4r gamla nog att g\u00e5 p\u00e5 jaktprov har g\u00e5tt till pris,\u00a04 st\u00a0\u00e4r i Elitklass och en av dem \u00e4r\u00a0b\u00e5de Jakt och utst\u00e4llningschampion. Hon har i skrivande stund 8 barnbarn varav 5 \u00e4r jaktprovsmeriterade&#8230;<br \/><a href=\"https:\/\/almkullens.se\/wp-content\/uploads\/2014\/07\/767.jpg\"  rel=\"lightbox[6460] attachment wp-att-3698\"><img loading=\"lazy\" decoding=\"async\" class=\"size-medium wp-image-3698 alignleft\" src=\"https:\/\/almkullens.se\/wp-content\/uploads\/2014\/07\/767-300x200.jpg\" alt=\"SE Jch SE Uch P\u00e5lamalmens Elva\" width=\"300\" height=\"200\" srcset=\"https:\/\/almkullens.se\/wp-content\/uploads\/2014\/07\/767-300x200.jpg 300w, https:\/\/almkullens.se\/wp-content\/uploads\/2014\/07\/767.jpg 1024w\" sizes=\"auto, (max-width: 300px) 100vw, 300px\" \/><\/a><br \/>Hon saknas inte bara som jakthund utan ocks\u00e5 som en h\u00e4rlig familjemedlem, hon l\u00e5g oftast i kn\u00e4t p\u00e5 oss p\u00e5 kv\u00e4llarna och myste, dock var hon nog kass som vakthund&#8230;alla h\u00e4lsades hj\u00e4rtligt v\u00e4lkomna av henne.<\/p>\n<p>Vi \u00e4r s\u00e5 tacksamma f\u00f6r att vi en g\u00e5ng fick k\u00f6pa denna fantastiska jakthund av Marina Bengtsson, hon var en s\u00e5dan hund som man f\u00f6rmodligen bara f\u00e5r en g\u00e5ng i livet.<br \/>Vi \u00e4r ocks\u00e5\u00a0glada f\u00f6r att vi har\u00a02 av hennes valpar\u00a0h\u00e4r i huset, Aska och Fia.<\/p>\n<p>Elva kommer f\u00f6r alltid att finnas i v\u00e5ra hj\u00e4rtan och hon kommer att leva vidare i v\u00e5ra tankar\u00a0och i hennes valpar. &lt;3<\/p>\n","protected":false},"excerpt":{"rendered":"<p>Det \u00e4r med stor sorg i v\u00e5ra hj\u00e4rtan som vi\u00a0ber\u00e4ttar att v\u00e5r fina duktiga Elva hastigt har g\u00e5tt bort.Hon och Peter var ute p\u00e5 jakt n\u00e4r hon pl\u00f6tsligt bara var borta, efter en stunds letande hittade Peter henne d\u00f6d, vi vet inte vad som har h\u00e4nt,\u00a0kanske har hon sprungit in i n\u00e5got och brutit ryggen?\u00a0 [&hellip;]<\/p>\n","protected":false},"author":1,"featured_media":0,"comment_status":"open","ping_status":"open","sticky":false,"template":"","format":"standard","meta":{"_crdt_document":"","advgb_blocks_editor_width":"","advgb_blocks_columns_visual_guide":"","_jetpack_memberships_contains_paid_content":false,"footnotes":""},"categories":[1],"tags":[],"class_list":["post-6460","post","type-post","status-publish","format-standard","hentry","category-hem","entry"],"author_meta":{"display_name":"Peter &amp; Johanna","author_link":"https:\/\/almkullens.se\/?author=1"},"featured_img":null,"jetpack_featured_media_url":"","coauthors":[],"tax_additional":{"categories":{"linked":["<a href=\"https:\/\/almkullens.se\/?cat=1\" class=\"advgb-post-tax-term\">Hem<\/a>"],"unlinked":["<span class=\"advgb-post-tax-term\">Hem<\/span>"]}},"comment_count":"13","relative_dates":{"created":"Publicerad 10 \u00e5r sedan","modified":"Uppdaterad 10 \u00e5r sedan"},"absolute_dates":{"created":"Publicerat den 3 januari, 2016","modified":"Uppdaterad den 3 januari, 2016"},"absolute_dates_time":{"created":"Publicerat den 3 januari, 2016 20:42","modified":"Uppdaterad den 3 januari, 2016 20:42"},"featured_img_caption":"","series_order":"","jetpack_sharing_enabled":true,"_links":{"self":[{"href":"https:\/\/almkullens.se\/index.php?rest_route=\/wp\/v2\/posts\/6460","targetHints":{"allow":["GET"]}}],"collection":[{"href":"https:\/\/almkullens.se\/index.php?rest_route=\/wp\/v2\/posts"}],"about":[{"href":"https:\/\/almkullens.se\/index.php?rest_route=\/wp\/v2\/types\/post"}],"author":[{"embeddable":true,"href":"https:\/\/almkullens.se\/index.php?rest_route=\/wp\/v2\/users\/1"}],"replies":[{"embeddable":true,"href":"https:\/\/almkullens.se\/index.php?rest_route=%2Fwp%2Fv2%2Fcomments&post=6460"}],"version-history":[{"count":8,"href":"https:\/\/almkullens.se\/index.php?rest_route=\/wp\/v2\/posts\/6460\/revisions"}],"predecessor-version":[{"id":6529,"href":"https:\/\/almkullens.se\/index.php?rest_route=\/wp\/v2\/posts\/6460\/revisions\/6529"}],"wp:attachment":[{"href":"https:\/\/almkullens.se\/index.php?rest_route=%2Fwp%2Fv2%2Fmedia&parent=6460"}],"wp:term":[{"taxonomy":"category","embeddable":true,"href":"https:\/\/almkullens.se\/index.php?rest_route=%2Fwp%2Fv2%2Fcategories&post=6460"},{"taxonomy":"post_tag","embeddable":true,"href":"https:\/\/almkullens.se\/index.php?rest_route=%2Fwp%2Fv2%2Ftags&post=6460"}],"curies":[{"name":"wp","href":"https:\/\/api.w.org\/{rel}","templated":true}]}}