{"id":6432,"date":"2015-12-26T09:09:30","date_gmt":"2015-12-26T08:09:30","guid":{"rendered":"http:\/\/almkullens.se\/?p=6432"},"modified":"2015-12-28T19:46:41","modified_gmt":"2015-12-28T18:46:41","slug":"aret-2015","status":"publish","type":"post","link":"https:\/\/almkullens.se\/?p=6432","title":{"rendered":"\u00c5ret 2015"},"content":{"rendered":"<p><a href=\"https:\/\/almkullens.se\/wp-content\/uploads\/2015\/08\/3Q1A2247.jpg\"  rel=\"lightbox[6432] attachment wp-att-5700\"><img loading=\"lazy\" decoding=\"async\" class=\"alignright size-medium wp-image-5700\" src=\"https:\/\/almkullens.se\/wp-content\/uploads\/2015\/08\/3Q1A2247-300x200.jpg\" alt=\"Almkullens Akira\" width=\"300\" height=\"200\" srcset=\"https:\/\/almkullens.se\/wp-content\/uploads\/2015\/08\/3Q1A2247-300x200.jpg 300w, https:\/\/almkullens.se\/wp-content\/uploads\/2015\/08\/3Q1A2247-1024x683.jpg 1024w, https:\/\/almkullens.se\/wp-content\/uploads\/2015\/08\/3Q1A2247.jpg 1800w\" sizes=\"auto, (max-width: 300px) 100vw, 300px\" \/><\/a>H\u00e4r kommer en sammanfattning av n\u00e5gra av \u00e5rets h\u00f6jdpunkter! V\u00e5r kennel har haft fantastiska framg\u00e5ngar under \u00e5ret\u00a0och det \u00e4r med mycket stor gl\u00e4dje och stolthet som vi gratulerar och lyck\u00f6nskar alla v\u00e5ra duktiga valpk\u00f6pare!<\/p>\n<p>I A-kullen (P\u00e5lamalmens Elva\/Stevns\u00e5ens Valde) s\u00e5 har Almkullens Akira med husse Stefan f\u00e5tt 2 st 1:a pris i Ekl Fj\u00e4ll! Saknas nu &#8221;bara&#8221; en 1:a&#8230; till Championatet&#8230; Hon har \u00e4ven\u00a0f\u00e5tt Excellent p\u00e5 utst\u00e4llning och dessutom en kull med 2st fina valpar!<a href=\"https:\/\/almkullens.se\/wp-content\/uploads\/2015\/08\/3Q1A1421.jpg\"  rel=\"lightbox[6432] attachment wp-att-5682\"><img loading=\"lazy\" decoding=\"async\" class=\"alignleft size-medium wp-image-5682\" src=\"https:\/\/almkullens.se\/wp-content\/uploads\/2015\/08\/3Q1A1421-300x200.jpg\" alt=\"Almkullens Alonso\" width=\"300\" height=\"200\" srcset=\"https:\/\/almkullens.se\/wp-content\/uploads\/2015\/08\/3Q1A1421-300x200.jpg 300w, https:\/\/almkullens.se\/wp-content\/uploads\/2015\/08\/3Q1A1421-1024x683.jpg 1024w, https:\/\/almkullens.se\/wp-content\/uploads\/2015\/08\/3Q1A1421.jpg 1800w\" sizes=\"auto, (max-width: 300px) 100vw, 300px\" \/><\/a><\/p>\n<p>Hennes bror Alonso med husse Mats har ocks\u00e5 haft framg\u00e5ngar\u00a0p\u00e5 jaktprov, ett 2:a pris och ett 1:a pris \u00d6kl Fj\u00e4ll, s\u00e5 nu \u00e4r \u00e4ven han Elithund!<a href=\"https:\/\/almkullens.se\/wp-content\/uploads\/2015\/08\/300.jpg\"  rel=\"lightbox[6432] attachment wp-att-5709\"><img loading=\"lazy\" decoding=\"async\" class=\"alignright  wp-image-5709\" src=\"https:\/\/almkullens.se\/wp-content\/uploads\/2015\/08\/300-300x200.jpg\" alt=\"Almkullens Alex \u00c4g: Janne Berntsson\" width=\"285\" height=\"190\" srcset=\"https:\/\/almkullens.se\/wp-content\/uploads\/2015\/08\/300-300x200.jpg 300w, https:\/\/almkullens.se\/wp-content\/uploads\/2015\/08\/300-1024x683.jpg 1024w, https:\/\/almkullens.se\/wp-content\/uploads\/2015\/08\/300.jpg 1800w\" sizes=\"auto, (max-width: 285px) 100vw, 285px\" \/><\/a><\/p>\n<p>Alex med husse Janne var med p\u00e5 jubileumsutst\u00e4llningen och fick d\u00e4r ett Excellent!<\/p>\n<p><a href=\"https:\/\/almkullens.se\/wp-content\/uploads\/2015\/12\/3Q1A3800.jpg\"  rel=\"lightbox[6432] attachment wp-att-6409\"><img loading=\"lazy\" decoding=\"async\" class=\"alignleft wp-image-6409 \" src=\"https:\/\/almkullens.se\/wp-content\/uploads\/2015\/12\/3Q1A3800-300x200.jpg\" alt=\"Almkullens Aska\" width=\"278\" height=\"185\" srcset=\"https:\/\/almkullens.se\/wp-content\/uploads\/2015\/12\/3Q1A3800-300x200.jpg 300w, https:\/\/almkullens.se\/wp-content\/uploads\/2015\/12\/3Q1A3800-768x512.jpg 768w, https:\/\/almkullens.se\/wp-content\/uploads\/2015\/12\/3Q1A3800-1024x683.jpg 1024w, https:\/\/almkullens.se\/wp-content\/uploads\/2015\/12\/3Q1A3800.jpg 1800w\" sizes=\"auto, (max-width: 278px) 100vw, 278px\" \/><\/a><\/p>\n<p>V\u00e5ran\u00a0Aska blev i januari Svensk Utst\u00e4llningschampion!<br \/>Aska var ocks\u00e5 med p\u00e5 Bretonklubbens stora Jubileumsutst\u00e4llning.\u00a0(70 startande hundar)\u00a0d\u00e4r vann hon Championklassen och blev BTKL: 4.<\/p>\n<p><a href=\"https:\/\/almkullens.se\/wp-content\/uploads\/2015\/10\/Almkullens-Bijou.jpg\"  rel=\"lightbox[6432] attachment wp-att-6132\"><img loading=\"lazy\" decoding=\"async\" class=\" wp-image-6132 alignright\" src=\"https:\/\/almkullens.se\/wp-content\/uploads\/2015\/10\/Almkullens-Bijou-300x200.jpg\" alt=\"Almkullens Bijou\" width=\"248\" height=\"165\" srcset=\"https:\/\/almkullens.se\/wp-content\/uploads\/2015\/10\/Almkullens-Bijou-300x200.jpg 300w, https:\/\/almkullens.se\/wp-content\/uploads\/2015\/10\/Almkullens-Bijou-1024x683.jpg 1024w, https:\/\/almkullens.se\/wp-content\/uploads\/2015\/10\/Almkullens-Bijou.jpg 1800w\" sizes=\"auto, (max-width: 248px) 100vw, 248px\" \/><\/a><\/p>\n<p>&nbsp;<\/p>\n<p>I B-kullen (Tors Riva\/F\u00f8nsvigs Darwin) s\u00e5 har Robert startat med Bijou och de fixade ett 3:e pris i \u00d6kl F\u00e4lt.<\/p>\n<p><a href=\"https:\/\/almkullens.se\/wp-content\/uploads\/2015\/10\/3Q1A6796.jpg\"  rel=\"lightbox[6432] attachment wp-att-6100\"><img loading=\"lazy\" decoding=\"async\" class=\"alignleft size-medium wp-image-6100\" src=\"https:\/\/almkullens.se\/wp-content\/uploads\/2015\/10\/3Q1A6796-300x200.jpg\" alt=\"Almkullens Calla\" width=\"300\" height=\"200\" srcset=\"https:\/\/almkullens.se\/wp-content\/uploads\/2015\/10\/3Q1A6796-300x200.jpg 300w, https:\/\/almkullens.se\/wp-content\/uploads\/2015\/10\/3Q1A6796-1024x683.jpg 1024w, https:\/\/almkullens.se\/wp-content\/uploads\/2015\/10\/3Q1A6796.jpg 1800w\" sizes=\"auto, (max-width: 300px) 100vw, 300px\" \/><\/a><\/p>\n<p>&nbsp;<\/p>\n<p>I C-kullen (P\u00e5lamalmens Elva\/Midtvejs Loke) s\u00e5 har Almkullens Calla med husse Pontus f\u00e5tt\u00a0p\u00e5 v\u00e5rfj\u00e4llet 3 st 2:a pris \u00d6kl och de startade sedan p\u00e5 h\u00f6sten p\u00e5 F\u00e4lt d\u00e4r det f\u00f6rst blev ett 3:e pris och sedan ett 1:a pris \u00d6kl! <br \/>Calla \u00e4r\u00a0nu ocks\u00e5 hon en\u00a0Elithund!<\/p>\n<p><a href=\"https:\/\/almkullens.se\/wp-content\/uploads\/2015\/04\/830.jpg\"  rel=\"lightbox[6432] attachment wp-att-5332\"><img loading=\"lazy\" decoding=\"async\" class=\"alignright  wp-image-5332\" src=\"https:\/\/almkullens.se\/wp-content\/uploads\/2015\/04\/830-300x200.jpg\" alt=\"Almkullens Castro\" width=\"305\" height=\"203\" srcset=\"https:\/\/almkullens.se\/wp-content\/uploads\/2015\/04\/830-300x200.jpg 300w, https:\/\/almkullens.se\/wp-content\/uploads\/2015\/04\/830-1024x683.jpg 1024w, https:\/\/almkullens.se\/wp-content\/uploads\/2015\/04\/830.jpg 1800w\" sizes=\"auto, (max-width: 305px) 100vw, 305px\" \/><\/a>Callas bror Castro startade p\u00e5 prov i Danmark d\u00e4r han och husse Peter Boustedt er\u00f6vrade 2 st 2:a pris i \u00d6kl! <br \/>De\u00a0har ocks\u00e5 startat p\u00e5 fj\u00e4ll och d\u00e4r f\u00e5tt ett 3:e pris \u00d6kl,<br \/>Castro har dessutom under \u00e5ret f\u00e5tt Excellent p\u00e5 utst\u00e4llning!<a href=\"https:\/\/almkullens.se\/wp-content\/uploads\/2014\/08\/IMG_6989.jpg\"  rel=\"lightbox[6432] attachment wp-att-3978\"><img loading=\"lazy\" decoding=\"async\" class=\" wp-image-3978 alignleft\" src=\"https:\/\/almkullens.se\/wp-content\/uploads\/2014\/08\/IMG_6989-300x199.jpg\" alt=\"Almkullens Demi\" width=\"278\" height=\"184\" srcset=\"https:\/\/almkullens.se\/wp-content\/uploads\/2014\/08\/IMG_6989-300x199.jpg 300w, https:\/\/almkullens.se\/wp-content\/uploads\/2014\/08\/IMG_6989-1024x682.jpg 1024w, https:\/\/almkullens.se\/wp-content\/uploads\/2014\/08\/IMG_6989.jpg 2048w\" sizes=\"auto, (max-width: 278px) 100vw, 278px\" \/><\/a><\/p>\n<p>&nbsp;<\/p>\n<p>I D-kullen (Tors Riva\/Fabian Du Vallon De La Rigaude) blev Demi i b\u00f6rjan p\u00e5 \u00e5ret\u00a0utn\u00e4mnd till \u00c5rets Unghund Breton 2014!\u00a0<br \/>Efter stor v\u00e5nda s\u00e5 best\u00e4mde vi oss f\u00f6r att s\u00e4lja Demi d\u00e5 hon har C p\u00e5 h\u00f6fterna, hon har det mycket bra hos sina nya \u00e4gare Ove och Monika.<\/p>\n<p><a href=\"https:\/\/almkullens.se\/wp-content\/uploads\/2014\/09\/3Q1A0681.jpg\"  rel=\"lightbox[6432] attachment wp-att-6219\"><img loading=\"lazy\" decoding=\"async\" class=\"alignright  wp-image-6219\" src=\"https:\/\/almkullens.se\/wp-content\/uploads\/2014\/09\/3Q1A0681-300x200.jpg\" alt=\"Almkullens Eamon\" width=\"310\" height=\"206\" srcset=\"https:\/\/almkullens.se\/wp-content\/uploads\/2014\/09\/3Q1A0681-300x200.jpg 300w, https:\/\/almkullens.se\/wp-content\/uploads\/2014\/09\/3Q1A0681-1024x683.jpg 1024w, https:\/\/almkullens.se\/wp-content\/uploads\/2014\/09\/3Q1A0681.jpg 1800w\" sizes=\"auto, (max-width: 310px) 100vw, 310px\" \/><\/a>I E-kullen (Almkullens Aska\/Carl D\u2019ar Roc\u2019h Bernez) s\u00e5 har 5 av de 6 unghundarna\u00a0g\u00e5tt till fina pris p\u00e5 jaktprov!<\/p>\n<p>Eamon har med husse\u00a0Rickard f\u00e5tt 1:a pris med HP Ukl p\u00e5 F\u00e4lt! <br \/>Och Very Good p\u00e5 utst\u00e4llning.<a href=\"https:\/\/almkullens.se\/wp-content\/uploads\/2015\/10\/Almkullens-Eros-3.jpg\"  rel=\"lightbox[6432] attachment wp-att-6145\"><img loading=\"lazy\" decoding=\"async\" class=\"alignleft  wp-image-6145\" src=\"https:\/\/almkullens.se\/wp-content\/uploads\/2015\/10\/Almkullens-Eros-3-300x200.jpg\" alt=\" \" width=\"279\" height=\"186\" srcset=\"https:\/\/almkullens.se\/wp-content\/uploads\/2015\/10\/Almkullens-Eros-3-300x200.jpg 300w, https:\/\/almkullens.se\/wp-content\/uploads\/2015\/10\/Almkullens-Eros-3-1024x683.jpg 1024w, https:\/\/almkullens.se\/wp-content\/uploads\/2015\/10\/Almkullens-Eros-3.jpg 1800w\" sizes=\"auto, (max-width: 279px) 100vw, 279px\" \/><\/a><\/p>\n<p>&nbsp;<\/p>\n<p>Eros fick med matte Tove ett 1:a pris med HP p\u00e5 f\u00e4ltprov i Ukl!<br \/>Han har ocks\u00e5 f\u00e5tt ett Very Good p\u00e5 utst\u00e4llning.<a href=\"https:\/\/almkullens.se\/wp-content\/uploads\/2015\/10\/Almkullens-Embla.jpg\"  rel=\"lightbox[6432] attachment wp-att-6143\"><img loading=\"lazy\" decoding=\"async\" class=\"alignright size-medium wp-image-6143\" src=\"https:\/\/almkullens.se\/wp-content\/uploads\/2015\/10\/Almkullens-Embla-300x200.jpg\" alt=\"Almkullens Embla\" width=\"300\" height=\"200\" srcset=\"https:\/\/almkullens.se\/wp-content\/uploads\/2015\/10\/Almkullens-Embla-300x200.jpg 300w, https:\/\/almkullens.se\/wp-content\/uploads\/2015\/10\/Almkullens-Embla-1024x683.jpg 1024w, https:\/\/almkullens.se\/wp-content\/uploads\/2015\/10\/Almkullens-Embla.jpg 1800w\" sizes=\"auto, (max-width: 300px) 100vw, 300px\" \/><\/a><\/p>\n<p>Embla har med husse Helge f\u00e5tt ett 1:a pris, 2&#215;2:a pris och ett 3:e pris i Ukl F\u00e4lt.<br \/>De har ocks\u00e5 startat i \u00d6kl och d\u00e4r f\u00e5tt ett 2:a pris! <br \/>Embla \u00e4r \u00e4ven\u00a0visad p\u00e5 utst\u00e4llning och d\u00e4r f\u00e5tt ett Excellent.<a href=\"https:\/\/almkullens.se\/wp-content\/uploads\/2015\/10\/Almkullens-Ella.jpg\"  rel=\"lightbox[6432] attachment wp-att-6141\"><img loading=\"lazy\" decoding=\"async\" class=\" wp-image-6141 alignleft\" src=\"https:\/\/almkullens.se\/wp-content\/uploads\/2015\/10\/Almkullens-Ella-300x200.jpg\" alt=\"Almkullens Ella\" width=\"281\" height=\"187\" srcset=\"https:\/\/almkullens.se\/wp-content\/uploads\/2015\/10\/Almkullens-Ella-300x200.jpg 300w, https:\/\/almkullens.se\/wp-content\/uploads\/2015\/10\/Almkullens-Ella-1024x683.jpg 1024w, https:\/\/almkullens.se\/wp-content\/uploads\/2015\/10\/Almkullens-Ella.jpg 1800w\" sizes=\"auto, (max-width: 281px) 100vw, 281px\" \/><\/a><\/p>\n<p>&nbsp;<\/p>\n<p>Ella har med Husse B\u00f6rje f\u00e5tt 3 st 2:a pris Ukl p\u00e5 f\u00e4lt!<\/p>\n<p><a href=\"https:\/\/almkullens.se\/wp-content\/uploads\/2015\/08\/3Q1A1276.jpg\"  rel=\"lightbox[6432] attachment wp-att-5676\"><img loading=\"lazy\" decoding=\"async\" class=\"alignright  wp-image-5676\" src=\"https:\/\/almkullens.se\/wp-content\/uploads\/2015\/08\/3Q1A1276-300x200.jpg\" alt=\"3Q1A1276\" width=\"311\" height=\"207\" srcset=\"https:\/\/almkullens.se\/wp-content\/uploads\/2015\/08\/3Q1A1276-300x200.jpg 300w, https:\/\/almkullens.se\/wp-content\/uploads\/2015\/08\/3Q1A1276-1024x683.jpg 1024w, https:\/\/almkullens.se\/wp-content\/uploads\/2015\/08\/3Q1A1276.jpg 1800w\" sizes=\"auto, (max-width: 311px) 100vw, 311px\" \/><\/a><\/p>\n<p>Ebba har med matte Karin f\u00e5tt ett 2:a pris Ukl p\u00e5 fj\u00e4ll.<br \/>De har ocks\u00e5 f\u00e5tt ett Excellent p\u00e5 utst\u00e4llning!<\/p>\n<p><a href=\"https:\/\/almkullens.se\/wp-content\/uploads\/2015\/04\/011.jpg\"  rel=\"lightbox[6432] attachment wp-att-5214\"><img loading=\"lazy\" decoding=\"async\" class=\"alignleft  wp-image-5214\" src=\"https:\/\/almkullens.se\/wp-content\/uploads\/2015\/04\/011-300x200.jpg\" alt=\"011\" width=\"272\" height=\"181\" srcset=\"https:\/\/almkullens.se\/wp-content\/uploads\/2015\/04\/011-300x200.jpg 300w, https:\/\/almkullens.se\/wp-content\/uploads\/2015\/04\/011-1024x683.jpg 1024w, https:\/\/almkullens.se\/wp-content\/uploads\/2015\/04\/011.jpg 1800w\" sizes=\"auto, (max-width: 272px) 100vw, 272px\" \/><\/a><\/p>\n<p>&nbsp;<\/p>\n<figure id=\"attachment_6405\" aria-describedby=\"caption-attachment-6405\" style=\"width: 143px\" class=\"wp-caption alignright\"><a href=\"https:\/\/almkullens.se\/wp-content\/uploads\/2015\/08\/3Q1A4488.jpg\"  rel=\"lightbox[6432] attachment wp-att-6405\"><img loading=\"lazy\" decoding=\"async\" class=\" wp-image-6405\" src=\"https:\/\/almkullens.se\/wp-content\/uploads\/2015\/08\/3Q1A4488-300x200.jpg\" alt=\"Almkullens Fia\" width=\"143\" height=\"95\" srcset=\"https:\/\/almkullens.se\/wp-content\/uploads\/2015\/08\/3Q1A4488-300x200.jpg 300w, https:\/\/almkullens.se\/wp-content\/uploads\/2015\/08\/3Q1A4488-768x512.jpg 768w, https:\/\/almkullens.se\/wp-content\/uploads\/2015\/08\/3Q1A4488-1024x683.jpg 1024w, https:\/\/almkullens.se\/wp-content\/uploads\/2015\/08\/3Q1A4488.jpg 1800w\" sizes=\"auto, (max-width: 143px) 100vw, 143px\" \/><\/a><figcaption id=\"caption-attachment-6405\" class=\"wp-caption-text\">Almkullens Fia<\/figcaption><\/figure>\n<p>Elva fick i april 5\u00a0st valpar med Bob Des Landes Du Pech, Fia blev kvar h\u00e4r hos oss! Hon fick p\u00e5 jubileumsutst\u00e4llningen\u00a0Valpkl 4-6 m\u00e5n: 1 HP BIS\u00a0valp 2<\/p>\n<p>Ett stort, stort GRATTIS till alla som g\u00e5tt till pris och stort, stort TACK till alla v\u00e5ra duktiga valpk\u00f6pare som k\u00e4mpar p\u00e5 och tar s\u00e5 v\u00e4l hand om de sm\u00e5 liven som ni f\u00e5tt hem till er !!!\u00a0 \ud83d\ude00\u00a0<\/p>\n","protected":false},"excerpt":{"rendered":"<p>H\u00e4r kommer en sammanfattning av n\u00e5gra av \u00e5rets h\u00f6jdpunkter! V\u00e5r kennel har haft fantastiska framg\u00e5ngar under \u00e5ret\u00a0och det \u00e4r med mycket stor gl\u00e4dje och stolthet som vi gratulerar och lyck\u00f6nskar alla v\u00e5ra duktiga valpk\u00f6pare! I A-kullen (P\u00e5lamalmens Elva\/Stevns\u00e5ens Valde) s\u00e5 har Almkullens Akira med husse Stefan f\u00e5tt 2 st 1:a pris i Ekl Fj\u00e4ll! Saknas [&hellip;]<\/p>\n","protected":false},"author":1,"featured_media":0,"comment_status":"open","ping_status":"open","sticky":false,"template":"","format":"standard","meta":{"_crdt_document":"","advgb_blocks_editor_width":"","advgb_blocks_columns_visual_guide":"","_jetpack_memberships_contains_paid_content":false,"footnotes":""},"categories":[1],"tags":[],"class_list":["post-6432","post","type-post","status-publish","format-standard","hentry","category-hem","entry"],"author_meta":{"display_name":"Peter &amp; Johanna","author_link":"https:\/\/almkullens.se\/?author=1"},"featured_img":null,"jetpack_featured_media_url":"","coauthors":[],"tax_additional":{"categories":{"linked":["<a href=\"https:\/\/almkullens.se\/?cat=1\" class=\"advgb-post-tax-term\">Hem<\/a>"],"unlinked":["<span class=\"advgb-post-tax-term\">Hem<\/span>"]}},"comment_count":"0","relative_dates":{"created":"Publicerad 10 \u00e5r sedan","modified":"Uppdaterad 10 \u00e5r sedan"},"absolute_dates":{"created":"Publicerat den 26 december, 2015","modified":"Uppdaterad den 28 december, 2015"},"absolute_dates_time":{"created":"Publicerat den 26 december, 2015 09:09","modified":"Uppdaterad den 28 december, 2015 19:46"},"featured_img_caption":"","series_order":"","jetpack_sharing_enabled":true,"_links":{"self":[{"href":"https:\/\/almkullens.se\/index.php?rest_route=\/wp\/v2\/posts\/6432","targetHints":{"allow":["GET"]}}],"collection":[{"href":"https:\/\/almkullens.se\/index.php?rest_route=\/wp\/v2\/posts"}],"about":[{"href":"https:\/\/almkullens.se\/index.php?rest_route=\/wp\/v2\/types\/post"}],"author":[{"embeddable":true,"href":"https:\/\/almkullens.se\/index.php?rest_route=\/wp\/v2\/users\/1"}],"replies":[{"embeddable":true,"href":"https:\/\/almkullens.se\/index.php?rest_route=%2Fwp%2Fv2%2Fcomments&post=6432"}],"version-history":[{"count":14,"href":"https:\/\/almkullens.se\/index.php?rest_route=\/wp\/v2\/posts\/6432\/revisions"}],"predecessor-version":[{"id":6458,"href":"https:\/\/almkullens.se\/index.php?rest_route=\/wp\/v2\/posts\/6432\/revisions\/6458"}],"wp:attachment":[{"href":"https:\/\/almkullens.se\/index.php?rest_route=%2Fwp%2Fv2%2Fmedia&parent=6432"}],"wp:term":[{"taxonomy":"category","embeddable":true,"href":"https:\/\/almkullens.se\/index.php?rest_route=%2Fwp%2Fv2%2Fcategories&post=6432"},{"taxonomy":"post_tag","embeddable":true,"href":"https:\/\/almkullens.se\/index.php?rest_route=%2Fwp%2Fv2%2Ftags&post=6432"}],"curies":[{"name":"wp","href":"https:\/\/api.w.org\/{rel}","templated":true}]}}