{"id":6379,"date":"2015-12-04T11:25:09","date_gmt":"2015-12-04T10:25:09","guid":{"rendered":"http:\/\/almkullens.se\/?p=6379"},"modified":"2015-12-04T11:30:15","modified_gmt":"2015-12-04T10:30:15","slug":"resa","status":"publish","type":"post","link":"https:\/\/almkullens.se\/?p=6379","title":{"rendered":"Resa"},"content":{"rendered":"<p><a href=\"https:\/\/almkullens.se\/wp-content\/uploads\/2015\/12\/H\u00e9rak-de-la-Plaine-Marat-5.jpg\" rel=\"lightbox[6379]\"><img loading=\"lazy\" decoding=\"async\" class=\"alignright  wp-image-6380\" src=\"https:\/\/almkullens.se\/wp-content\/uploads\/2015\/12\/H\u00e9rak-de-la-Plaine-Marat-5-300x225.jpg\" alt=\"H\u00e9rak de la Plaine Marat 5\" width=\"290\" height=\"217\" srcset=\"https:\/\/almkullens.se\/wp-content\/uploads\/2015\/12\/H\u00e9rak-de-la-Plaine-Marat-5-300x225.jpg 300w, https:\/\/almkullens.se\/wp-content\/uploads\/2015\/12\/H\u00e9rak-de-la-Plaine-Marat-5-1024x767.jpg 1024w, https:\/\/almkullens.se\/wp-content\/uploads\/2015\/12\/H\u00e9rak-de-la-Plaine-Marat-5.jpg 1088w\" sizes=\"auto, (max-width: 290px) 100vw, 290px\" \/><\/a>Aska har b\u00f6rjat l\u00f6pa, s\u00e5 snart startar v\u00e5r resa till den snygga och mycket duktiga killen\u00a0H\u00e9rak de la Plaine Marat och hans husse Gilles Pasty,\u00a0H\u00e9rak\u00a0som nu i veckan fick ytterligare en Championtitel!\u00a0Champion sur Gibier Naturel (Champion p\u00e5 naturligt vilt) \u00e4r vi mycket glada och stolta \u00f6ver att f\u00e5 anv\u00e4nda i v\u00e5r avel!<\/p>\n<p>Vi hoppas att Aska och H\u00e9rak gillar varandra och att det blir m\u00e5nga fina friska valpar d\u00e5 intresset \u00e4r stort f\u00f6r den h\u00e4r kullen.<a href=\"https:\/\/almkullens.se\/wp-content\/uploads\/2015\/10\/3Q1A8441.jpg\" rel=\"lightbox[6379]\"><img loading=\"lazy\" decoding=\"async\" class=\"alignright  wp-image-6117\" src=\"https:\/\/almkullens.se\/wp-content\/uploads\/2015\/10\/3Q1A8441-300x200.jpg\" alt=\"3Q1A8441\" width=\"290\" height=\"193\" srcset=\"https:\/\/almkullens.se\/wp-content\/uploads\/2015\/10\/3Q1A8441-300x200.jpg 300w, https:\/\/almkullens.se\/wp-content\/uploads\/2015\/10\/3Q1A8441-1024x683.jpg 1024w, https:\/\/almkullens.se\/wp-content\/uploads\/2015\/10\/3Q1A8441.jpg 1800w\" sizes=\"auto, (max-width: 290px) 100vw, 290px\" \/><\/a><a href=\"https:\/\/almkullens.se\/wp-content\/uploads\/2015\/10\/3Q1A8842.jpg\" rel=\"lightbox[6379]\"><img loading=\"lazy\" decoding=\"async\" class=\"alignleft  wp-image-6121\" src=\"https:\/\/almkullens.se\/wp-content\/uploads\/2015\/10\/3Q1A8842-300x200.jpg\" alt=\"3Q1A8842\" width=\"290\" height=\"193\" srcset=\"https:\/\/almkullens.se\/wp-content\/uploads\/2015\/10\/3Q1A8842-300x200.jpg 300w, https:\/\/almkullens.se\/wp-content\/uploads\/2015\/10\/3Q1A8842-1024x683.jpg 1024w, https:\/\/almkullens.se\/wp-content\/uploads\/2015\/10\/3Q1A8842.jpg 1800w\" sizes=\"auto, (max-width: 290px) 100vw, 290px\" \/><\/a><\/p>\n<p>Aska \u00e4r helt suver\u00e4n i sin f\u00e5gelhantering, men hon fungerar ocks\u00e5 alldeles utm\u00e4rkt \u00e4ven p\u00e5 hare som det syns h\u00e4r p\u00e5 bilden.<\/p>\n<p>&nbsp;<\/p>\n","protected":false},"excerpt":{"rendered":"<p>Aska har b\u00f6rjat l\u00f6pa, s\u00e5 snart startar v\u00e5r resa till den snygga och mycket duktiga killen\u00a0H\u00e9rak de la Plaine Marat och hans husse Gilles Pasty,\u00a0H\u00e9rak\u00a0som nu i veckan fick ytterligare en Championtitel!\u00a0Champion sur Gibier Naturel (Champion p\u00e5 naturligt vilt) \u00e4r vi mycket glada och stolta \u00f6ver att f\u00e5 anv\u00e4nda i v\u00e5r avel! Vi hoppas att [&hellip;]<\/p>\n","protected":false},"author":1,"featured_media":0,"comment_status":"open","ping_status":"open","sticky":false,"template":"","format":"standard","meta":{"_crdt_document":"","advgb_blocks_editor_width":"","advgb_blocks_columns_visual_guide":"","_jetpack_memberships_contains_paid_content":false,"footnotes":""},"categories":[1],"tags":[],"class_list":["post-6379","post","type-post","status-publish","format-standard","hentry","category-hem","entry"],"author_meta":{"display_name":"Peter &amp; Johanna","author_link":"https:\/\/almkullens.se\/?author=1"},"featured_img":null,"jetpack_featured_media_url":"","coauthors":[],"tax_additional":{"categories":{"linked":["<a href=\"https:\/\/almkullens.se\/?cat=1\" class=\"advgb-post-tax-term\">Hem<\/a>"],"unlinked":["<span class=\"advgb-post-tax-term\">Hem<\/span>"]}},"comment_count":"2","relative_dates":{"created":"Publicerad 10 \u00e5r sedan","modified":"Uppdaterad 10 \u00e5r sedan"},"absolute_dates":{"created":"Publicerat den 4 december, 2015","modified":"Uppdaterad den 4 december, 2015"},"absolute_dates_time":{"created":"Publicerat den 4 december, 2015 11:25","modified":"Uppdaterad den 4 december, 2015 11:30"},"featured_img_caption":"","series_order":"","jetpack_sharing_enabled":true,"_links":{"self":[{"href":"https:\/\/almkullens.se\/index.php?rest_route=\/wp\/v2\/posts\/6379","targetHints":{"allow":["GET"]}}],"collection":[{"href":"https:\/\/almkullens.se\/index.php?rest_route=\/wp\/v2\/posts"}],"about":[{"href":"https:\/\/almkullens.se\/index.php?rest_route=\/wp\/v2\/types\/post"}],"author":[{"embeddable":true,"href":"https:\/\/almkullens.se\/index.php?rest_route=\/wp\/v2\/users\/1"}],"replies":[{"embeddable":true,"href":"https:\/\/almkullens.se\/index.php?rest_route=%2Fwp%2Fv2%2Fcomments&post=6379"}],"version-history":[{"count":3,"href":"https:\/\/almkullens.se\/index.php?rest_route=\/wp\/v2\/posts\/6379\/revisions"}],"predecessor-version":[{"id":6383,"href":"https:\/\/almkullens.se\/index.php?rest_route=\/wp\/v2\/posts\/6379\/revisions\/6383"}],"wp:attachment":[{"href":"https:\/\/almkullens.se\/index.php?rest_route=%2Fwp%2Fv2%2Fmedia&parent=6379"}],"wp:term":[{"taxonomy":"category","embeddable":true,"href":"https:\/\/almkullens.se\/index.php?rest_route=%2Fwp%2Fv2%2Fcategories&post=6379"},{"taxonomy":"post_tag","embeddable":true,"href":"https:\/\/almkullens.se\/index.php?rest_route=%2Fwp%2Fv2%2Ftags&post=6379"}],"curies":[{"name":"wp","href":"https:\/\/api.w.org\/{rel}","templated":true}]}}