{"id":623,"date":"2010-12-19T16:13:42","date_gmt":"2010-12-19T16:13:42","guid":{"rendered":"http:\/\/almkullens.se\/?p=623"},"modified":"2010-12-19T16:13:42","modified_gmt":"2010-12-19T16:13:42","slug":"en-trevlig-bekantskap","status":"publish","type":"post","link":"https:\/\/almkullens.se\/?p=623","title":{"rendered":"En trevlig bekantskap"},"content":{"rendered":"<p>\u00a0[singlepic id=97 w=320 h=240 float=right]H\u00e4r i v\u00e4neryr s\u00e5 \u00e4r allt i sin ordning.. Det sn\u00f6ar mer \u00e4n n\u00e5gonsin s\u00e5 det e\u00b4k\u00e4rvt att h\u00e5lla skidsp\u00e5ret p\u00e5 mossen \u00f6ppet trots att b\u00e5de jag och Johanna f\u00f6rs\u00f6ker mest varje dag med hundarnas hj\u00e4lp att f\u00f6rs\u00f6ka g\u00f6ra n\u00e5got som liknar ett sp\u00e5r&#8230; det d\u00e4r med skidsp\u00e5r har vi gett upp. Den sista veckan har vi haft trevligt bes\u00f6k av 2st hundar som vi passat f\u00f6r v\u00e5ra goda v\u00e4nner fr\u00e5n Tidaholm d\u00e5 de varit iv\u00e4g p\u00e5 en v\u00e4lf\u00f6rtj\u00e4nt semester.<!--more-->\u00a0Hed\u00e4ngens I-Coral och Hed\u00e4ngens Karma har varit h\u00e4r och det har varit riktigt trevligt att f\u00e5 umg\u00e5s lite med dessa.<\/p>\n<p>Tomas var lite orolig att v\u00e5ra 2 katter skulle f\u00e5 det hett om \u00f6ronen men det gick precis som jag trodde&#8230; lite stelt i n\u00e5gra dagar och sedan s\u00e5 var flocken 7st individer. Att sova i samma korg och dricka tillsammans ur samma vattensk\u00e5l gick alldeles j\u00e4ttebra.\u00a0 D\u00e5 vi varit ute s\u00e5 har det varit full fart med mycket lek i den djupa sn\u00f6n s\u00e5 \u00e4ngarna h\u00e4r hemma ser ut som det sprungit en flock med vildh\u00e4star \u00f6ver dem ist\u00e4llet f\u00f6r ett och annat r\u00e5djurssp\u00e5r. Inne s\u00e5 har det varit lungt och fint som vanligt s\u00e5 allt har bara varit trevligt&#8230;<\/p>\n<p>Snart s\u00e5 \u00e4r julen \u00f6ver oss och det ska bli riktigt sk\u00f6nt.. Det \u00e4r meningen att denna ska avfiras h\u00e4r hos oss i \u00e5r med alla barn (utom Mattias som ligger i lumpen) och lite sl\u00e4ktingar.\u00a0Det blir v\u00e4l ingen st\u00f6rre palaver men det \u00e4r ju lite mat som skall fixas s\u00e5 hundarna kommer nog att m\u00e5 gott med mig i k\u00f6ket denna vecka d\u00e5 maten ska lagas till \ud83d\ude42 [nggallery id=5]<\/p>\n","protected":false},"excerpt":{"rendered":"<p>\u00a0[singlepic id=97 w=320 h=240 float=right]H\u00e4r i v\u00e4neryr s\u00e5 \u00e4r allt i sin ordning.. Det sn\u00f6ar mer \u00e4n n\u00e5gonsin s\u00e5 det e\u00b4k\u00e4rvt att h\u00e5lla skidsp\u00e5ret p\u00e5 mossen \u00f6ppet trots att b\u00e5de jag och Johanna f\u00f6rs\u00f6ker mest varje dag med hundarnas hj\u00e4lp att f\u00f6rs\u00f6ka g\u00f6ra n\u00e5got som liknar ett sp\u00e5r&#8230; det d\u00e4r med skidsp\u00e5r har vi gett [&hellip;]<\/p>\n","protected":false},"author":1,"featured_media":0,"comment_status":"open","ping_status":"open","sticky":false,"template":"","format":"standard","meta":{"_crdt_document":"","advgb_blocks_editor_width":"","advgb_blocks_columns_visual_guide":"","_jetpack_memberships_contains_paid_content":false,"footnotes":""},"categories":[1],"tags":[],"class_list":["post-623","post","type-post","status-publish","format-standard","hentry","category-hem","entry"],"author_meta":{"display_name":"Peter &amp; Johanna","author_link":"https:\/\/almkullens.se\/?author=1"},"featured_img":null,"jetpack_featured_media_url":"","coauthors":[],"tax_additional":{"categories":{"linked":["<a href=\"https:\/\/almkullens.se\/?cat=1\" class=\"advgb-post-tax-term\">Hem<\/a>"],"unlinked":["<span class=\"advgb-post-tax-term\">Hem<\/span>"]}},"comment_count":"1","relative_dates":{"created":"Publicerad 15 \u00e5r sedan","modified":"Uppdaterad 15 \u00e5r sedan"},"absolute_dates":{"created":"Publicerat den 19 december, 2010","modified":"Uppdaterad den 19 december, 2010"},"absolute_dates_time":{"created":"Publicerat den 19 december, 2010 16:13","modified":"Uppdaterad den 19 december, 2010 16:13"},"featured_img_caption":"","series_order":"","jetpack_sharing_enabled":true,"_links":{"self":[{"href":"https:\/\/almkullens.se\/index.php?rest_route=\/wp\/v2\/posts\/623","targetHints":{"allow":["GET"]}}],"collection":[{"href":"https:\/\/almkullens.se\/index.php?rest_route=\/wp\/v2\/posts"}],"about":[{"href":"https:\/\/almkullens.se\/index.php?rest_route=\/wp\/v2\/types\/post"}],"author":[{"embeddable":true,"href":"https:\/\/almkullens.se\/index.php?rest_route=\/wp\/v2\/users\/1"}],"replies":[{"embeddable":true,"href":"https:\/\/almkullens.se\/index.php?rest_route=%2Fwp%2Fv2%2Fcomments&post=623"}],"version-history":[{"count":10,"href":"https:\/\/almkullens.se\/index.php?rest_route=\/wp\/v2\/posts\/623\/revisions"}],"predecessor-version":[{"id":634,"href":"https:\/\/almkullens.se\/index.php?rest_route=\/wp\/v2\/posts\/623\/revisions\/634"}],"wp:attachment":[{"href":"https:\/\/almkullens.se\/index.php?rest_route=%2Fwp%2Fv2%2Fmedia&parent=623"}],"wp:term":[{"taxonomy":"category","embeddable":true,"href":"https:\/\/almkullens.se\/index.php?rest_route=%2Fwp%2Fv2%2Fcategories&post=623"},{"taxonomy":"post_tag","embeddable":true,"href":"https:\/\/almkullens.se\/index.php?rest_route=%2Fwp%2Fv2%2Ftags&post=623"}],"curies":[{"name":"wp","href":"https:\/\/api.w.org\/{rel}","templated":true}]}}