{"id":6098,"date":"2015-10-11T22:04:12","date_gmt":"2015-10-11T20:04:12","guid":{"rendered":"http:\/\/almkullens.se\/?p=6098"},"modified":"2015-10-11T22:04:12","modified_gmt":"2015-10-11T20:04:12","slug":"vilken-helg-2","status":"publish","type":"post","link":"https:\/\/almkullens.se\/?p=6098","title":{"rendered":"Vilken helg!"},"content":{"rendered":"<p><a href=\"https:\/\/almkullens.se\/wp-content\/uploads\/2015\/10\/3Q1A6796.jpg\" rel=\"lightbox[6098]\"><img loading=\"lazy\" decoding=\"async\" class=\"alignright size-medium wp-image-6100\" src=\"https:\/\/almkullens.se\/wp-content\/uploads\/2015\/10\/3Q1A6796-300x200.jpg\" alt=\"3Q1A6796\" width=\"300\" height=\"200\" srcset=\"https:\/\/almkullens.se\/wp-content\/uploads\/2015\/10\/3Q1A6796-300x200.jpg 300w, https:\/\/almkullens.se\/wp-content\/uploads\/2015\/10\/3Q1A6796-1024x683.jpg 1024w, https:\/\/almkullens.se\/wp-content\/uploads\/2015\/10\/3Q1A6796.jpg 1800w\" sizes=\"auto, (max-width: 300px) 100vw, 300px\" \/><\/a>I helgen hade bretonklubben sitt jaktprov i Falk\u00f6ping och vi kan bara konstatera, vilka h\u00e4rliga och duktiga valpk\u00f6pare vi har!<\/p>\n<p>Under helgen\u00a0gick hela 6 st hundar med Almkullensprefix till pris!<br \/>Vi har f\u00e5tt en ny Elithund, n\u00e4mligen Almkullens Calla som med sin husse Pontus fick ett 1: a pris i \u00d6kl! wow Grattis! Domare\u00a0var\u00a0Lennart Berglund<br \/><a href=\"https:\/\/almkullens.se\/wp-content\/uploads\/2015\/10\/3Q1A5828.jpg\" rel=\"lightbox[6098]\"><img loading=\"lazy\" decoding=\"async\" class=\"alignleft size-medium wp-image-6101\" src=\"https:\/\/almkullens.se\/wp-content\/uploads\/2015\/10\/3Q1A5828-300x200.jpg\" alt=\"3Q1A5828\" width=\"300\" height=\"200\" srcset=\"https:\/\/almkullens.se\/wp-content\/uploads\/2015\/10\/3Q1A5828-300x200.jpg 300w, https:\/\/almkullens.se\/wp-content\/uploads\/2015\/10\/3Q1A5828-1024x683.jpg 1024w, https:\/\/almkullens.se\/wp-content\/uploads\/2015\/10\/3Q1A5828.jpg 1800w\" sizes=\"auto, (max-width: 300px) 100vw, 300px\" \/><\/a>Sedan har b\u00e5de Eamon med sin husse\u00a0Rickard och Eros med sin matte\u00a0Tove f\u00e5tt varsitt\u00a01:a pris med\u00a0HP\u00a0i Ukl, fantastiskt! Domare: Birger Knutsson<br \/>Ella fick med husse B\u00f6rje tv\u00e5 stycken 2:a pris i Ukl,\u00a0Embla fick med husse Helge ett 2:a pris i Ukl, Bijou fick\u00a0med husse Robert ett 3:e pris \u00d6kl\u00a0samt Calla som\u00a0med sin husse Pontus \u00e4ven fick ett 3:e pris \u00d6kl.<br \/>Vi \u00e4r grymt stolta \u00f6ver v\u00e5ra duktiga valpk\u00f6pare, ett STORT STORT GRATTIS!!!!<\/p>\n","protected":false},"excerpt":{"rendered":"<p>I helgen hade bretonklubben sitt jaktprov i Falk\u00f6ping och vi kan bara konstatera, vilka h\u00e4rliga och duktiga valpk\u00f6pare vi har! Under helgen\u00a0gick hela 6 st hundar med Almkullensprefix till pris!Vi har f\u00e5tt en ny Elithund, n\u00e4mligen Almkullens Calla som med sin husse Pontus fick ett 1: a pris i \u00d6kl! wow Grattis! Domare\u00a0var\u00a0Lennart BerglundSedan har [&hellip;]<\/p>\n","protected":false},"author":1,"featured_media":0,"comment_status":"open","ping_status":"open","sticky":false,"template":"","format":"standard","meta":{"_crdt_document":"","advgb_blocks_editor_width":"","advgb_blocks_columns_visual_guide":"","_jetpack_memberships_contains_paid_content":false,"footnotes":""},"categories":[1],"tags":[],"class_list":["post-6098","post","type-post","status-publish","format-standard","hentry","category-hem","entry"],"author_meta":{"display_name":"Peter &amp; Johanna","author_link":"https:\/\/almkullens.se\/?author=1"},"featured_img":null,"jetpack_featured_media_url":"","coauthors":[],"tax_additional":{"categories":{"linked":["<a href=\"https:\/\/almkullens.se\/?cat=1\" class=\"advgb-post-tax-term\">Hem<\/a>"],"unlinked":["<span class=\"advgb-post-tax-term\">Hem<\/span>"]}},"comment_count":"3","relative_dates":{"created":"Publicerad 11 \u00e5r sedan","modified":"Uppdaterad 11 \u00e5r sedan"},"absolute_dates":{"created":"Publicerat den 11 oktober, 2015","modified":"Uppdaterad den 11 oktober, 2015"},"absolute_dates_time":{"created":"Publicerat den 11 oktober, 2015 22:04","modified":"Uppdaterad den 11 oktober, 2015 22:04"},"featured_img_caption":"","series_order":"","jetpack_sharing_enabled":true,"_links":{"self":[{"href":"https:\/\/almkullens.se\/index.php?rest_route=\/wp\/v2\/posts\/6098","targetHints":{"allow":["GET"]}}],"collection":[{"href":"https:\/\/almkullens.se\/index.php?rest_route=\/wp\/v2\/posts"}],"about":[{"href":"https:\/\/almkullens.se\/index.php?rest_route=\/wp\/v2\/types\/post"}],"author":[{"embeddable":true,"href":"https:\/\/almkullens.se\/index.php?rest_route=\/wp\/v2\/users\/1"}],"replies":[{"embeddable":true,"href":"https:\/\/almkullens.se\/index.php?rest_route=%2Fwp%2Fv2%2Fcomments&post=6098"}],"version-history":[{"count":2,"href":"https:\/\/almkullens.se\/index.php?rest_route=\/wp\/v2\/posts\/6098\/revisions"}],"predecessor-version":[{"id":6102,"href":"https:\/\/almkullens.se\/index.php?rest_route=\/wp\/v2\/posts\/6098\/revisions\/6102"}],"wp:attachment":[{"href":"https:\/\/almkullens.se\/index.php?rest_route=%2Fwp%2Fv2%2Fmedia&parent=6098"}],"wp:term":[{"taxonomy":"category","embeddable":true,"href":"https:\/\/almkullens.se\/index.php?rest_route=%2Fwp%2Fv2%2Fcategories&post=6098"},{"taxonomy":"post_tag","embeddable":true,"href":"https:\/\/almkullens.se\/index.php?rest_route=%2Fwp%2Fv2%2Ftags&post=6098"}],"curies":[{"name":"wp","href":"https:\/\/api.w.org\/{rel}","templated":true}]}}