{"id":607,"date":"2010-12-01T20:52:44","date_gmt":"2010-12-01T20:52:44","guid":{"rendered":"http:\/\/almkullens.se\/?p=607"},"modified":"2010-12-02T04:45:38","modified_gmt":"2010-12-02T04:45:38","slug":"vad-har-hant","status":"publish","type":"post","link":"https:\/\/almkullens.se\/?p=607","title":{"rendered":"Vad har h\u00e4nt??"},"content":{"rendered":"<p>[singlepic id=90 w=320 h=240 float=right]Detta e\u00b4ju inte sant!! Som Bohusl\u00e4nningar s\u00e5 \u00e4r\u00a0vi luttrade vad det g\u00e4ller v\u00e4der med en m\u00f6rk kall november och december. G\u00e4rna med en 10-15 sekundmeter v\u00e4stan s\u00e5 att eiderstrecken kommer s\u00e5 n\u00e4ra in p\u00e5 land\u00a0att skjutningen blir l\u00e4tt och apporterna helst hamnar p\u00e5 land..<!--more--><\/p>\n<p>S\u00e5 \u00e4r det inte h\u00e4r hemma hos oss.. Inte f\u00f6r att vi bor i Bohusl\u00e4n men det \u00e4r ju s\u00e5 n\u00e4ra s\u00e5 det borde vara samma. (mindre \u00e4n 2 km) P\u00e5 de sista 12 dagarna s\u00e5 har en stor del av den tid som \u00e4r mellan jobbslut och s\u00e4ngg\u00e5ende g\u00e5tt \u00e5t till att r\u00f6ja v\u00e4gar, g\u00e5rdsplaner och tr\u00e4dg\u00e5rdsg\u00e5ngar f\u00f6r sn\u00f6!! Den beryktade v\u00e4nersn\u00f6n har slagit till och beg\u00e5vat oss med n\u00e4stan 60cm alldeles kritvit kallsn\u00f6 som under tiden det bl\u00e5ser \u00e4r ganska s\u00e5 besv\u00e4rlig att ha med att g\u00f6ra, men n\u00e4r det v\u00e4l yrt f\u00e4rdigt e\u00b4alldeles superh\u00e4rlig att pulsa runt i och \u00e5ka skidor p\u00e5. (n\u00e4r v\u00e4l sp\u00e5ret \u00e4r uppk\u00f6rt) Det \u00e4r ganska s\u00e5 h\u00e4ftigt f\u00f6r n\u00e4r vi sp\u00e4nde p\u00e5 oss skidorna i l\u00f6rdags s\u00e5 tog hundarna t\u00e4ten och sprang n\u00e4stan exakt i samma sp\u00e5r som skidsp\u00e5ret gick ifjol. Minne som en Breton kanske n\u00e5gon t\u00e4nker men det var faktiskt Edvin som var i t\u00e4ten, sm\u00e5r\u00e5ttorna sprang lata som de \u00e4r i Edvins plogf\u00e5ra.\u00a0 Egentligen s\u00e5 skulle det huggas och k\u00f6ras en del i skogen nu p\u00e5 helgerna men med all denna sn\u00f6 s\u00e5 f\u00e5r det bero ett litet tag f\u00f6r g\u00e5 med skyffel och gr\u00e4va fram de redan f\u00e4llda tr\u00e4den bara f\u00f6r att k\u00f6ra ut dem har vi ingen lust med&#8230; det som g\u00f6ms i sn\u00f6 kommer ju fram i t\u00f6. Fast det ser dystert ut just nu -21\u00a0i morse och de har lovat att det ska bli \u00e4n kallare i natt. Det kommer b\u00e4ttre tider med v\u00e4rme men \u00e4ven d\u00e5 s\u00e5 klagar vi, f\u00f6r hur roligt \u00e4r det att sl\u00e4ppa hunden i mitten av september n\u00e4r termometern visar +25 grader.<\/p>\n<p>[singlepic id=93 w=320 h=240 float=right]Vi g\u00e5r ju i v\u00e4ntans tider ocks\u00e5&#8230; Men den lilla damen Riva har inte b\u00f6rjat att l\u00f6pa \u00e4nnu?? Vi var t\u00e4mmeligen s\u00e4kra p\u00e5 att hon skulle dra ig\u00e5ng i mitten p\u00e5 November men s\u00e5 har inte skett s\u00e5 n\u00e4r vi f\u00e5r Danskt hanhunds bes\u00f6k h\u00e4r i V\u00e4neryr det vet vi inte riktigt nu, n\u00e5ja&#8230; hon b\u00f6rjar nog att l\u00f6pa tids nog och d\u00e5 f\u00e5r vi se om Zeus och Riva kan fatta tycke f\u00f6r varandra.<\/p>\n","protected":false},"excerpt":{"rendered":"<p>[singlepic id=90 w=320 h=240 float=right]Detta e\u00b4ju inte sant!! Som Bohusl\u00e4nningar s\u00e5 \u00e4r\u00a0vi luttrade vad det g\u00e4ller v\u00e4der med en m\u00f6rk kall november och december. G\u00e4rna med en 10-15 sekundmeter v\u00e4stan s\u00e5 att eiderstrecken kommer s\u00e5 n\u00e4ra in p\u00e5 land\u00a0att skjutningen blir l\u00e4tt och apporterna helst hamnar p\u00e5 land..<\/p>\n","protected":false},"author":1,"featured_media":0,"comment_status":"open","ping_status":"open","sticky":false,"template":"","format":"standard","meta":{"_crdt_document":"","advgb_blocks_editor_width":"","advgb_blocks_columns_visual_guide":"","_jetpack_memberships_contains_paid_content":false,"footnotes":""},"categories":[1],"tags":[],"class_list":["post-607","post","type-post","status-publish","format-standard","hentry","category-hem","entry"],"author_meta":{"display_name":"Peter &amp; Johanna","author_link":"https:\/\/almkullens.se\/?author=1"},"featured_img":null,"jetpack_featured_media_url":"","coauthors":[],"tax_additional":{"categories":{"linked":["<a href=\"https:\/\/almkullens.se\/?cat=1\" class=\"advgb-post-tax-term\">Hem<\/a>"],"unlinked":["<span class=\"advgb-post-tax-term\">Hem<\/span>"]}},"comment_count":"3","relative_dates":{"created":"Publicerad 15 \u00e5r sedan","modified":"Uppdaterad 15 \u00e5r sedan"},"absolute_dates":{"created":"Publicerat den 1 december, 2010","modified":"Uppdaterad den 2 december, 2010"},"absolute_dates_time":{"created":"Publicerat den 1 december, 2010 20:52","modified":"Uppdaterad den 2 december, 2010 04:45"},"featured_img_caption":"","series_order":"","jetpack_sharing_enabled":true,"_links":{"self":[{"href":"https:\/\/almkullens.se\/index.php?rest_route=\/wp\/v2\/posts\/607","targetHints":{"allow":["GET"]}}],"collection":[{"href":"https:\/\/almkullens.se\/index.php?rest_route=\/wp\/v2\/posts"}],"about":[{"href":"https:\/\/almkullens.se\/index.php?rest_route=\/wp\/v2\/types\/post"}],"author":[{"embeddable":true,"href":"https:\/\/almkullens.se\/index.php?rest_route=\/wp\/v2\/users\/1"}],"replies":[{"embeddable":true,"href":"https:\/\/almkullens.se\/index.php?rest_route=%2Fwp%2Fv2%2Fcomments&post=607"}],"version-history":[{"count":9,"href":"https:\/\/almkullens.se\/index.php?rest_route=\/wp\/v2\/posts\/607\/revisions"}],"predecessor-version":[{"id":618,"href":"https:\/\/almkullens.se\/index.php?rest_route=\/wp\/v2\/posts\/607\/revisions\/618"}],"wp:attachment":[{"href":"https:\/\/almkullens.se\/index.php?rest_route=%2Fwp%2Fv2%2Fmedia&parent=607"}],"wp:term":[{"taxonomy":"category","embeddable":true,"href":"https:\/\/almkullens.se\/index.php?rest_route=%2Fwp%2Fv2%2Fcategories&post=607"},{"taxonomy":"post_tag","embeddable":true,"href":"https:\/\/almkullens.se\/index.php?rest_route=%2Fwp%2Fv2%2Ftags&post=607"}],"curies":[{"name":"wp","href":"https:\/\/api.w.org\/{rel}","templated":true}]}}