{"id":6069,"date":"2015-09-12T12:20:14","date_gmt":"2015-09-12T10:20:14","guid":{"rendered":"http:\/\/almkullens.se\/?p=6069"},"modified":"2015-09-12T12:20:14","modified_gmt":"2015-09-12T10:20:14","slug":"ny-kull-planeras","status":"publish","type":"post","link":"https:\/\/almkullens.se\/?p=6069","title":{"rendered":"Ny kull planeras!"},"content":{"rendered":"<figure id=\"attachment_6052\" aria-describedby=\"caption-attachment-6052\" style=\"width: 300px\" class=\"wp-caption alignright\"><a href=\"https:\/\/almkullens.se\/wp-content\/uploads\/2015\/09\/3Q1A5497.jpg\" rel=\"lightbox[6069]\"><img loading=\"lazy\" decoding=\"async\" class=\"size-medium wp-image-6052\" src=\"https:\/\/almkullens.se\/wp-content\/uploads\/2015\/09\/3Q1A5497-300x200.jpg\" alt=\"Almkullens Aska\" width=\"300\" height=\"200\" srcset=\"https:\/\/almkullens.se\/wp-content\/uploads\/2015\/09\/3Q1A5497-300x200.jpg 300w, https:\/\/almkullens.se\/wp-content\/uploads\/2015\/09\/3Q1A5497-1024x683.jpg 1024w, https:\/\/almkullens.se\/wp-content\/uploads\/2015\/09\/3Q1A5497.jpg 1800w\" sizes=\"auto, (max-width: 300px) 100vw, 300px\" \/><\/a><figcaption id=\"caption-attachment-6052\" class=\"wp-caption-text\">Almkullens Aska<\/figcaption><\/figure>\n<p>Vi planerar f\u00f6r en ny kull valpar p\u00e5\u00a0Almkullens Aska\u00a0n\u00e4r hon l\u00f6per n\u00e4sta\u00a0g\u00e5ng, vi ber\u00e4knar att det blir i december.<\/p>\n<p>Aska \u00e4r b\u00e5de Svensk Jaktchampion och Svensk Utst\u00e4llningschampion, hon har HD: A och \u00e4r vit &amp; orange med svans och ca 49 cm h\u00f6g.\u00a0<br \/>L\u00e4s mer om Aska p\u00e5 hennes egen sida: <a href=\"https:\/\/almkullens.se\/?page_id=1022\">Almkullens Aska<br \/><\/a><\/p>\n<figure id=\"attachment_6070\" aria-describedby=\"caption-attachment-6070\" style=\"width: 300px\" class=\"wp-caption alignleft\"><a href=\"https:\/\/almkullens.se\/wp-content\/uploads\/2015\/09\/H\u00e9rak-de-la-Plaine-Marat.jpg\" rel=\"lightbox[6069]\"><img loading=\"lazy\" decoding=\"async\" class=\"size-medium wp-image-6070\" src=\"https:\/\/almkullens.se\/wp-content\/uploads\/2015\/09\/H\u00e9rak-de-la-Plaine-Marat-300x225.jpg\" alt=\"H\u00e9rak de la Plaine Marat\" width=\"300\" height=\"225\" srcset=\"https:\/\/almkullens.se\/wp-content\/uploads\/2015\/09\/H\u00e9rak-de-la-Plaine-Marat-300x225.jpg 300w, https:\/\/almkullens.se\/wp-content\/uploads\/2015\/09\/H\u00e9rak-de-la-Plaine-Marat-1024x768.jpg 1024w, https:\/\/almkullens.se\/wp-content\/uploads\/2015\/09\/H\u00e9rak-de-la-Plaine-Marat.jpg 1600w\" sizes=\"auto, (max-width: 300px) 100vw, 300px\" \/><\/a><figcaption id=\"caption-attachment-6070\" class=\"wp-caption-text\">H\u00e9rak de la Plaine Marat<\/figcaption><\/figure>\n<p>Den tillt\u00e4nkta hanen \u00e4r \u00a0H\u00e9rak de la Plaine Marat (CH. TR. Bayard dit bono De saint lubin HD: A\/Favie des Sources Claires HD: A), en ung fransk hane som har g\u00e5tt bra p\u00e5 jaktprov, han \u00e4r\u00a0Champion des Fields Trials de Printemps 2015 och\u00a01er \u00e0\u00a0L&#8217;Echelle de Valeur Printemps Solo 2015.<br \/>Han har Excellent p\u00e5 utst\u00e4llning.<br \/>H\u00e9rak \u00e4r en rekommenderad hane i Frankrike, cot.4, han har HD: A och \u00e4r en tricolor. <br \/>\u00c4gare och uppf\u00f6dare \u00e4r Gilles Pasty.<\/p>\n<figure id=\"attachment_6071\" aria-describedby=\"caption-attachment-6071\" style=\"width: 300px\" class=\"wp-caption alignright\"><a href=\"https:\/\/almkullens.se\/wp-content\/uploads\/2015\/09\/H\u00e9rak-de-la-Plaine-Marat-1.jpg\" rel=\"lightbox[6069]\"><img loading=\"lazy\" decoding=\"async\" class=\"size-medium wp-image-6071\" src=\"https:\/\/almkullens.se\/wp-content\/uploads\/2015\/09\/H\u00e9rak-de-la-Plaine-Marat-1-300x249.jpg\" alt=\"H\u00e9rak de la Plaine Marat\" width=\"300\" height=\"249\" srcset=\"https:\/\/almkullens.se\/wp-content\/uploads\/2015\/09\/H\u00e9rak-de-la-Plaine-Marat-1-300x249.jpg 300w, https:\/\/almkullens.se\/wp-content\/uploads\/2015\/09\/H\u00e9rak-de-la-Plaine-Marat-1.jpg 815w\" sizes=\"auto, (max-width: 300px) 100vw, 300px\" \/><\/a><figcaption id=\"caption-attachment-6071\" class=\"wp-caption-text\">H\u00e9rak de la Plaine Marat<\/figcaption><\/figure>\n<p>Intresserad? <br \/>Maila oss p\u00e5 <br \/>Almkullens@gmail.com <br \/>eller ring <br \/>Peter: 0703334566<br \/>Johanna: 0730542880<\/p>\n","protected":false},"excerpt":{"rendered":"<p>Vi planerar f\u00f6r en ny kull valpar p\u00e5\u00a0Almkullens Aska\u00a0n\u00e4r hon l\u00f6per n\u00e4sta\u00a0g\u00e5ng, vi ber\u00e4knar att det blir i december. Aska \u00e4r b\u00e5de Svensk Jaktchampion och Svensk Utst\u00e4llningschampion, hon har HD: A och \u00e4r vit &amp; orange med svans och ca 49 cm h\u00f6g.\u00a0L\u00e4s mer om Aska p\u00e5 hennes egen sida: Almkullens Aska Den tillt\u00e4nkta hanen [&hellip;]<\/p>\n","protected":false},"author":1,"featured_media":0,"comment_status":"open","ping_status":"open","sticky":false,"template":"","format":"standard","meta":{"_crdt_document":"","advgb_blocks_editor_width":"","advgb_blocks_columns_visual_guide":"","_jetpack_memberships_contains_paid_content":false,"footnotes":""},"categories":[1],"tags":[],"class_list":["post-6069","post","type-post","status-publish","format-standard","hentry","category-hem","entry"],"author_meta":{"display_name":"Peter &amp; Johanna","author_link":"https:\/\/almkullens.se\/?author=1"},"featured_img":null,"jetpack_featured_media_url":"","coauthors":[],"tax_additional":{"categories":{"linked":["<a href=\"https:\/\/almkullens.se\/?cat=1\" class=\"advgb-post-tax-term\">Hem<\/a>"],"unlinked":["<span class=\"advgb-post-tax-term\">Hem<\/span>"]}},"comment_count":"1","relative_dates":{"created":"Publicerad 11 \u00e5r sedan","modified":"Uppdaterad 11 \u00e5r sedan"},"absolute_dates":{"created":"Publicerat den 12 september, 2015","modified":"Uppdaterad den 12 september, 2015"},"absolute_dates_time":{"created":"Publicerat den 12 september, 2015 12:20","modified":"Uppdaterad den 12 september, 2015 12:20"},"featured_img_caption":"","series_order":"","jetpack_sharing_enabled":true,"_links":{"self":[{"href":"https:\/\/almkullens.se\/index.php?rest_route=\/wp\/v2\/posts\/6069","targetHints":{"allow":["GET"]}}],"collection":[{"href":"https:\/\/almkullens.se\/index.php?rest_route=\/wp\/v2\/posts"}],"about":[{"href":"https:\/\/almkullens.se\/index.php?rest_route=\/wp\/v2\/types\/post"}],"author":[{"embeddable":true,"href":"https:\/\/almkullens.se\/index.php?rest_route=\/wp\/v2\/users\/1"}],"replies":[{"embeddable":true,"href":"https:\/\/almkullens.se\/index.php?rest_route=%2Fwp%2Fv2%2Fcomments&post=6069"}],"version-history":[{"count":5,"href":"https:\/\/almkullens.se\/index.php?rest_route=\/wp\/v2\/posts\/6069\/revisions"}],"predecessor-version":[{"id":6076,"href":"https:\/\/almkullens.se\/index.php?rest_route=\/wp\/v2\/posts\/6069\/revisions\/6076"}],"wp:attachment":[{"href":"https:\/\/almkullens.se\/index.php?rest_route=%2Fwp%2Fv2%2Fmedia&parent=6069"}],"wp:term":[{"taxonomy":"category","embeddable":true,"href":"https:\/\/almkullens.se\/index.php?rest_route=%2Fwp%2Fv2%2Fcategories&post=6069"},{"taxonomy":"post_tag","embeddable":true,"href":"https:\/\/almkullens.se\/index.php?rest_route=%2Fwp%2Fv2%2Ftags&post=6069"}],"curies":[{"name":"wp","href":"https:\/\/api.w.org\/{rel}","templated":true}]}}