{"id":589,"date":"2010-11-18T20:25:00","date_gmt":"2010-11-18T20:25:00","guid":{"rendered":"http:\/\/almkullens.se\/?p=589"},"modified":"2010-11-18T21:11:12","modified_gmt":"2010-11-18T21:11:12","slug":"589","status":"publish","type":"post","link":"https:\/\/almkullens.se\/?p=589","title":{"rendered":"S\u00e4songens sista tr\u00e4nings tillf\u00e4lle??"},"content":{"rendered":"<p>[singlepic id=81 w=320 h=240 float=right]<img decoding=\"async\" title=\"(L\u00e4s mer...)\" src=\"https:\/\/almkullens.se\/wp-includes\/js\/tinymce\/plugins\/wordpress\/img\/trans.gif\" alt=\"\" \/>Som f\u00e5gelhunds\u00e4lskare s\u00e5 \u00e4r det ju s\u00e5 h\u00e4r man vill ha det.. Opl\u00f6jda stubbar, fint v\u00e4der och en stadig vind. F\u00f6r snart 14 dagar sedan s\u00e5 var vi ute och d\u00e5 s\u00e5g det ut s\u00e5 h\u00e4r p\u00e5 v\u00e5ra fina tr\u00e4ningsmarker vid Hullsj\u00f6n strax utanf\u00f6r Trollh\u00e4ttan.<!--more-->\u00a0Hundarna tog f\u00f6r sig riktigt rej\u00e4lt och hittade n\u00e5gra kullar med rapph\u00f6ns som inte riktigt betedde sig som de gjorde i slutet p\u00e5 augusti d\u00e5 de blev utsatta. Nu g\u00e4llde det att smyga sig fram och avancera hundarna p\u00e5 ganska s\u00e5 l\u00e5ngt h\u00e5ll f\u00f6r annars s\u00e5 st\u00f6tte man f\u00e5geln sj\u00e4lv. Att hundarna skulle r\u00e5ka ta en d\u00e5ligt flygg f\u00e5gel \u00e4r ett minne blott f\u00f6r nu s\u00e5 r\u00f6k det bara till, och hela kullen for iv\u00e4g som en enda. Kanske tur f\u00f6r sj\u00e4lvk\u00e4nslan att jakttiden p\u00e5 rapph\u00f6nsen var f\u00f6rbi f\u00f6r dessa sm\u00e5 missiler hade inte varit l\u00e4tta att tr\u00e4ffa med en hagelsv\u00e4rm.<\/p>\n<p>Sedan dess s\u00e5 har mycket h\u00e4nt&#8230; vi blev beg\u00e5vade med n\u00e4stan 30 cm med sn\u00f6 och fast\u00e4n det mesta av sn\u00f6n har\u00a0t\u00f6at bort s\u00e5 verkar det som vintern har kommit f\u00f6r att stanna f\u00f6r v\u00e4derprognosen har lovat mer kyla och mer av den vita varan. Nu s\u00e5 f\u00e5r vi sitta och titta p\u00e5 de bilder som har tagits tidigare p\u00e5 s\u00e4songen och l\u00e4ngta efter n\u00e4sta&#8230;<\/p>\n<p>\u00a0[nggallery id=4]<\/p>\n","protected":false},"excerpt":{"rendered":"<p>[singlepic id=81 w=320 h=240 float=right]Som f\u00e5gelhunds\u00e4lskare s\u00e5 \u00e4r det ju s\u00e5 h\u00e4r man vill ha det.. Opl\u00f6jda stubbar, fint v\u00e4der och en stadig vind. F\u00f6r snart 14 dagar sedan s\u00e5 var vi ute och d\u00e5 s\u00e5g det ut s\u00e5 h\u00e4r p\u00e5 v\u00e5ra fina tr\u00e4ningsmarker vid Hullsj\u00f6n strax utanf\u00f6r Trollh\u00e4ttan.<\/p>\n","protected":false},"author":1,"featured_media":0,"comment_status":"open","ping_status":"open","sticky":false,"template":"","format":"standard","meta":{"_crdt_document":"","advgb_blocks_editor_width":"","advgb_blocks_columns_visual_guide":"","_jetpack_memberships_contains_paid_content":false,"footnotes":""},"categories":[1],"tags":[],"class_list":["post-589","post","type-post","status-publish","format-standard","hentry","category-hem","entry"],"author_meta":{"display_name":"Peter &amp; Johanna","author_link":"https:\/\/almkullens.se\/?author=1"},"featured_img":null,"jetpack_featured_media_url":"","coauthors":[],"tax_additional":{"categories":{"linked":["<a href=\"https:\/\/almkullens.se\/?cat=1\" class=\"advgb-post-tax-term\">Hem<\/a>"],"unlinked":["<span class=\"advgb-post-tax-term\">Hem<\/span>"]}},"comment_count":"1","relative_dates":{"created":"Publicerad 15 \u00e5r sedan","modified":"Uppdaterad 15 \u00e5r sedan"},"absolute_dates":{"created":"Publicerat den 18 november, 2010","modified":"Uppdaterad den 18 november, 2010"},"absolute_dates_time":{"created":"Publicerat den 18 november, 2010 20:25","modified":"Uppdaterad den 18 november, 2010 21:11"},"featured_img_caption":"","series_order":"","jetpack_sharing_enabled":true,"_links":{"self":[{"href":"https:\/\/almkullens.se\/index.php?rest_route=\/wp\/v2\/posts\/589","targetHints":{"allow":["GET"]}}],"collection":[{"href":"https:\/\/almkullens.se\/index.php?rest_route=\/wp\/v2\/posts"}],"about":[{"href":"https:\/\/almkullens.se\/index.php?rest_route=\/wp\/v2\/types\/post"}],"author":[{"embeddable":true,"href":"https:\/\/almkullens.se\/index.php?rest_route=\/wp\/v2\/users\/1"}],"replies":[{"embeddable":true,"href":"https:\/\/almkullens.se\/index.php?rest_route=%2Fwp%2Fv2%2Fcomments&post=589"}],"version-history":[{"count":15,"href":"https:\/\/almkullens.se\/index.php?rest_route=\/wp\/v2\/posts\/589\/revisions"}],"predecessor-version":[{"id":605,"href":"https:\/\/almkullens.se\/index.php?rest_route=\/wp\/v2\/posts\/589\/revisions\/605"}],"wp:attachment":[{"href":"https:\/\/almkullens.se\/index.php?rest_route=%2Fwp%2Fv2%2Fmedia&parent=589"}],"wp:term":[{"taxonomy":"category","embeddable":true,"href":"https:\/\/almkullens.se\/index.php?rest_route=%2Fwp%2Fv2%2Fcategories&post=589"},{"taxonomy":"post_tag","embeddable":true,"href":"https:\/\/almkullens.se\/index.php?rest_route=%2Fwp%2Fv2%2Ftags&post=589"}],"curies":[{"name":"wp","href":"https:\/\/api.w.org\/{rel}","templated":true}]}}