{"id":5672,"date":"2015-08-04T00:27:07","date_gmt":"2015-08-03T22:27:07","guid":{"rendered":"http:\/\/almkullens.se\/?p=5672"},"modified":"2015-08-04T15:12:35","modified_gmt":"2015-08-04T13:12:35","slug":"bretonklubbens-40-ars-jubileum","status":"publish","type":"post","link":"https:\/\/almkullens.se\/?p=5672","title":{"rendered":"Bretonklubbens 40-\u00e5rs jubileum!"},"content":{"rendered":"<figure id=\"attachment_5706\" aria-describedby=\"caption-attachment-5706\" style=\"width: 300px\" class=\"wp-caption alignright\"><a href=\"https:\/\/almkullens.se\/wp-content\/uploads\/2015\/08\/3Q1A2840.jpg\" rel=\"lightbox[5672]\"><img loading=\"lazy\" decoding=\"async\" class=\"size-medium wp-image-5706\" src=\"https:\/\/almkullens.se\/wp-content\/uploads\/2015\/08\/3Q1A2840-300x200.jpg\" alt=\"Domare M.Christian Gunther, Frankrike flankerade av th, BIR Tresallier Flitters (Nellie) \u00c4g: Eva Olausson tv, BIM Jerc Des Sources Claires \u00c4g: Helen Johansson\" width=\"300\" height=\"200\" srcset=\"https:\/\/almkullens.se\/wp-content\/uploads\/2015\/08\/3Q1A2840-300x200.jpg 300w, https:\/\/almkullens.se\/wp-content\/uploads\/2015\/08\/3Q1A2840-1024x683.jpg 1024w, https:\/\/almkullens.se\/wp-content\/uploads\/2015\/08\/3Q1A2840.jpg 1800w\" sizes=\"auto, (max-width: 300px) 100vw, 300px\" \/><\/a><figcaption id=\"caption-attachment-5706\" class=\"wp-caption-text\">Domare M.Christian Gunther, Frankrike flankerade av th, BIR Tresallier Flitters (Nellie) \u00c4g: Eva Olausson tv, BIM Jerc Des Sources Claires \u00c4g: Helen Johansson<\/figcaption><\/figure>\n<p>Ja, det blev en lyckad fest p\u00e5\u00a0Bretonklubbens 40 \u00e5rs jubileum som h\u00f6lls i vackra \u00c4lvkarleby. <br \/>Det har varit en fantastiskt rolig helg med massor av bretoner och bretonfolk.<br \/>Vi vill tacka alla v\u00e5ra valpk\u00f6pare som var d\u00e4r och f\u00f6rgyllde helgen f\u00f6r oss, sammanlagt 12\u00a0hundar med Almkullensprefix var d\u00e4r med sina familjer!<br \/>Det gick bra f\u00f6r Almkullenshundarna p\u00e5 t\u00e4vlingarna och utst\u00e4llningen.<br \/><a href=\"https:\/\/almkullens.se\/wp-content\/uploads\/2015\/08\/3Q1A1734.jpg\" rel=\"lightbox[5672]\"><img loading=\"lazy\" decoding=\"async\" class=\"alignleft  wp-image-5689\" src=\"https:\/\/almkullens.se\/wp-content\/uploads\/2015\/08\/3Q1A1734-150x150.jpg\" alt=\"3Q1A1734\" width=\"149\" height=\"149\" \/><\/a><a href=\"https:\/\/almkullens.se\/wp-content\/uploads\/2015\/08\/3Q1A1729.jpg\" rel=\"lightbox[5672]\"><img loading=\"lazy\" decoding=\"async\" class=\"alignright  wp-image-5688\" src=\"https:\/\/almkullens.se\/wp-content\/uploads\/2015\/08\/3Q1A1729-150x150.jpg\" alt=\"3Q1A1729\" width=\"155\" height=\"155\" \/><\/a>Den f\u00f6rsta t\u00e4vlingen, Bretonkampen som bl.a. bestod av apportering, lydnad och pilkastning, vanns av Peter och Elva! Elvas dotter\u00a0Almkullens Freja fixade \u00e4ven hon banan galant tillsammans med sin duktiga husse Anders Deodorsson Ylen och fick ett Hederspris!<\/p>\n<p><a href=\"https:\/\/almkullens.se\/wp-content\/uploads\/2015\/08\/3Q1A1641.jpg\" rel=\"lightbox[5672]\"><img loading=\"lazy\" decoding=\"async\" class=\"alignleft  wp-image-5687\" src=\"https:\/\/almkullens.se\/wp-content\/uploads\/2015\/08\/3Q1A1641-150x150.jpg\" alt=\"3Q1A1641\" width=\"198\" height=\"198\" \/><\/a><a href=\"https:\/\/almkullens.se\/wp-content\/uploads\/2015\/08\/3Q1A1590.jpg\" rel=\"lightbox[5672]\"><img loading=\"lazy\" decoding=\"async\" class=\"alignright  wp-image-5686\" src=\"https:\/\/almkullens.se\/wp-content\/uploads\/2015\/08\/3Q1A1590-150x150.jpg\" alt=\"3Q1A1590\" width=\"185\" height=\"185\" \/><\/a>Apporteringst\u00e4vlingen vanns av\u00a0Anders D. Y.\u00a0efter ett\u00a0str\u00e5lande jobb med sin andra tik Str\u00f6mforsens Minnah.\u00a02:a platsen fixade\u00a0Pontus Ekman med sin duktiga tik Almkullens Calla!\u00a0 \ud83d\ude00\u00a0<\/p>\n<figure id=\"attachment_5698\" aria-describedby=\"caption-attachment-5698\" style=\"width: 178px\" class=\"wp-caption alignright\"><a href=\"https:\/\/almkullens.se\/wp-content\/uploads\/2015\/08\/3Q1A2141.jpg\" rel=\"lightbox[5672]\"><img loading=\"lazy\" decoding=\"async\" class=\" wp-image-5698\" src=\"https:\/\/almkullens.se\/wp-content\/uploads\/2015\/08\/3Q1A2141-150x150.jpg\" alt=\"Andreas Eriksson och Almkullens Eros\" width=\"178\" height=\"178\" \/><\/a><figcaption id=\"caption-attachment-5698\" class=\"wp-caption-text\">Andreas Eriksson och Almkullens Eros<\/figcaption><\/figure>\n<p>\u00c4ven Tipspromenaden vanns av en av v\u00e5ra valpk\u00f6pare, Andreas Eriksson\u00a0\u00a0 \ud83d\ude00\u00a0<\/p>\n<p>Utst\u00e4llningen d\u00f6mdes av den Franske Domaren\u00a0M.Christian Gunther som ocks\u00e5 \u00e4r ordf\u00f6rande i den Franska Bretonklubben. Det var hela 70! hundar med p\u00e5 utst\u00e4llningen!<\/p>\n<p>Valpklass 6-9 m\u00e5n: Almkullens Fia\u00a01:a med Hp och BIM samt BIS Valp-2.\u00a0Almkullens Freja 2:a<br \/>Unghundsklass hanar: Almkullens Eros\u00a0Very good<br \/>Bruks\/Jaktklass hanar: Almkullens Alex Excellent 3<br \/>Unghundsklass tikar: Almkullens Embla Excellent 2<br \/>Bruks\/Jaktklass tikar: Almkullens Akira Excellent 4\u00a0Almkullens Ebba Excellent<br \/>Championklass tikar: SE JCH SE UCH Almkullens Aska Excellent 1 CK BTKL 4<\/p>\n<p>Fantastiska resultat! Och t\u00e4nka sig att v\u00e5ran Aska blev 4:e b\u00e4sta tik, det var ju\u00a0hela 37 tikar som konkurrerade om titlarna!<\/p>\n<div id='gallery-1' class='gallery galleryid-5672 gallery-columns-4 gallery-size-thumbnail'><figure class='gallery-item'>\n\t\t\t<div class='gallery-icon landscape'>\n\t\t\t\t<a href='https:\/\/almkullens.se\/wp-content\/uploads\/2015\/08\/3Q1A1215.jpg' rel=\"lightbox[5672]\"><img loading=\"lazy\" decoding=\"async\" width=\"150\" height=\"150\" src=\"https:\/\/almkullens.se\/wp-content\/uploads\/2015\/08\/3Q1A1215-150x150.jpg\" class=\"attachment-thumbnail size-thumbnail\" alt=\"\" aria-describedby=\"gallery-1-5675\" \/><\/a>\n\t\t\t<\/div>\n\t\t\t\t<figcaption class='wp-caption-text gallery-caption' id='gallery-1-5675'>\n\t\t\t\tFia\n\t\t\t\t<\/figcaption><\/figure><figure class='gallery-item'>\n\t\t\t<div class='gallery-icon landscape'>\n\t\t\t\t<a href='https:\/\/almkullens.se\/wp-content\/uploads\/2015\/08\/3Q1A1276.jpg' rel=\"lightbox[5672]\"><img loading=\"lazy\" decoding=\"async\" width=\"150\" height=\"150\" src=\"https:\/\/almkullens.se\/wp-content\/uploads\/2015\/08\/3Q1A1276-150x150.jpg\" class=\"attachment-thumbnail size-thumbnail\" alt=\"\" aria-describedby=\"gallery-1-5676\" \/><\/a>\n\t\t\t<\/div>\n\t\t\t\t<figcaption class='wp-caption-text gallery-caption' id='gallery-1-5676'>\n\t\t\t\tAlmkullens Ebba \u00c4g: Karin Eriksson\n\t\t\t\t<\/figcaption><\/figure><figure class='gallery-item'>\n\t\t\t<div class='gallery-icon landscape'>\n\t\t\t\t<a href='https:\/\/almkullens.se\/wp-content\/uploads\/2015\/08\/3Q1A1322.jpg' rel=\"lightbox[5672]\"><img loading=\"lazy\" decoding=\"async\" width=\"150\" height=\"150\" src=\"https:\/\/almkullens.se\/wp-content\/uploads\/2015\/08\/3Q1A1322-150x150.jpg\" class=\"attachment-thumbnail size-thumbnail\" alt=\"\" aria-describedby=\"gallery-1-5677\" \/><\/a>\n\t\t\t<\/div>\n\t\t\t\t<figcaption class='wp-caption-text gallery-caption' id='gallery-1-5677'>\n\t\t\t\tAlmkullens Eros \u00c4g: Andreas Ericsson\n\t\t\t\t<\/figcaption><\/figure><figure class='gallery-item'>\n\t\t\t<div class='gallery-icon landscape'>\n\t\t\t\t<a href='https:\/\/almkullens.se\/wp-content\/uploads\/2015\/08\/3Q1A1387.jpg' rel=\"lightbox[5672]\"><img loading=\"lazy\" decoding=\"async\" width=\"150\" height=\"150\" src=\"https:\/\/almkullens.se\/wp-content\/uploads\/2015\/08\/3Q1A1387-150x150.jpg\" class=\"attachment-thumbnail size-thumbnail\" alt=\"\" aria-describedby=\"gallery-1-5679\" \/><\/a>\n\t\t\t<\/div>\n\t\t\t\t<figcaption class='wp-caption-text gallery-caption' id='gallery-1-5679'>\n\t\t\t\tCalla\n\t\t\t\t<\/figcaption><\/figure><figure class='gallery-item'>\n\t\t\t<div class='gallery-icon landscape'>\n\t\t\t\t<a href='https:\/\/almkullens.se\/wp-content\/uploads\/2015\/08\/3Q1A1403.jpg' rel=\"lightbox[5672]\"><img loading=\"lazy\" decoding=\"async\" width=\"150\" height=\"150\" src=\"https:\/\/almkullens.se\/wp-content\/uploads\/2015\/08\/3Q1A1403-150x150.jpg\" class=\"attachment-thumbnail size-thumbnail\" alt=\"\" aria-describedby=\"gallery-1-5680\" \/><\/a>\n\t\t\t<\/div>\n\t\t\t\t<figcaption class='wp-caption-text gallery-caption' id='gallery-1-5680'>\n\t\t\t\tRebecka &#038; Freja\n\t\t\t\t<\/figcaption><\/figure><figure class='gallery-item'>\n\t\t\t<div class='gallery-icon landscape'>\n\t\t\t\t<a href='https:\/\/almkullens.se\/wp-content\/uploads\/2015\/08\/3Q1A1410.jpg' rel=\"lightbox[5672]\"><img loading=\"lazy\" decoding=\"async\" width=\"150\" height=\"150\" src=\"https:\/\/almkullens.se\/wp-content\/uploads\/2015\/08\/3Q1A1410-150x150.jpg\" class=\"attachment-thumbnail size-thumbnail\" alt=\"\" \/><\/a>\n\t\t\t<\/div><\/figure><figure class='gallery-item'>\n\t\t\t<div class='gallery-icon landscape'>\n\t\t\t\t<a href='https:\/\/almkullens.se\/wp-content\/uploads\/2015\/08\/3Q1A1472.jpg' rel=\"lightbox[5672]\"><img loading=\"lazy\" decoding=\"async\" width=\"150\" height=\"150\" src=\"https:\/\/almkullens.se\/wp-content\/uploads\/2015\/08\/3Q1A1472-150x150.jpg\" class=\"attachment-thumbnail size-thumbnail\" alt=\"\" aria-describedby=\"gallery-1-5683\" \/><\/a>\n\t\t\t<\/div>\n\t\t\t\t<figcaption class='wp-caption-text gallery-caption' id='gallery-1-5683'>\n\t\t\t\tCalla\n\t\t\t\t<\/figcaption><\/figure><figure class='gallery-item'>\n\t\t\t<div class='gallery-icon landscape'>\n\t\t\t\t<a href='https:\/\/almkullens.se\/wp-content\/uploads\/2015\/08\/3Q1A1476.jpg' rel=\"lightbox[5672]\"><img loading=\"lazy\" decoding=\"async\" width=\"150\" height=\"150\" src=\"https:\/\/almkullens.se\/wp-content\/uploads\/2015\/08\/3Q1A1476-150x150.jpg\" class=\"attachment-thumbnail size-thumbnail\" alt=\"\" aria-describedby=\"gallery-1-5684\" srcset=\"https:\/\/almkullens.se\/wp-content\/uploads\/2015\/08\/3Q1A1476-150x150.jpg 150w, https:\/\/almkullens.se\/wp-content\/uploads\/2015\/08\/3Q1A1476-300x300.jpg 300w, https:\/\/almkullens.se\/wp-content\/uploads\/2015\/08\/3Q1A1476-1024x1024.jpg 1024w, https:\/\/almkullens.se\/wp-content\/uploads\/2015\/08\/3Q1A1476.jpg 1800w\" sizes=\"auto, (max-width: 150px) 100vw, 150px\" \/><\/a>\n\t\t\t<\/div>\n\t\t\t\t<figcaption class='wp-caption-text gallery-caption' id='gallery-1-5684'>\n\t\t\t\tPontus o Calla i Apporteringst\u00e4vlingen\n\t\t\t\t<\/figcaption><\/figure><figure class='gallery-item'>\n\t\t\t<div class='gallery-icon landscape'>\n\t\t\t\t<a href='https:\/\/almkullens.se\/wp-content\/uploads\/2015\/08\/3Q1A1516.jpg' rel=\"lightbox[5672]\"><img loading=\"lazy\" decoding=\"async\" width=\"150\" height=\"150\" src=\"https:\/\/almkullens.se\/wp-content\/uploads\/2015\/08\/3Q1A1516-150x150.jpg\" class=\"attachment-thumbnail size-thumbnail\" alt=\"\" aria-describedby=\"gallery-1-5685\" \/><\/a>\n\t\t\t<\/div>\n\t\t\t\t<figcaption class='wp-caption-text gallery-caption' id='gallery-1-5685'>\n\t\t\t\tAlmkullens Coda \u00c4g: Mirjam Landholm\n\t\t\t\t<\/figcaption><\/figure><figure class='gallery-item'>\n\t\t\t<div class='gallery-icon landscape'>\n\t\t\t\t<a href='https:\/\/almkullens.se\/wp-content\/uploads\/2015\/08\/3Q1A1816.jpg' rel=\"lightbox[5672]\"><img loading=\"lazy\" decoding=\"async\" width=\"150\" height=\"150\" src=\"https:\/\/almkullens.se\/wp-content\/uploads\/2015\/08\/3Q1A1816-150x150.jpg\" class=\"attachment-thumbnail size-thumbnail\" alt=\"\" aria-describedby=\"gallery-1-5691\" \/><\/a>\n\t\t\t<\/div>\n\t\t\t\t<figcaption class='wp-caption-text gallery-caption' id='gallery-1-5691'>\n\t\t\t\tJag &#038; Fia\n\t\t\t\t<\/figcaption><\/figure><figure class='gallery-item'>\n\t\t\t<div class='gallery-icon landscape'>\n\t\t\t\t<a href='https:\/\/almkullens.se\/wp-content\/uploads\/2015\/08\/3Q1A1831.jpg' rel=\"lightbox[5672]\"><img loading=\"lazy\" decoding=\"async\" width=\"150\" height=\"150\" src=\"https:\/\/almkullens.se\/wp-content\/uploads\/2015\/08\/3Q1A1831-150x150.jpg\" class=\"attachment-thumbnail size-thumbnail\" alt=\"\" \/><\/a>\n\t\t\t<\/div><\/figure><figure class='gallery-item'>\n\t\t\t<div class='gallery-icon landscape'>\n\t\t\t\t<a href='https:\/\/almkullens.se\/wp-content\/uploads\/2015\/08\/3Q1A1951.jpg' rel=\"lightbox[5672]\"><img loading=\"lazy\" decoding=\"async\" width=\"150\" height=\"150\" src=\"https:\/\/almkullens.se\/wp-content\/uploads\/2015\/08\/3Q1A1951-150x150.jpg\" class=\"attachment-thumbnail size-thumbnail\" alt=\"\" aria-describedby=\"gallery-1-5694\" \/><\/a>\n\t\t\t<\/div>\n\t\t\t\t<figcaption class='wp-caption-text gallery-caption' id='gallery-1-5694'>\n\t\t\t\tDet g\u00e5r som en dans&#8230; Janne och Alex\n\t\t\t\t<\/figcaption><\/figure><figure class='gallery-item'>\n\t\t\t<div class='gallery-icon landscape'>\n\t\t\t\t<a href='https:\/\/almkullens.se\/wp-content\/uploads\/2015\/08\/3Q1A2048.jpg' rel=\"lightbox[5672]\"><img loading=\"lazy\" decoding=\"async\" width=\"150\" height=\"150\" src=\"https:\/\/almkullens.se\/wp-content\/uploads\/2015\/08\/3Q1A2048-150x150.jpg\" class=\"attachment-thumbnail size-thumbnail\" alt=\"\" aria-describedby=\"gallery-1-5695\" \/><\/a>\n\t\t\t<\/div>\n\t\t\t\t<figcaption class='wp-caption-text gallery-caption' id='gallery-1-5695'>\n\t\t\t\tAlex blir 3:e b\u00e4sta hane i Jaktklassen av 9 st.\n\t\t\t\t<\/figcaption><\/figure><figure class='gallery-item'>\n\t\t\t<div class='gallery-icon landscape'>\n\t\t\t\t<a href='https:\/\/almkullens.se\/wp-content\/uploads\/2015\/08\/3Q1A2117.jpg' rel=\"lightbox[5672]\"><img loading=\"lazy\" decoding=\"async\" width=\"150\" height=\"150\" src=\"https:\/\/almkullens.se\/wp-content\/uploads\/2015\/08\/3Q1A2117-150x150.jpg\" class=\"attachment-thumbnail size-thumbnail\" alt=\"\" aria-describedby=\"gallery-1-5697\" \/><\/a>\n\t\t\t<\/div>\n\t\t\t\t<figcaption class='wp-caption-text gallery-caption' id='gallery-1-5697'>\n\t\t\t\tN\u00e4stan alla kom med, fattas g\u00f6r Pontus med Calla och Andreas med Eros\n\t\t\t\t<\/figcaption><\/figure><figure class='gallery-item'>\n\t\t\t<div class='gallery-icon landscape'>\n\t\t\t\t<a href='https:\/\/almkullens.se\/wp-content\/uploads\/2015\/08\/3Q1A2206.jpg' rel=\"lightbox[5672]\"><img loading=\"lazy\" decoding=\"async\" width=\"150\" height=\"150\" src=\"https:\/\/almkullens.se\/wp-content\/uploads\/2015\/08\/3Q1A2206-150x150.jpg\" class=\"attachment-thumbnail size-thumbnail\" alt=\"\" aria-describedby=\"gallery-1-5699\" \/><\/a>\n\t\t\t<\/div>\n\t\t\t\t<figcaption class='wp-caption-text gallery-caption' id='gallery-1-5699'>\n\t\t\t\tEva visar Almkullens Embla\n\t\t\t\t<\/figcaption><\/figure><figure class='gallery-item'>\n\t\t\t<div class='gallery-icon landscape'>\n\t\t\t\t<a href='https:\/\/almkullens.se\/wp-content\/uploads\/2015\/08\/3Q1A2247.jpg' rel=\"lightbox[5672]\"><img loading=\"lazy\" decoding=\"async\" width=\"150\" height=\"150\" src=\"https:\/\/almkullens.se\/wp-content\/uploads\/2015\/08\/3Q1A2247-150x150.jpg\" class=\"attachment-thumbnail size-thumbnail\" alt=\"\" aria-describedby=\"gallery-1-5700\" \/><\/a>\n\t\t\t<\/div>\n\t\t\t\t<figcaption class='wp-caption-text gallery-caption' id='gallery-1-5700'>\n\t\t\t\tAlmkullens Akira \u00c4g: Stefan H\u00f6rnlund\n\t\t\t\t<\/figcaption><\/figure><figure class='gallery-item'>\n\t\t\t<div class='gallery-icon landscape'>\n\t\t\t\t<a href='https:\/\/almkullens.se\/wp-content\/uploads\/2015\/08\/3Q1A2276.jpg' rel=\"lightbox[5672]\"><img loading=\"lazy\" decoding=\"async\" width=\"150\" height=\"150\" src=\"https:\/\/almkullens.se\/wp-content\/uploads\/2015\/08\/3Q1A2276-150x150.jpg\" class=\"attachment-thumbnail size-thumbnail\" alt=\"\" \/><\/a>\n\t\t\t<\/div><\/figure><figure class='gallery-item'>\n\t\t\t<div class='gallery-icon landscape'>\n\t\t\t\t<a href='https:\/\/almkullens.se\/wp-content\/uploads\/2015\/08\/3Q1A2487.jpg' rel=\"lightbox[5672]\"><img loading=\"lazy\" decoding=\"async\" width=\"150\" height=\"150\" src=\"https:\/\/almkullens.se\/wp-content\/uploads\/2015\/08\/3Q1A2487-150x150.jpg\" class=\"attachment-thumbnail size-thumbnail\" alt=\"\" aria-describedby=\"gallery-1-5702\" \/><\/a>\n\t\t\t<\/div>\n\t\t\t\t<figcaption class='wp-caption-text gallery-caption' id='gallery-1-5702'>\n\t\t\t\tStefan och Akira\n\t\t\t\t<\/figcaption><\/figure><figure class='gallery-item'>\n\t\t\t<div class='gallery-icon landscape'>\n\t\t\t\t<a href='https:\/\/almkullens.se\/wp-content\/uploads\/2015\/08\/3Q1A2614.jpg' rel=\"lightbox[5672]\"><img loading=\"lazy\" decoding=\"async\" width=\"150\" height=\"150\" src=\"https:\/\/almkullens.se\/wp-content\/uploads\/2015\/08\/3Q1A2614-150x150.jpg\" class=\"attachment-thumbnail size-thumbnail\" alt=\"\" aria-describedby=\"gallery-1-5703\" \/><\/a>\n\t\t\t<\/div>\n\t\t\t\t<figcaption class='wp-caption-text gallery-caption' id='gallery-1-5703'>\n\t\t\t\tAska vinner Championklassen \n\t\t\t\t<\/figcaption><\/figure><figure class='gallery-item'>\n\t\t\t<div class='gallery-icon landscape'>\n\t\t\t\t<a href='https:\/\/almkullens.se\/wp-content\/uploads\/2015\/08\/3Q1A2676.jpg' rel=\"lightbox[5672]\"><img loading=\"lazy\" decoding=\"async\" width=\"150\" height=\"150\" src=\"https:\/\/almkullens.se\/wp-content\/uploads\/2015\/08\/3Q1A2676-150x150.jpg\" class=\"attachment-thumbnail size-thumbnail\" alt=\"\" aria-describedby=\"gallery-1-5704\" \/><\/a>\n\t\t\t<\/div>\n\t\t\t\t<figcaption class='wp-caption-text gallery-caption' id='gallery-1-5704'>\n\t\t\t\tFia blir BIS Valp 2\n\t\t\t\t<\/figcaption><\/figure><figure class='gallery-item'>\n\t\t\t<div class='gallery-icon landscape'>\n\t\t\t\t<a href='https:\/\/almkullens.se\/wp-content\/uploads\/2015\/08\/3Q1A2695.jpg' rel=\"lightbox[5672]\"><img loading=\"lazy\" decoding=\"async\" width=\"150\" height=\"150\" src=\"https:\/\/almkullens.se\/wp-content\/uploads\/2015\/08\/3Q1A2695-150x150.jpg\" class=\"attachment-thumbnail size-thumbnail\" alt=\"\" aria-describedby=\"gallery-1-5705\" \/><\/a>\n\t\t\t<\/div>\n\t\t\t\t<figcaption class='wp-caption-text gallery-caption' id='gallery-1-5705'>\n\t\t\t\tUppf\u00f6darklass: Jag med Aska, Stefan med Akira, Karin med Ebba och Janne med Alex\n\t\t\t\t<\/figcaption><\/figure><figure class='gallery-item'>\n\t\t\t<div class='gallery-icon landscape'>\n\t\t\t\t<a href='https:\/\/almkullens.se\/wp-content\/uploads\/2015\/08\/300.jpg' rel=\"lightbox[5672]\"><img loading=\"lazy\" decoding=\"async\" width=\"150\" height=\"150\" src=\"https:\/\/almkullens.se\/wp-content\/uploads\/2015\/08\/300-150x150.jpg\" class=\"attachment-thumbnail size-thumbnail\" alt=\"\" aria-describedby=\"gallery-1-5709\" \/><\/a>\n\t\t\t<\/div>\n\t\t\t\t<figcaption class='wp-caption-text gallery-caption' id='gallery-1-5709'>\n\t\t\t\tAlmkullens Alex \u00c4g: Janne Berntsson\n\t\t\t\t<\/figcaption><\/figure><figure class='gallery-item'>\n\t\t\t<div class='gallery-icon landscape'>\n\t\t\t\t<a href='https:\/\/almkullens.se\/wp-content\/uploads\/2015\/08\/3Q1A1182.jpg' rel=\"lightbox[5672]\"><img loading=\"lazy\" decoding=\"async\" width=\"150\" height=\"150\" src=\"https:\/\/almkullens.se\/wp-content\/uploads\/2015\/08\/3Q1A1182-150x150.jpg\" class=\"attachment-thumbnail size-thumbnail\" alt=\"\" \/><\/a>\n\t\t\t<\/div><\/figure><figure class='gallery-item'>\n\t\t\t<div class='gallery-icon landscape'>\n\t\t\t\t<a href='https:\/\/almkullens.se\/wp-content\/uploads\/2015\/08\/3Q1A1421.jpg' rel=\"lightbox[5672]\"><img loading=\"lazy\" decoding=\"async\" width=\"150\" height=\"150\" src=\"https:\/\/almkullens.se\/wp-content\/uploads\/2015\/08\/3Q1A1421-150x150.jpg\" class=\"attachment-thumbnail size-thumbnail\" alt=\"\" aria-describedby=\"gallery-1-5682\" \/><\/a>\n\t\t\t<\/div>\n\t\t\t\t<figcaption class='wp-caption-text gallery-caption' id='gallery-1-5682'>\n\t\t\t\tAlmkullens Alonso \u00c4g: Mats Andersson\n\t\t\t\t<\/figcaption><\/figure><figure class='gallery-item'>\n\t\t\t<div class='gallery-icon landscape'>\n\t\t\t\t<a href='https:\/\/almkullens.se\/wp-content\/uploads\/2015\/08\/110.jpg' rel=\"lightbox[5672]\"><img loading=\"lazy\" decoding=\"async\" width=\"150\" height=\"150\" src=\"https:\/\/almkullens.se\/wp-content\/uploads\/2015\/08\/110-150x150.jpg\" class=\"attachment-thumbnail size-thumbnail\" alt=\"\" aria-describedby=\"gallery-1-5708\" \/><\/a>\n\t\t\t<\/div>\n\t\t\t\t<figcaption class='wp-caption-text gallery-caption' id='gallery-1-5708'>\n\t\t\t\tAlmkullens Akira\n\t\t\t\t<\/figcaption><\/figure><figure class='gallery-item'>\n\t\t\t<div class='gallery-icon landscape'>\n\t\t\t\t<a href='https:\/\/almkullens.se\/wp-content\/uploads\/2015\/08\/3Q1A1353.jpg' rel=\"lightbox[5672]\"><img loading=\"lazy\" decoding=\"async\" width=\"150\" height=\"150\" src=\"https:\/\/almkullens.se\/wp-content\/uploads\/2015\/08\/3Q1A1353-150x150.jpg\" class=\"attachment-thumbnail size-thumbnail\" alt=\"\" aria-describedby=\"gallery-1-5678\" \/><\/a>\n\t\t\t<\/div>\n\t\t\t\t<figcaption class='wp-caption-text gallery-caption' id='gallery-1-5678'>\n\t\t\t\tAlmkullens Akiras valp Enock som blev B\u00e4sta valp 6-9 m\u00e5n.  Husse \u00e4r Jesper Risberg\n\t\t\t\t<\/figcaption><\/figure><figure class='gallery-item'>\n\t\t\t<div class='gallery-icon landscape'>\n\t\t\t\t<a href='https:\/\/almkullens.se\/wp-content\/uploads\/2015\/08\/3Q1A1923.jpg' rel=\"lightbox[5672]\"><img loading=\"lazy\" decoding=\"async\" width=\"150\" height=\"150\" src=\"https:\/\/almkullens.se\/wp-content\/uploads\/2015\/08\/3Q1A1923-150x150.jpg\" class=\"attachment-thumbnail size-thumbnail\" alt=\"\" aria-describedby=\"gallery-1-5720\" \/><\/a>\n\t\t\t<\/div>\n\t\t\t\t<figcaption class='wp-caption-text gallery-caption' id='gallery-1-5720'>\n\t\t\t\tAlva och B\u00f6rje med Ella\n\t\t\t\t<\/figcaption><\/figure><figure class='gallery-item'>\n\t\t\t<div class='gallery-icon landscape'>\n\t\t\t\t<a href='https:\/\/almkullens.se\/wp-content\/uploads\/2015\/08\/015.jpg' rel=\"lightbox[5672]\"><img loading=\"lazy\" decoding=\"async\" width=\"150\" height=\"150\" src=\"https:\/\/almkullens.se\/wp-content\/uploads\/2015\/08\/015-150x150.jpg\" class=\"attachment-thumbnail size-thumbnail\" alt=\"\" aria-describedby=\"gallery-1-5721\" \/><\/a>\n\t\t\t<\/div>\n\t\t\t\t<figcaption class='wp-caption-text gallery-caption' id='gallery-1-5721'>\n\t\t\t\tHelge och Embla\n\t\t\t\t<\/figcaption><\/figure>\n\t\t<\/div>\n\n","protected":false},"excerpt":{"rendered":"<p>Ja, det blev en lyckad fest p\u00e5\u00a0Bretonklubbens 40 \u00e5rs jubileum som h\u00f6lls i vackra \u00c4lvkarleby. Det har varit en fantastiskt rolig helg med massor av bretoner och bretonfolk.Vi vill tacka alla v\u00e5ra valpk\u00f6pare som var d\u00e4r och f\u00f6rgyllde helgen f\u00f6r oss, sammanlagt 12\u00a0hundar med Almkullensprefix var d\u00e4r med sina familjer!Det gick bra f\u00f6r Almkullenshundarna p\u00e5 [&hellip;]<\/p>\n","protected":false},"author":1,"featured_media":0,"comment_status":"open","ping_status":"open","sticky":false,"template":"","format":"standard","meta":{"_crdt_document":"","advgb_blocks_editor_width":"","advgb_blocks_columns_visual_guide":"","_jetpack_memberships_contains_paid_content":false,"footnotes":""},"categories":[1],"tags":[],"class_list":["post-5672","post","type-post","status-publish","format-standard","hentry","category-hem","entry"],"author_meta":{"display_name":"Peter &amp; Johanna","author_link":"https:\/\/almkullens.se\/?author=1"},"featured_img":null,"jetpack_featured_media_url":"","coauthors":[],"tax_additional":{"categories":{"linked":["<a href=\"https:\/\/almkullens.se\/?cat=1\" class=\"advgb-post-tax-term\">Hem<\/a>"],"unlinked":["<span class=\"advgb-post-tax-term\">Hem<\/span>"]}},"comment_count":"3","relative_dates":{"created":"Publicerad 11 \u00e5r sedan","modified":"Uppdaterad 11 \u00e5r sedan"},"absolute_dates":{"created":"Publicerat den 4 augusti, 2015","modified":"Uppdaterad den 4 augusti, 2015"},"absolute_dates_time":{"created":"Publicerat den 4 augusti, 2015 00:27","modified":"Uppdaterad den 4 augusti, 2015 15:12"},"featured_img_caption":"","series_order":"","jetpack_sharing_enabled":true,"_links":{"self":[{"href":"https:\/\/almkullens.se\/index.php?rest_route=\/wp\/v2\/posts\/5672","targetHints":{"allow":["GET"]}}],"collection":[{"href":"https:\/\/almkullens.se\/index.php?rest_route=\/wp\/v2\/posts"}],"about":[{"href":"https:\/\/almkullens.se\/index.php?rest_route=\/wp\/v2\/types\/post"}],"author":[{"embeddable":true,"href":"https:\/\/almkullens.se\/index.php?rest_route=\/wp\/v2\/users\/1"}],"replies":[{"embeddable":true,"href":"https:\/\/almkullens.se\/index.php?rest_route=%2Fwp%2Fv2%2Fcomments&post=5672"}],"version-history":[{"count":12,"href":"https:\/\/almkullens.se\/index.php?rest_route=\/wp\/v2\/posts\/5672\/revisions"}],"predecessor-version":[{"id":5723,"href":"https:\/\/almkullens.se\/index.php?rest_route=\/wp\/v2\/posts\/5672\/revisions\/5723"}],"wp:attachment":[{"href":"https:\/\/almkullens.se\/index.php?rest_route=%2Fwp%2Fv2%2Fmedia&parent=5672"}],"wp:term":[{"taxonomy":"category","embeddable":true,"href":"https:\/\/almkullens.se\/index.php?rest_route=%2Fwp%2Fv2%2Fcategories&post=5672"},{"taxonomy":"post_tag","embeddable":true,"href":"https:\/\/almkullens.se\/index.php?rest_route=%2Fwp%2Fv2%2Ftags&post=5672"}],"curies":[{"name":"wp","href":"https:\/\/api.w.org\/{rel}","templated":true}]}}