{"id":5558,"date":"2015-06-18T18:15:55","date_gmt":"2015-06-18T16:15:55","guid":{"rendered":"http:\/\/almkullens.se\/?p=5558"},"modified":"2015-06-18T18:15:55","modified_gmt":"2015-06-18T16:15:55","slug":"sugen-pa-bretonvalp","status":"publish","type":"post","link":"https:\/\/almkullens.se\/?p=5558","title":{"rendered":"Sugen p\u00e5 Bretonvalp?"},"content":{"rendered":"<figure id=\"attachment_3333\" aria-describedby=\"caption-attachment-3333\" style=\"width: 300px\" class=\"wp-caption alignright\"><a href=\"https:\/\/almkullens.se\/wp-content\/uploads\/2012\/07\/A-kullen-7v-163.jpg\" rel=\"lightbox[5558]\"><img loading=\"lazy\" decoding=\"async\" class=\"size-medium wp-image-3333\" src=\"https:\/\/almkullens.se\/wp-content\/uploads\/2012\/07\/A-kullen-7v-163-300x225.jpg\" alt=\"Almkullens Alonso \u00c4gare: Mats Andersson\" width=\"300\" height=\"225\" srcset=\"https:\/\/almkullens.se\/wp-content\/uploads\/2012\/07\/A-kullen-7v-163-300x225.jpg 300w, https:\/\/almkullens.se\/wp-content\/uploads\/2012\/07\/A-kullen-7v-163-1024x768.jpg 1024w, https:\/\/almkullens.se\/wp-content\/uploads\/2012\/07\/A-kullen-7v-163.jpg 1200w\" sizes=\"auto, (max-width: 300px) 100vw, 300px\" \/><\/a><figcaption id=\"caption-attachment-3333\" class=\"wp-caption-text\">Almkullens Alonso \u00c4gare: Mats Andersson<\/figcaption><\/figure>\n<p>Pappan till v\u00e5ran A-kull Stevns\u00e5ens Valde har f\u00e5tt sin andra kull med valpar. Valde har med v\u00e5r Elva en dubbelchampion samt 2 stycken\u00a0som \u00e4r uppe i elitklass.<\/p>\n<p>Valde har med tiken Stevns\u00e5ens Zita f\u00e5tt en kull valpar hos sina \u00e4gare Karen og Poul Vestervang Ambirk, . De har n\u00e5gra valpar som \u00e4nnu inte \u00e4r tingade.<\/p>\n<p>L\u00e4nk till<a href=\"http:\/\/stevnsaaens.dk\/index.html\">\u00a0<span class=\"textheading1 mobile-oversized\">Kennel Stevns\u00e5ens<\/span><\/a><\/p>\n<figure id=\"attachment_3191\" aria-describedby=\"caption-attachment-3191\" style=\"width: 300px\" class=\"wp-caption alignleft\"><a href=\"https:\/\/almkullens.se\/wp-content\/uploads\/2012\/07\/007.jpg\" rel=\"lightbox[5558]\"><img loading=\"lazy\" decoding=\"async\" class=\"size-medium wp-image-3191\" src=\"https:\/\/almkullens.se\/wp-content\/uploads\/2012\/07\/007-300x225.jpg\" alt=\"Stevns\u00e5ens Valde \u00e4g: Poul Vestervang Pappa till v\u00e5r A-kull\" width=\"300\" height=\"225\" srcset=\"https:\/\/almkullens.se\/wp-content\/uploads\/2012\/07\/007-300x225.jpg 300w, https:\/\/almkullens.se\/wp-content\/uploads\/2012\/07\/007-1024x768.jpg 1024w, https:\/\/almkullens.se\/wp-content\/uploads\/2012\/07\/007.jpg 1200w\" sizes=\"auto, (max-width: 300px) 100vw, 300px\" \/><\/a><figcaption id=\"caption-attachment-3191\" class=\"wp-caption-text\">Stevns\u00e5ens Valde \u00e4g: Poul Vestervang Pappa till v\u00e5r A-kull<\/figcaption><\/figure>\n","protected":false},"excerpt":{"rendered":"<p>Pappan till v\u00e5ran A-kull Stevns\u00e5ens Valde har f\u00e5tt sin andra kull med valpar. Valde har med v\u00e5r Elva en dubbelchampion samt 2 stycken\u00a0som \u00e4r uppe i elitklass. Valde har med tiken Stevns\u00e5ens Zita f\u00e5tt en kull valpar hos sina \u00e4gare Karen og Poul Vestervang Ambirk, . De har n\u00e5gra valpar som \u00e4nnu inte \u00e4r tingade. [&hellip;]<\/p>\n","protected":false},"author":1,"featured_media":0,"comment_status":"open","ping_status":"open","sticky":false,"template":"","format":"standard","meta":{"_crdt_document":"","advgb_blocks_editor_width":"","advgb_blocks_columns_visual_guide":"","_jetpack_memberships_contains_paid_content":false,"footnotes":""},"categories":[1],"tags":[],"class_list":["post-5558","post","type-post","status-publish","format-standard","hentry","category-hem","entry"],"author_meta":{"display_name":"Peter &amp; Johanna","author_link":"https:\/\/almkullens.se\/?author=1"},"featured_img":null,"jetpack_featured_media_url":"","coauthors":[],"tax_additional":{"categories":{"linked":["<a href=\"https:\/\/almkullens.se\/?cat=1\" class=\"advgb-post-tax-term\">Hem<\/a>"],"unlinked":["<span class=\"advgb-post-tax-term\">Hem<\/span>"]}},"comment_count":"0","relative_dates":{"created":"Publicerad 11 \u00e5r sedan","modified":"Uppdaterad 11 \u00e5r sedan"},"absolute_dates":{"created":"Publicerat den 18 juni, 2015","modified":"Uppdaterad den 18 juni, 2015"},"absolute_dates_time":{"created":"Publicerat den 18 juni, 2015 18:15","modified":"Uppdaterad den 18 juni, 2015 18:15"},"featured_img_caption":"","series_order":"","jetpack_sharing_enabled":true,"_links":{"self":[{"href":"https:\/\/almkullens.se\/index.php?rest_route=\/wp\/v2\/posts\/5558","targetHints":{"allow":["GET"]}}],"collection":[{"href":"https:\/\/almkullens.se\/index.php?rest_route=\/wp\/v2\/posts"}],"about":[{"href":"https:\/\/almkullens.se\/index.php?rest_route=\/wp\/v2\/types\/post"}],"author":[{"embeddable":true,"href":"https:\/\/almkullens.se\/index.php?rest_route=\/wp\/v2\/users\/1"}],"replies":[{"embeddable":true,"href":"https:\/\/almkullens.se\/index.php?rest_route=%2Fwp%2Fv2%2Fcomments&post=5558"}],"version-history":[{"count":1,"href":"https:\/\/almkullens.se\/index.php?rest_route=\/wp\/v2\/posts\/5558\/revisions"}],"predecessor-version":[{"id":5559,"href":"https:\/\/almkullens.se\/index.php?rest_route=\/wp\/v2\/posts\/5558\/revisions\/5559"}],"wp:attachment":[{"href":"https:\/\/almkullens.se\/index.php?rest_route=%2Fwp%2Fv2%2Fmedia&parent=5558"}],"wp:term":[{"taxonomy":"category","embeddable":true,"href":"https:\/\/almkullens.se\/index.php?rest_route=%2Fwp%2Fv2%2Fcategories&post=5558"},{"taxonomy":"post_tag","embeddable":true,"href":"https:\/\/almkullens.se\/index.php?rest_route=%2Fwp%2Fv2%2Ftags&post=5558"}],"curies":[{"name":"wp","href":"https:\/\/api.w.org\/{rel}","templated":true}]}}