{"id":5353,"date":"2015-04-21T20:46:43","date_gmt":"2015-04-21T18:46:43","guid":{"rendered":"http:\/\/almkullens.se\/?p=5353"},"modified":"2015-04-21T20:46:43","modified_gmt":"2015-04-21T18:46:43","slug":"ebba-calla","status":"publish","type":"post","link":"https:\/\/almkullens.se\/?p=5353","title":{"rendered":"Ebba &#038; Calla"},"content":{"rendered":"<figure id=\"attachment_5354\" aria-describedby=\"caption-attachment-5354\" style=\"width: 300px\" class=\"wp-caption alignright\"><a href=\"https:\/\/almkullens.se\/wp-content\/uploads\/2015\/04\/FullSizeRender.jpg\" rel=\"lightbox[5353]\"><img loading=\"lazy\" decoding=\"async\" class=\"size-medium wp-image-5354\" src=\"https:\/\/almkullens.se\/wp-content\/uploads\/2015\/04\/FullSizeRender-300x225.jpg\" alt=\"Karin &amp; Ebba\" width=\"300\" height=\"225\" srcset=\"https:\/\/almkullens.se\/wp-content\/uploads\/2015\/04\/FullSizeRender-300x225.jpg 300w, https:\/\/almkullens.se\/wp-content\/uploads\/2015\/04\/FullSizeRender-1024x768.jpg 1024w\" sizes=\"auto, (max-width: 300px) 100vw, 300px\" \/><\/a><figcaption id=\"caption-attachment-5354\" class=\"wp-caption-text\">Karin &amp; Ebba<\/figcaption><\/figure>\n<p>I helgen som gick fick Karin Eriksson med sin Almkullens Ebba ett 2:a pris i Ukl!<br \/>Hon var f\u00f6rst ut av E-kullens valpar att g\u00e5 till pris!\u00a0<\/p>\n<p>Det gick ju \u00e4ven bra f\u00f6r Pontus Ekman som med sin Almkullens Calla tog hela 3 st. 2:a pris i \u00d6kl!<\/p>\n<p>Vi \u00e4r stolta uppf\u00f6dare som gratulerar v\u00e5ra duktiga valpk\u00f6pare!<\/p>\n<figure id=\"attachment_5355\" aria-describedby=\"caption-attachment-5355\" style=\"width: 300px\" class=\"wp-caption alignleft\"><a href=\"https:\/\/almkullens.se\/wp-content\/uploads\/2015\/04\/mms_20150421_202650.jpg\" rel=\"lightbox[5353]\"><img loading=\"lazy\" decoding=\"async\" class=\"size-medium wp-image-5355\" src=\"https:\/\/almkullens.se\/wp-content\/uploads\/2015\/04\/mms_20150421_202650-300x169.jpg\" alt=\"Almkullens Calla Foto: Pontus Ekman\" width=\"300\" height=\"169\" srcset=\"https:\/\/almkullens.se\/wp-content\/uploads\/2015\/04\/mms_20150421_202650-300x169.jpg 300w, https:\/\/almkullens.se\/wp-content\/uploads\/2015\/04\/mms_20150421_202650.jpg 1000w\" sizes=\"auto, (max-width: 300px) 100vw, 300px\" \/><\/a><figcaption id=\"caption-attachment-5355\" class=\"wp-caption-text\">Almkullens Calla Foto: Pontus Ekman<\/figcaption><\/figure>\n","protected":false},"excerpt":{"rendered":"<p>I helgen som gick fick Karin Eriksson med sin Almkullens Ebba ett 2:a pris i Ukl!Hon var f\u00f6rst ut av E-kullens valpar att g\u00e5 till pris!\u00a0 Det gick ju \u00e4ven bra f\u00f6r Pontus Ekman som med sin Almkullens Calla tog hela 3 st. 2:a pris i \u00d6kl! Vi \u00e4r stolta uppf\u00f6dare som gratulerar v\u00e5ra duktiga [&hellip;]<\/p>\n","protected":false},"author":1,"featured_media":0,"comment_status":"open","ping_status":"open","sticky":false,"template":"","format":"standard","meta":{"_crdt_document":"","advgb_blocks_editor_width":"","advgb_blocks_columns_visual_guide":"","_jetpack_memberships_contains_paid_content":false,"footnotes":""},"categories":[1],"tags":[],"class_list":["post-5353","post","type-post","status-publish","format-standard","hentry","category-hem","entry"],"author_meta":{"display_name":"Peter &amp; Johanna","author_link":"https:\/\/almkullens.se\/?author=1"},"featured_img":null,"jetpack_featured_media_url":"","coauthors":[],"tax_additional":{"categories":{"linked":["<a href=\"https:\/\/almkullens.se\/?cat=1\" class=\"advgb-post-tax-term\">Hem<\/a>"],"unlinked":["<span class=\"advgb-post-tax-term\">Hem<\/span>"]}},"comment_count":"1","relative_dates":{"created":"Publicerad 11 \u00e5r sedan","modified":"Uppdaterad 11 \u00e5r sedan"},"absolute_dates":{"created":"Publicerat den 21 april, 2015","modified":"Uppdaterad den 21 april, 2015"},"absolute_dates_time":{"created":"Publicerat den 21 april, 2015 20:46","modified":"Uppdaterad den 21 april, 2015 20:46"},"featured_img_caption":"","series_order":"","jetpack_sharing_enabled":true,"_links":{"self":[{"href":"https:\/\/almkullens.se\/index.php?rest_route=\/wp\/v2\/posts\/5353","targetHints":{"allow":["GET"]}}],"collection":[{"href":"https:\/\/almkullens.se\/index.php?rest_route=\/wp\/v2\/posts"}],"about":[{"href":"https:\/\/almkullens.se\/index.php?rest_route=\/wp\/v2\/types\/post"}],"author":[{"embeddable":true,"href":"https:\/\/almkullens.se\/index.php?rest_route=\/wp\/v2\/users\/1"}],"replies":[{"embeddable":true,"href":"https:\/\/almkullens.se\/index.php?rest_route=%2Fwp%2Fv2%2Fcomments&post=5353"}],"version-history":[{"count":1,"href":"https:\/\/almkullens.se\/index.php?rest_route=\/wp\/v2\/posts\/5353\/revisions"}],"predecessor-version":[{"id":5357,"href":"https:\/\/almkullens.se\/index.php?rest_route=\/wp\/v2\/posts\/5353\/revisions\/5357"}],"wp:attachment":[{"href":"https:\/\/almkullens.se\/index.php?rest_route=%2Fwp%2Fv2%2Fmedia&parent=5353"}],"wp:term":[{"taxonomy":"category","embeddable":true,"href":"https:\/\/almkullens.se\/index.php?rest_route=%2Fwp%2Fv2%2Fcategories&post=5353"},{"taxonomy":"post_tag","embeddable":true,"href":"https:\/\/almkullens.se\/index.php?rest_route=%2Fwp%2Fv2%2Ftags&post=5353"}],"curies":[{"name":"wp","href":"https:\/\/api.w.org\/{rel}","templated":true}]}}