{"id":5275,"date":"2015-04-12T20:43:25","date_gmt":"2015-04-12T18:43:25","guid":{"rendered":"http:\/\/almkullens.se\/?p=5275"},"modified":"2015-04-12T20:43:25","modified_gmt":"2015-04-12T18:43:25","slug":"bretontraff-9","status":"publish","type":"post","link":"https:\/\/almkullens.se\/?p=5275","title":{"rendered":"Bretontr\u00e4ff!"},"content":{"rendered":"<p><a href=\"https:\/\/almkullens.se\/wp-content\/uploads\/2014\/04\/Bretontr\u00e4ff-582.jpg\" rel=\"lightbox[5275]\"><img loading=\"lazy\" decoding=\"async\" class=\"alignright size-medium wp-image-3383\" src=\"https:\/\/almkullens.se\/wp-content\/uploads\/2014\/04\/Bretontr\u00e4ff-582-300x200.jpg\" alt=\"Bretontr\u00e4ff 582\" width=\"300\" height=\"200\" srcset=\"https:\/\/almkullens.se\/wp-content\/uploads\/2014\/04\/Bretontr\u00e4ff-582-300x200.jpg 300w, https:\/\/almkullens.se\/wp-content\/uploads\/2014\/04\/Bretontr\u00e4ff-582-1024x682.jpg 1024w, https:\/\/almkullens.se\/wp-content\/uploads\/2014\/04\/Bretontr\u00e4ff-582.jpg 1200w\" sizes=\"auto, (max-width: 300px) 100vw, 300px\" \/><\/a>Vi hade t\u00e4nkt att ha v\u00e5r \u00e5rliga Bretontr\u00e4ff h\u00e4r nere hos oss i\u00a0april.<br \/>Dag och plats d\u00e5 vi ska ha detta evenemang \u00e4r\u2026<\/p>\n<p>Hemma hos Peter &amp; Johanna i V\u00e4neryr.<br \/>S\u00f6ndagen den\u00a019\/4 \u00a0kl. 11.00<\/p>\n<div>\n<p>Ta med fika och om man vill grilla en korv s\u00e5 g\u00e5r det bra f\u00f6r elden kommer att vara t\u00e4nd.<\/p>\n<p>Lite \u00f6vningar kommer det att bli, s\u00e5 ta g\u00e4rna\u00a0med n\u00e5got gott till hunden.<\/p>\n<p>Nya, gamla och evetuellt blivande Breton\u00e4gare vill vi ska komma och titta p\u00e5 de hundar som finns h\u00e4r i v\u00e4stra distriktet och\u00a0naturligtvis s\u00e5 \u00e4r alla som vill fr\u00e5n andra lokalavdelningar ocks\u00e5 hj\u00e4rtligt\u00a0v\u00e4lkommna.<\/p>\n<p>Vi hoppas p\u00e5 en sk\u00f6n dag med mycket folk och hundar som har det bara gott\u2026.<\/p>\n<p>Anm\u00e4lan skickas p\u00e5 mail eller telefon.<\/p>\n<p><a href=\"mailto:almkullens@gmail.com\">almkullens@gmail.com<\/a><br \/>Peter tel. 070 3334566<br \/>Johanna tel. 0730542880<\/p>\n<p>Hj\u00e4rtligt v\u00e4lkommna..<\/p>\n<\/div>\n","protected":false},"excerpt":{"rendered":"<p>Vi hade t\u00e4nkt att ha v\u00e5r \u00e5rliga Bretontr\u00e4ff h\u00e4r nere hos oss i\u00a0april.Dag och plats d\u00e5 vi ska ha detta evenemang \u00e4r\u2026 Hemma hos Peter &amp; Johanna i V\u00e4neryr.S\u00f6ndagen den\u00a019\/4 \u00a0kl. 11.00 Ta med fika och om man vill grilla en korv s\u00e5 g\u00e5r det bra f\u00f6r elden kommer att vara t\u00e4nd. Lite \u00f6vningar kommer [&hellip;]<\/p>\n","protected":false},"author":1,"featured_media":0,"comment_status":"open","ping_status":"open","sticky":false,"template":"","format":"standard","meta":{"_crdt_document":"","advgb_blocks_editor_width":"","advgb_blocks_columns_visual_guide":"","_jetpack_memberships_contains_paid_content":false,"footnotes":""},"categories":[1],"tags":[],"class_list":["post-5275","post","type-post","status-publish","format-standard","hentry","category-hem","entry"],"author_meta":{"display_name":"Peter &amp; Johanna","author_link":"https:\/\/almkullens.se\/?author=1"},"featured_img":null,"jetpack_featured_media_url":"","coauthors":[],"tax_additional":{"categories":{"linked":["<a href=\"https:\/\/almkullens.se\/?cat=1\" class=\"advgb-post-tax-term\">Hem<\/a>"],"unlinked":["<span class=\"advgb-post-tax-term\">Hem<\/span>"]}},"comment_count":"2","relative_dates":{"created":"Publicerad 11 \u00e5r sedan","modified":"Uppdaterad 11 \u00e5r sedan"},"absolute_dates":{"created":"Publicerat den 12 april, 2015","modified":"Uppdaterad den 12 april, 2015"},"absolute_dates_time":{"created":"Publicerat den 12 april, 2015 20:43","modified":"Uppdaterad den 12 april, 2015 20:43"},"featured_img_caption":"","series_order":"","jetpack_sharing_enabled":true,"_links":{"self":[{"href":"https:\/\/almkullens.se\/index.php?rest_route=\/wp\/v2\/posts\/5275","targetHints":{"allow":["GET"]}}],"collection":[{"href":"https:\/\/almkullens.se\/index.php?rest_route=\/wp\/v2\/posts"}],"about":[{"href":"https:\/\/almkullens.se\/index.php?rest_route=\/wp\/v2\/types\/post"}],"author":[{"embeddable":true,"href":"https:\/\/almkullens.se\/index.php?rest_route=\/wp\/v2\/users\/1"}],"replies":[{"embeddable":true,"href":"https:\/\/almkullens.se\/index.php?rest_route=%2Fwp%2Fv2%2Fcomments&post=5275"}],"version-history":[{"count":4,"href":"https:\/\/almkullens.se\/index.php?rest_route=\/wp\/v2\/posts\/5275\/revisions"}],"predecessor-version":[{"id":5279,"href":"https:\/\/almkullens.se\/index.php?rest_route=\/wp\/v2\/posts\/5275\/revisions\/5279"}],"wp:attachment":[{"href":"https:\/\/almkullens.se\/index.php?rest_route=%2Fwp%2Fv2%2Fmedia&parent=5275"}],"wp:term":[{"taxonomy":"category","embeddable":true,"href":"https:\/\/almkullens.se\/index.php?rest_route=%2Fwp%2Fv2%2Fcategories&post=5275"},{"taxonomy":"post_tag","embeddable":true,"href":"https:\/\/almkullens.se\/index.php?rest_route=%2Fwp%2Fv2%2Ftags&post=5275"}],"curies":[{"name":"wp","href":"https:\/\/api.w.org\/{rel}","templated":true}]}}