{"id":5156,"date":"2015-03-22T20:46:33","date_gmt":"2015-03-22T19:46:33","guid":{"rendered":"http:\/\/almkullens.se\/?p=5156"},"modified":"2015-04-19T08:52:35","modified_gmt":"2015-04-19T06:52:35","slug":"nasta-bretontraning","status":"publish","type":"post","link":"https:\/\/almkullens.se\/?p=5156","title":{"rendered":"N\u00e4sta Bretontr\u00e4ning!"},"content":{"rendered":"<figure id=\"attachment_3368\" aria-describedby=\"caption-attachment-3368\" style=\"width: 300px\" class=\"wp-caption alignright\"><a href=\"https:\/\/almkullens.se\/wp-content\/uploads\/2014\/04\/Bretontr\u00e4ff-038.jpg\" rel=\"lightbox[5156]\"><img loading=\"lazy\" decoding=\"async\" class=\"size-medium wp-image-3368\" src=\"https:\/\/almkullens.se\/wp-content\/uploads\/2014\/04\/Bretontr\u00e4ff-038-300x200.jpg\" alt=\"Mirjam &amp; Coda\" width=\"300\" height=\"200\" srcset=\"https:\/\/almkullens.se\/wp-content\/uploads\/2014\/04\/Bretontr\u00e4ff-038-300x200.jpg 300w, https:\/\/almkullens.se\/wp-content\/uploads\/2014\/04\/Bretontr\u00e4ff-038-1024x682.jpg 1024w, https:\/\/almkullens.se\/wp-content\/uploads\/2014\/04\/Bretontr\u00e4ff-038.jpg 1200w\" sizes=\"auto, (max-width: 300px) 100vw, 300px\" \/><\/a><figcaption id=\"caption-attachment-3368\" class=\"wp-caption-text\">Mirjam &amp; Coda<\/figcaption><\/figure>\n<p>V\u00e5r n\u00e4sta bretontr\u00e4ning \u00e4r hemma hos Mirjam &amp; Robert Landholm den 29\/3 kl 10,00<br \/>Ta med egna dummies och apportvilt till apporteringstr\u00e4ningen, och fika ev \u00e4r ocks\u00e5 grillen t\u00e4nd f\u00f6r dom som tar med sig korv!<br \/>Alla Breton\u00e4gare \u00e4r hj\u00e4rtligt v\u00e4lkomna!<!--more--><\/p>\n<div>Mirjams\u00a0adress:<\/div>\n<div>\n<div><strong>Gusser\u00f6d V\u00e4stra 224<\/strong><\/div>\n<div><strong>45991 Ljungskile<\/strong><\/div>\n<div>\u00a0<\/div>\n<div>Och GPS-koordinaterna \u00e4r:<\/div>\n<div>\u00a0<\/div>\n<div><strong>WGS84<\/strong><\/div>\n<div>58\u00b010&#8217;32.7&#8243;N 11\u00b052&#8217;51.1&#8243;E<\/div>\n<div>\u00a0\u00a0\u00a0\u00a0\u00a0\u00a0\u00a0\u00a0\u00a0\u00a0<\/div>\n<div><strong>WGS84 DDM<\/strong><\/div>\n<div>58\u00b010.545&#8217;N 11\u00b052.851&#8217;E<\/div>\n<div>\u00a0\u00a0\u00a0\u00a0\u00a0\u00a0\u00a0\u00a0\u00a0\u00a0<\/div>\n<div><strong>WGS84 decimal (lat, lon)<\/strong><\/div>\n<div>58.175749, 11.880856<\/div>\n<div>\u00a0\u00a0\u00a0\u00a0\u00a0\u00a0\u00a0\u00a0\u00a0\u00a0<\/div>\n<div><strong>RT90<\/strong><\/div>\n<div>6456951, 1269160<\/div>\n<div>\u00a0\u00a0\u00a0\u00a0\u00a0\u00a0\u00a0\u00a0\u00a0\u00a0<\/div>\n<div><strong>SWEREF99 TM<\/strong><\/div>\n<div>6452521, 316574<\/div>\n<\/div>\n","protected":false},"excerpt":{"rendered":"<p>V\u00e5r n\u00e4sta bretontr\u00e4ning \u00e4r hemma hos Mirjam &amp; Robert Landholm den 29\/3 kl 10,00Ta med egna dummies och apportvilt till apporteringstr\u00e4ningen, och fika ev \u00e4r ocks\u00e5 grillen t\u00e4nd f\u00f6r dom som tar med sig korv!Alla Breton\u00e4gare \u00e4r hj\u00e4rtligt v\u00e4lkomna!<\/p>\n","protected":false},"author":1,"featured_media":0,"comment_status":"open","ping_status":"open","sticky":false,"template":"","format":"standard","meta":{"_crdt_document":"","advgb_blocks_editor_width":"","advgb_blocks_columns_visual_guide":"","_jetpack_memberships_contains_paid_content":false,"footnotes":""},"categories":[1],"tags":[],"class_list":["post-5156","post","type-post","status-publish","format-standard","hentry","category-hem","entry"],"author_meta":{"display_name":"Peter &amp; Johanna","author_link":"https:\/\/almkullens.se\/?author=1"},"featured_img":null,"jetpack_featured_media_url":"","coauthors":[],"tax_additional":{"categories":{"linked":["<a href=\"https:\/\/almkullens.se\/?cat=1\" class=\"advgb-post-tax-term\">Hem<\/a>"],"unlinked":["<span class=\"advgb-post-tax-term\">Hem<\/span>"]}},"comment_count":"0","relative_dates":{"created":"Publicerad 11 \u00e5r sedan","modified":"Uppdaterad 11 \u00e5r sedan"},"absolute_dates":{"created":"Publicerat den 22 mars, 2015","modified":"Uppdaterad den 19 april, 2015"},"absolute_dates_time":{"created":"Publicerat den 22 mars, 2015 20:46","modified":"Uppdaterad den 19 april, 2015 08:52"},"featured_img_caption":"","series_order":"","jetpack_sharing_enabled":true,"_links":{"self":[{"href":"https:\/\/almkullens.se\/index.php?rest_route=\/wp\/v2\/posts\/5156","targetHints":{"allow":["GET"]}}],"collection":[{"href":"https:\/\/almkullens.se\/index.php?rest_route=\/wp\/v2\/posts"}],"about":[{"href":"https:\/\/almkullens.se\/index.php?rest_route=\/wp\/v2\/types\/post"}],"author":[{"embeddable":true,"href":"https:\/\/almkullens.se\/index.php?rest_route=\/wp\/v2\/users\/1"}],"replies":[{"embeddable":true,"href":"https:\/\/almkullens.se\/index.php?rest_route=%2Fwp%2Fv2%2Fcomments&post=5156"}],"version-history":[{"count":3,"href":"https:\/\/almkullens.se\/index.php?rest_route=\/wp\/v2\/posts\/5156\/revisions"}],"predecessor-version":[{"id":5286,"href":"https:\/\/almkullens.se\/index.php?rest_route=\/wp\/v2\/posts\/5156\/revisions\/5286"}],"wp:attachment":[{"href":"https:\/\/almkullens.se\/index.php?rest_route=%2Fwp%2Fv2%2Fmedia&parent=5156"}],"wp:term":[{"taxonomy":"category","embeddable":true,"href":"https:\/\/almkullens.se\/index.php?rest_route=%2Fwp%2Fv2%2Fcategories&post=5156"},{"taxonomy":"post_tag","embeddable":true,"href":"https:\/\/almkullens.se\/index.php?rest_route=%2Fwp%2Fv2%2Ftags&post=5156"}],"curies":[{"name":"wp","href":"https:\/\/api.w.org\/{rel}","templated":true}]}}