{"id":5148,"date":"2015-03-21T09:43:43","date_gmt":"2015-03-21T08:43:43","guid":{"rendered":"http:\/\/almkullens.se\/?p=5148"},"modified":"2015-03-21T09:43:43","modified_gmt":"2015-03-21T08:43:43","slug":"almkullens-demi","status":"publish","type":"post","link":"https:\/\/almkullens.se\/?p=5148","title":{"rendered":"Almkullens Demi"},"content":{"rendered":"<figure id=\"attachment_4816\" aria-describedby=\"caption-attachment-4816\" style=\"width: 300px\" class=\"wp-caption alignright\"><a href=\"https:\/\/almkullens.se\/wp-content\/uploads\/2014\/12\/IMG_9387.jpg\" rel=\"lightbox[5148]\"><img loading=\"lazy\" decoding=\"async\" class=\"size-medium wp-image-4816\" src=\"https:\/\/almkullens.se\/wp-content\/uploads\/2014\/12\/IMG_9387-300x200.jpg\" alt=\"Almkullens Demi\" width=\"300\" height=\"200\" srcset=\"https:\/\/almkullens.se\/wp-content\/uploads\/2014\/12\/IMG_9387-300x200.jpg 300w, https:\/\/almkullens.se\/wp-content\/uploads\/2014\/12\/IMG_9387-1024x683.jpg 1024w, https:\/\/almkullens.se\/wp-content\/uploads\/2014\/12\/IMG_9387.jpg 1800w\" sizes=\"auto, (max-width: 300px) 100vw, 300px\" \/><\/a><figcaption id=\"caption-attachment-4816\" class=\"wp-caption-text\">Almkullens Demi<\/figcaption><\/figure>\n<p>Vi har nu s\u00e5lt Demi till v\u00e5ra goda v\u00e4nner Ove och Monica Svanberg, Demi har bott hos dom p\u00e5 prov i ett par veckor och det m\u00e4rktes n\u00e4r vi var d\u00e4r att de trivdes gott med varandra!<br \/>Vi har valt att s\u00e4lja henne pga. att hon har C-h\u00f6fter, Demi \u00e4r ju annars en mycket duktig jakthund (\u00c5rets Unghund Breton) och en fantastiskt rolig hund med allt &#8221;hittep\u00e5&#8221; som hon har f\u00f6r sig. Man f\u00e5r ofta ett gott skratt eller blir bara glad \u00f6ver att se hennes livsgl\u00e4dje! Ove h\u00e5ller ju p\u00e5 med minkjakt p\u00e5 \u00f6arna och Demi har redan st\u00e5tt f\u00f6r sin f\u00f6rsta som avslutades med f\u00e4llning!<\/p>\n<figure id=\"attachment_4809\" aria-describedby=\"caption-attachment-4809\" style=\"width: 300px\" class=\"wp-caption alignleft\"><a href=\"https:\/\/almkullens.se\/wp-content\/uploads\/2014\/12\/IMG_8885.jpg\" rel=\"lightbox[5148]\"><img loading=\"lazy\" decoding=\"async\" class=\"size-medium wp-image-4809\" src=\"https:\/\/almkullens.se\/wp-content\/uploads\/2014\/12\/IMG_8885-300x200.jpg\" alt=\"P\u00e5lamalmens Elva\" width=\"300\" height=\"200\" srcset=\"https:\/\/almkullens.se\/wp-content\/uploads\/2014\/12\/IMG_8885-300x200.jpg 300w, https:\/\/almkullens.se\/wp-content\/uploads\/2014\/12\/IMG_8885-1024x683.jpg 1024w, https:\/\/almkullens.se\/wp-content\/uploads\/2014\/12\/IMG_8885.jpg 1800w\" sizes=\"auto, (max-width: 300px) 100vw, 300px\" \/><\/a><figcaption id=\"caption-attachment-4809\" class=\"wp-caption-text\">P\u00e5lamalmens Elva<\/figcaption><\/figure>\n<p>Elvas mage v\u00e4xer och vi kan nu k\u00e4nna hur de sm\u00e5 liven r\u00f6r sig d\u00e4r inne!<\/p>\n<p>(bilder fr\u00e5n i vintras)<\/p>\n","protected":false},"excerpt":{"rendered":"<p>Vi har nu s\u00e5lt Demi till v\u00e5ra goda v\u00e4nner Ove och Monica Svanberg, Demi har bott hos dom p\u00e5 prov i ett par veckor och det m\u00e4rktes n\u00e4r vi var d\u00e4r att de trivdes gott med varandra!Vi har valt att s\u00e4lja henne pga. att hon har C-h\u00f6fter, Demi \u00e4r ju annars en mycket duktig jakthund [&hellip;]<\/p>\n","protected":false},"author":1,"featured_media":0,"comment_status":"open","ping_status":"open","sticky":false,"template":"","format":"standard","meta":{"_crdt_document":"","advgb_blocks_editor_width":"","advgb_blocks_columns_visual_guide":"","_jetpack_memberships_contains_paid_content":false,"footnotes":""},"categories":[1],"tags":[],"class_list":["post-5148","post","type-post","status-publish","format-standard","hentry","category-hem","entry"],"author_meta":{"display_name":"Peter &amp; Johanna","author_link":"https:\/\/almkullens.se\/?author=1"},"featured_img":null,"jetpack_featured_media_url":"","coauthors":[],"tax_additional":{"categories":{"linked":["<a href=\"https:\/\/almkullens.se\/?cat=1\" class=\"advgb-post-tax-term\">Hem<\/a>"],"unlinked":["<span class=\"advgb-post-tax-term\">Hem<\/span>"]}},"comment_count":"0","relative_dates":{"created":"Publicerad 11 \u00e5r sedan","modified":"Uppdaterad 11 \u00e5r sedan"},"absolute_dates":{"created":"Publicerat den 21 mars, 2015","modified":"Uppdaterad den 21 mars, 2015"},"absolute_dates_time":{"created":"Publicerat den 21 mars, 2015 09:43","modified":"Uppdaterad den 21 mars, 2015 09:43"},"featured_img_caption":"","series_order":"","jetpack_sharing_enabled":true,"_links":{"self":[{"href":"https:\/\/almkullens.se\/index.php?rest_route=\/wp\/v2\/posts\/5148","targetHints":{"allow":["GET"]}}],"collection":[{"href":"https:\/\/almkullens.se\/index.php?rest_route=\/wp\/v2\/posts"}],"about":[{"href":"https:\/\/almkullens.se\/index.php?rest_route=\/wp\/v2\/types\/post"}],"author":[{"embeddable":true,"href":"https:\/\/almkullens.se\/index.php?rest_route=\/wp\/v2\/users\/1"}],"replies":[{"embeddable":true,"href":"https:\/\/almkullens.se\/index.php?rest_route=%2Fwp%2Fv2%2Fcomments&post=5148"}],"version-history":[{"count":2,"href":"https:\/\/almkullens.se\/index.php?rest_route=\/wp\/v2\/posts\/5148\/revisions"}],"predecessor-version":[{"id":5150,"href":"https:\/\/almkullens.se\/index.php?rest_route=\/wp\/v2\/posts\/5148\/revisions\/5150"}],"wp:attachment":[{"href":"https:\/\/almkullens.se\/index.php?rest_route=%2Fwp%2Fv2%2Fmedia&parent=5148"}],"wp:term":[{"taxonomy":"category","embeddable":true,"href":"https:\/\/almkullens.se\/index.php?rest_route=%2Fwp%2Fv2%2Fcategories&post=5148"},{"taxonomy":"post_tag","embeddable":true,"href":"https:\/\/almkullens.se\/index.php?rest_route=%2Fwp%2Fv2%2Ftags&post=5148"}],"curies":[{"name":"wp","href":"https:\/\/api.w.org\/{rel}","templated":true}]}}