{"id":5051,"date":"2015-03-04T13:51:12","date_gmt":"2015-03-04T12:51:12","guid":{"rendered":"http:\/\/almkullens.se\/?p=5051"},"modified":"2015-03-06T08:55:43","modified_gmt":"2015-03-06T07:55:43","slug":"var","status":"publish","type":"post","link":"https:\/\/almkullens.se\/?p=5051","title":{"rendered":"V\u00e5r!"},"content":{"rendered":"<figure id=\"attachment_5053\" aria-describedby=\"caption-attachment-5053\" style=\"width: 300px\" class=\"wp-caption alignright\"><a href=\"https:\/\/almkullens.se\/wp-content\/uploads\/2015\/03\/086.jpg\" rel=\"lightbox[5051]\"><img loading=\"lazy\" decoding=\"async\" class=\"size-medium wp-image-5053\" src=\"https:\/\/almkullens.se\/wp-content\/uploads\/2015\/03\/086-300x200.jpg\" alt=\"Elva &amp; Olivia\" width=\"300\" height=\"200\" srcset=\"https:\/\/almkullens.se\/wp-content\/uploads\/2015\/03\/086-300x200.jpg 300w, https:\/\/almkullens.se\/wp-content\/uploads\/2015\/03\/086-1024x683.jpg 1024w, https:\/\/almkullens.se\/wp-content\/uploads\/2015\/03\/086.jpg 1800w\" sizes=\"auto, (max-width: 300px) 100vw, 300px\" \/><\/a><figcaption id=\"caption-attachment-5053\" class=\"wp-caption-text\">Elva &amp; Olivia<\/figcaption><\/figure>\n<p>\u00c4ntligen kommer solen och v\u00e4rmen igen! Elva visar nu tydligt att hon \u00e4r dr\u00e4ktig, men med erfarenheter fr\u00e5n andra uppf\u00f6dare s\u00e5 ska\u00a0man inte vara f\u00f6r s\u00e4ker&#8230;<br \/>\nVi har varit p\u00e5 den andra tr\u00e4ningen med alla bretoner och \u00e4gare som samlas denna v\u00e5ren, (det var hela 12 bretoner!) denna g\u00e5ngen var vi hos Sture och tr\u00e4nade lydnad och apportering, vi fick en fin st\u00f6rning p\u00e5 de hundarna som \u00e4r lite duktigare p\u00e5 apportering genom att d\u00e4r vi var s\u00e5 hade ett g\u00e4ng hjortar rumstrerat runt och det luktade nog en del \ud83d\ude42<\/p>\n<figure id=\"attachment_5052\" aria-describedby=\"caption-attachment-5052\" style=\"width: 300px\" class=\"wp-caption alignleft\"><a href=\"https:\/\/almkullens.se\/wp-content\/uploads\/2015\/03\/025.jpg\" rel=\"lightbox[5051]\"><img loading=\"lazy\" decoding=\"async\" class=\"size-medium wp-image-5052\" src=\"https:\/\/almkullens.se\/wp-content\/uploads\/2015\/03\/025-300x200.jpg\" alt=\"Tittut\" width=\"300\" height=\"200\" srcset=\"https:\/\/almkullens.se\/wp-content\/uploads\/2015\/03\/025-300x200.jpg 300w, https:\/\/almkullens.se\/wp-content\/uploads\/2015\/03\/025-1024x683.jpg 1024w, https:\/\/almkullens.se\/wp-content\/uploads\/2015\/03\/025.jpg 1800w\" sizes=\"auto, (max-width: 300px) 100vw, 300px\" \/><\/a><figcaption id=\"caption-attachment-5052\" class=\"wp-caption-text\">Tittut<\/figcaption><\/figure>\n<p>N\u00e4sta g\u00e5ng blir den 29 Mars\u00a0och\u00a0d\u00e5 ska vi vara hos Mirjam Landholm, Codas matte! Adress kommer senare.<\/p>\n<p>Vi har fint bes\u00f6k nu i ett par veckor av min dotter, hennes kille och mitt barnbarn Olivia som \u00e4r en underbar liten solstr\u00e5le!<\/p>\n<figure id=\"attachment_5055\" aria-describedby=\"caption-attachment-5055\" style=\"width: 270px\" class=\"wp-caption alignleft\"><a href=\"https:\/\/almkullens.se\/wp-content\/uploads\/2015\/03\/184.jpg\" rel=\"lightbox[5051]\"><img loading=\"lazy\" decoding=\"async\" class=\" wp-image-5055\" src=\"https:\/\/almkullens.se\/wp-content\/uploads\/2015\/03\/184-300x200.jpg\" alt=\"kycklingarna kl\u00e4cktes i l\u00f6rdags.\" width=\"270\" height=\"179\" srcset=\"https:\/\/almkullens.se\/wp-content\/uploads\/2015\/03\/184-300x200.jpg 300w, https:\/\/almkullens.se\/wp-content\/uploads\/2015\/03\/184-1024x683.jpg 1024w, https:\/\/almkullens.se\/wp-content\/uploads\/2015\/03\/184.jpg 1800w\" sizes=\"auto, (max-width: 270px) 100vw, 270px\" \/><\/a><figcaption id=\"caption-attachment-5055\" class=\"wp-caption-text\">kycklingarna kl\u00e4cktes i l\u00f6rdags.<\/figcaption><\/figure>\n<figure id=\"attachment_5054\" aria-describedby=\"caption-attachment-5054\" style=\"width: 281px\" class=\"wp-caption alignright\"><a href=\"https:\/\/almkullens.se\/wp-content\/uploads\/2015\/03\/178.jpg\" rel=\"lightbox[5051]\"><img loading=\"lazy\" decoding=\"async\" class=\" wp-image-5054\" src=\"https:\/\/almkullens.se\/wp-content\/uploads\/2015\/03\/178-300x200.jpg\" alt=\"Titta d\u00e4r \u00e4r en blomma, vinterg\u00e4ck!\" width=\"281\" height=\"187\" srcset=\"https:\/\/almkullens.se\/wp-content\/uploads\/2015\/03\/178-300x200.jpg 300w, https:\/\/almkullens.se\/wp-content\/uploads\/2015\/03\/178-1024x683.jpg 1024w, https:\/\/almkullens.se\/wp-content\/uploads\/2015\/03\/178.jpg 1800w\" sizes=\"auto, (max-width: 281px) 100vw, 281px\" \/><\/a><figcaption id=\"caption-attachment-5054\" class=\"wp-caption-text\">Titta d\u00e4r \u00e4r en blomma, vinterg\u00e4ck!<\/figcaption><\/figure>\n<p>Vinterg\u00e4cken och sn\u00f6dropparna blommar och vi har ocks\u00e5 kl\u00e4ckt\u00a012 sm\u00e5 kycklingar, livet \u00e4r allt bra h\u00e4rligt!<\/p>\n<p>&nbsp;<\/p>\n","protected":false},"excerpt":{"rendered":"<p>\u00c4ntligen kommer solen och v\u00e4rmen igen! Elva visar nu tydligt att hon \u00e4r dr\u00e4ktig, men med erfarenheter fr\u00e5n andra uppf\u00f6dare s\u00e5 ska\u00a0man inte vara f\u00f6r s\u00e4ker&#8230; Vi har varit p\u00e5 den andra tr\u00e4ningen med alla bretoner och \u00e4gare som samlas denna v\u00e5ren, (det var hela 12 bretoner!) denna g\u00e5ngen var vi hos Sture och tr\u00e4nade [&hellip;]<\/p>\n","protected":false},"author":1,"featured_media":0,"comment_status":"open","ping_status":"open","sticky":false,"template":"","format":"standard","meta":{"_crdt_document":"","advgb_blocks_editor_width":"","advgb_blocks_columns_visual_guide":"","_jetpack_memberships_contains_paid_content":false,"footnotes":""},"categories":[1],"tags":[],"class_list":["post-5051","post","type-post","status-publish","format-standard","hentry","category-hem","entry"],"author_meta":{"display_name":"Peter &amp; Johanna","author_link":"https:\/\/almkullens.se\/?author=1"},"featured_img":null,"jetpack_featured_media_url":"","coauthors":[],"tax_additional":{"categories":{"linked":["<a href=\"https:\/\/almkullens.se\/?cat=1\" class=\"advgb-post-tax-term\">Hem<\/a>"],"unlinked":["<span class=\"advgb-post-tax-term\">Hem<\/span>"]}},"comment_count":"3","relative_dates":{"created":"Publicerad 11 \u00e5r sedan","modified":"Uppdaterad 11 \u00e5r sedan"},"absolute_dates":{"created":"Publicerat den 4 mars, 2015","modified":"Uppdaterad den 6 mars, 2015"},"absolute_dates_time":{"created":"Publicerat den 4 mars, 2015 13:51","modified":"Uppdaterad den 6 mars, 2015 08:55"},"featured_img_caption":"","series_order":"","jetpack_sharing_enabled":true,"_links":{"self":[{"href":"https:\/\/almkullens.se\/index.php?rest_route=\/wp\/v2\/posts\/5051","targetHints":{"allow":["GET"]}}],"collection":[{"href":"https:\/\/almkullens.se\/index.php?rest_route=\/wp\/v2\/posts"}],"about":[{"href":"https:\/\/almkullens.se\/index.php?rest_route=\/wp\/v2\/types\/post"}],"author":[{"embeddable":true,"href":"https:\/\/almkullens.se\/index.php?rest_route=\/wp\/v2\/users\/1"}],"replies":[{"embeddable":true,"href":"https:\/\/almkullens.se\/index.php?rest_route=%2Fwp%2Fv2%2Fcomments&post=5051"}],"version-history":[{"count":3,"href":"https:\/\/almkullens.se\/index.php?rest_route=\/wp\/v2\/posts\/5051\/revisions"}],"predecessor-version":[{"id":5093,"href":"https:\/\/almkullens.se\/index.php?rest_route=\/wp\/v2\/posts\/5051\/revisions\/5093"}],"wp:attachment":[{"href":"https:\/\/almkullens.se\/index.php?rest_route=%2Fwp%2Fv2%2Fmedia&parent=5051"}],"wp:term":[{"taxonomy":"category","embeddable":true,"href":"https:\/\/almkullens.se\/index.php?rest_route=%2Fwp%2Fv2%2Fcategories&post=5051"},{"taxonomy":"post_tag","embeddable":true,"href":"https:\/\/almkullens.se\/index.php?rest_route=%2Fwp%2Fv2%2Ftags&post=5051"}],"curies":[{"name":"wp","href":"https:\/\/api.w.org\/{rel}","templated":true}]}}