{"id":5039,"date":"2015-02-26T20:23:58","date_gmt":"2015-02-26T19:23:58","guid":{"rendered":"http:\/\/almkullens.se\/?p=5039"},"modified":"2015-03-02T12:46:04","modified_gmt":"2015-03-02T11:46:04","slug":"omrontgen","status":"publish","type":"post","link":"https:\/\/almkullens.se\/?p=5039","title":{"rendered":"Omr\u00f6ntgen?"},"content":{"rendered":"<figure id=\"attachment_5034\" aria-describedby=\"caption-attachment-5034\" style=\"width: 213px\" class=\"wp-caption alignright\"><a href=\"https:\/\/almkullens.se\/wp-content\/uploads\/2015\/02\/Almkullens-Demi.jpg\" rel=\"lightbox[5039]\"><img loading=\"lazy\" decoding=\"async\" class=\"size-medium wp-image-5034\" src=\"https:\/\/almkullens.se\/wp-content\/uploads\/2015\/02\/Almkullens-Demi-213x300.jpg\" alt=\"Almkullens Demi HD: C\" width=\"213\" height=\"300\" srcset=\"https:\/\/almkullens.se\/wp-content\/uploads\/2015\/02\/Almkullens-Demi-213x300.jpg 213w, https:\/\/almkullens.se\/wp-content\/uploads\/2015\/02\/Almkullens-Demi-728x1024.jpg 728w\" sizes=\"auto, (max-width: 213px) 100vw, 213px\" \/><\/a><figcaption id=\"caption-attachment-5034\" class=\"wp-caption-text\">Almkullens Demi HD: C<\/figcaption><\/figure>\n<p>Vi var den\u00a011\/2 \u2013 15 i Sk\u00f6vde p\u00e5 en mycket intressant\u00a0f\u00f6rel\u00e4sning om ledproblem. F\u00f6rel\u00e4sare var\u00a0<em>Ole Frykman<\/em>, som har varit \u00f6verveterin\u00e4r p\u00e5 Regiondjursjukhuset i Str\u00f6msholm och numera \u00e4r veterin\u00e4r p\u00e5 Herrg\u00e5rdskliniken.<\/p>\n<p>Det var f\u00f6rst\u00e5s \u00e4ven diskussioner om HD.<br \/>\nH\u00f6ftledsdysplasi \u00e4r en defekt som g\u00f6r att h\u00f6ftledsk\u00e5len inte t\u00e4cker ledkulan. Ledkulan f\u00e5r f\u00f6r lite st\u00f6d och leden blir instabil. Denna instabilitet kan leda till brosk- samt benp\u00e5lagringar runt ledsk\u00e5lens kanter och deformering av l\u00e5rbenshuvudet.<\/p>\n<p>HD m\u00e4ts bl:a i hur slappa lederna \u00e4r dvs. en led som inte \u00e4r slapp d\u00e4r ligger kulan bra inne i h\u00f6ftledssk\u00e5len\u00a0och\u00a0p\u00e5 en slapp led s\u00e5 blir det instabilt.<\/p>\n<p>En hund som har f\u00e5tt HD diagnosen C har en viss slapphet i lederna, den blir inte b\u00e4ttre f\u00f6r att man r\u00f6ntgar om! En kunnig\/okunnig? person som \u201ddrar bakbenen i r\u00f6ntgenl\u00e4ge\u201d n\u00e4r pl\u00e5tarna tas kan samtidigt trycka in h\u00f6ftledskulorna s\u00e5 att hunden f\u00e5r ett b\u00e4ttre resultat \u00e4n den egentligen har.\u00a0Det \u00e4r d\u00e4remot mycket sv\u00e5rare att f\u00e5 ett s\u00e4mre resultat \u00e4n vad hunden egentligen har, d\u00e5 det kr\u00e4vs det att man trycker ut h\u00f6ftledskulorna samtidigt-det \u00e4r visst sv\u00e5rt\u2026 Men sj\u00e4lvklart skall ju hunden ligga i r\u00e4tt l\u00e4ge, och\u00a0HD avl\u00e4sarna godk\u00e4nner v\u00e4l inte pl\u00e5tarna om inte hunden ligger bra?<\/p>\n<p>Vi kan bara konstatera att Demi ligger bra p\u00e5 pl\u00e5tarna och vi v\u00e4ljer att tro p\u00e5 vad\u00a0Ole Frykman s\u00e4ger, att \u00e4r hon r\u00f6ntgad med C s\u00e5 har hon C. Omr\u00f6ntgen med ev. b\u00e4ttre resultat \u00e4r bara ett s\u00e4tt att lura sig sj\u00e4lv och alla andra och i f\u00f6rl\u00e4ngningen blir ju rasen lidande.<\/p>\n<p>Eftersom vi inte vill avla p\u00e5 C h\u00f6fter s\u00e5 kommer vi inte att anv\u00e4nda Demi i avel.<\/p>\n","protected":false},"excerpt":{"rendered":"<p>Vi var den\u00a011\/2 \u2013 15 i Sk\u00f6vde p\u00e5 en mycket intressant\u00a0f\u00f6rel\u00e4sning om ledproblem. F\u00f6rel\u00e4sare var\u00a0Ole Frykman, som har varit \u00f6verveterin\u00e4r p\u00e5 Regiondjursjukhuset i Str\u00f6msholm och numera \u00e4r veterin\u00e4r p\u00e5 Herrg\u00e5rdskliniken. Det var f\u00f6rst\u00e5s \u00e4ven diskussioner om HD. H\u00f6ftledsdysplasi \u00e4r en defekt som g\u00f6r att h\u00f6ftledsk\u00e5len inte t\u00e4cker ledkulan. Ledkulan f\u00e5r f\u00f6r lite st\u00f6d och leden [&hellip;]<\/p>\n","protected":false},"author":1,"featured_media":0,"comment_status":"open","ping_status":"open","sticky":false,"template":"","format":"standard","meta":{"_crdt_document":"","advgb_blocks_editor_width":"","advgb_blocks_columns_visual_guide":"","_jetpack_memberships_contains_paid_content":false,"footnotes":""},"categories":[1],"tags":[],"class_list":["post-5039","post","type-post","status-publish","format-standard","hentry","category-hem","entry"],"author_meta":{"display_name":"Peter &amp; Johanna","author_link":"https:\/\/almkullens.se\/?author=1"},"featured_img":null,"jetpack_featured_media_url":"","coauthors":[],"tax_additional":{"categories":{"linked":["<a href=\"https:\/\/almkullens.se\/?cat=1\" class=\"advgb-post-tax-term\">Hem<\/a>"],"unlinked":["<span class=\"advgb-post-tax-term\">Hem<\/span>"]}},"comment_count":"5","relative_dates":{"created":"Publicerad 11 \u00e5r sedan","modified":"Uppdaterad 11 \u00e5r sedan"},"absolute_dates":{"created":"Publicerat den 26 februari, 2015","modified":"Uppdaterad den 2 mars, 2015"},"absolute_dates_time":{"created":"Publicerat den 26 februari, 2015 20:23","modified":"Uppdaterad den 2 mars, 2015 12:46"},"featured_img_caption":"","series_order":"","jetpack_sharing_enabled":true,"_links":{"self":[{"href":"https:\/\/almkullens.se\/index.php?rest_route=\/wp\/v2\/posts\/5039","targetHints":{"allow":["GET"]}}],"collection":[{"href":"https:\/\/almkullens.se\/index.php?rest_route=\/wp\/v2\/posts"}],"about":[{"href":"https:\/\/almkullens.se\/index.php?rest_route=\/wp\/v2\/types\/post"}],"author":[{"embeddable":true,"href":"https:\/\/almkullens.se\/index.php?rest_route=\/wp\/v2\/users\/1"}],"replies":[{"embeddable":true,"href":"https:\/\/almkullens.se\/index.php?rest_route=%2Fwp%2Fv2%2Fcomments&post=5039"}],"version-history":[{"count":5,"href":"https:\/\/almkullens.se\/index.php?rest_route=\/wp\/v2\/posts\/5039\/revisions"}],"predecessor-version":[{"id":5046,"href":"https:\/\/almkullens.se\/index.php?rest_route=\/wp\/v2\/posts\/5039\/revisions\/5046"}],"wp:attachment":[{"href":"https:\/\/almkullens.se\/index.php?rest_route=%2Fwp%2Fv2%2Fmedia&parent=5039"}],"wp:term":[{"taxonomy":"category","embeddable":true,"href":"https:\/\/almkullens.se\/index.php?rest_route=%2Fwp%2Fv2%2Fcategories&post=5039"},{"taxonomy":"post_tag","embeddable":true,"href":"https:\/\/almkullens.se\/index.php?rest_route=%2Fwp%2Fv2%2Ftags&post=5039"}],"curies":[{"name":"wp","href":"https:\/\/api.w.org\/{rel}","templated":true}]}}