{"id":4906,"date":"2015-01-23T10:51:02","date_gmt":"2015-01-23T09:51:02","guid":{"rendered":"http:\/\/almkullens.se\/?p=4906"},"modified":"2015-01-23T11:20:13","modified_gmt":"2015-01-23T10:20:13","slug":"arets-unghund","status":"publish","type":"post","link":"https:\/\/almkullens.se\/?p=4906","title":{"rendered":"\u00c5rets Breton Unghund!"},"content":{"rendered":"<p><a href=\"https:\/\/almkullens.se\/wp-content\/uploads\/2014\/08\/IMG_7059.jpg\" rel=\"lightbox[4906]\"><img loading=\"lazy\" decoding=\"async\" class=\"alignright size-medium wp-image-3980\" src=\"https:\/\/almkullens.se\/wp-content\/uploads\/2014\/08\/IMG_7059-268x300.jpg\" alt=\"Almkullens Demi\" width=\"268\" height=\"300\" srcset=\"https:\/\/almkullens.se\/wp-content\/uploads\/2014\/08\/IMG_7059-268x300.jpg 268w, https:\/\/almkullens.se\/wp-content\/uploads\/2014\/08\/IMG_7059-917x1024.jpg 917w, https:\/\/almkullens.se\/wp-content\/uploads\/2014\/08\/IMG_7059.jpg 1835w\" sizes=\"auto, (max-width: 268px) 100vw, 268px\" \/><\/a>Yippie!!!<br \/>\nAlmkullens Demi \u00e4r \u00c5rets Breton Unghund 2014!<\/p>\n<p>Demi och Peter har p\u00e5 f\u00e4lt och\u00a0fj\u00e4ll f\u00e5tt hela 5 st 1:a pris i Ukl!<br \/>\nHon har g\u00e5tt till pris 6 g\u00e5nger av 8 starter, s\u00e5\u00a0premieringsprocenten\u00a0blir hela 75%!<\/p>\n<p>Kan man vara annat \u00e4n\u00a0stolta och glada i denna duktiga och v\u00e4ldigt charmiga unga Bretontik!?<\/p>\n<figure id=\"attachment_4196\" aria-describedby=\"caption-attachment-4196\" style=\"width: 300px\" class=\"wp-caption alignleft\"><a href=\"https:\/\/almkullens.se\/wp-content\/uploads\/2014\/09\/IMG_9238.jpg\" rel=\"lightbox[4906]\"><img loading=\"lazy\" decoding=\"async\" class=\"wp-image-4196 size-medium\" src=\"https:\/\/almkullens.se\/wp-content\/uploads\/2014\/09\/IMG_9238-300x199.jpg\" alt=\"Demi reser...\" width=\"300\" height=\"199\" srcset=\"https:\/\/almkullens.se\/wp-content\/uploads\/2014\/09\/IMG_9238-300x199.jpg 300w, https:\/\/almkullens.se\/wp-content\/uploads\/2014\/09\/IMG_9238-1024x682.jpg 1024w, https:\/\/almkullens.se\/wp-content\/uploads\/2014\/09\/IMG_9238.jpg 2048w\" sizes=\"auto, (max-width: 300px) 100vw, 300px\" \/><\/a><figcaption id=\"caption-attachment-4196\" class=\"wp-caption-text\">Demi reser&#8230;<\/figcaption><\/figure>\n","protected":false},"excerpt":{"rendered":"<p>Yippie!!! Almkullens Demi \u00e4r \u00c5rets Breton Unghund 2014! Demi och Peter har p\u00e5 f\u00e4lt och\u00a0fj\u00e4ll f\u00e5tt hela 5 st 1:a pris i Ukl! Hon har g\u00e5tt till pris 6 g\u00e5nger av 8 starter, s\u00e5\u00a0premieringsprocenten\u00a0blir hela 75%! Kan man vara annat \u00e4n\u00a0stolta och glada i denna duktiga och v\u00e4ldigt charmiga unga Bretontik!?<\/p>\n","protected":false},"author":1,"featured_media":0,"comment_status":"open","ping_status":"open","sticky":false,"template":"","format":"standard","meta":{"_crdt_document":"","advgb_blocks_editor_width":"","advgb_blocks_columns_visual_guide":"","_jetpack_memberships_contains_paid_content":false,"footnotes":""},"categories":[1],"tags":[],"class_list":["post-4906","post","type-post","status-publish","format-standard","hentry","category-hem","entry"],"author_meta":{"display_name":"Peter &amp; Johanna","author_link":"https:\/\/almkullens.se\/?author=1"},"featured_img":null,"jetpack_featured_media_url":"","coauthors":[],"tax_additional":{"categories":{"linked":["<a href=\"https:\/\/almkullens.se\/?cat=1\" class=\"advgb-post-tax-term\">Hem<\/a>"],"unlinked":["<span class=\"advgb-post-tax-term\">Hem<\/span>"]}},"comment_count":"5","relative_dates":{"created":"Publicerad 11 \u00e5r sedan","modified":"Uppdaterad 11 \u00e5r sedan"},"absolute_dates":{"created":"Publicerat den 23 januari, 2015","modified":"Uppdaterad den 23 januari, 2015"},"absolute_dates_time":{"created":"Publicerat den 23 januari, 2015 10:51","modified":"Uppdaterad den 23 januari, 2015 11:20"},"featured_img_caption":"","series_order":"","jetpack_sharing_enabled":true,"_links":{"self":[{"href":"https:\/\/almkullens.se\/index.php?rest_route=\/wp\/v2\/posts\/4906","targetHints":{"allow":["GET"]}}],"collection":[{"href":"https:\/\/almkullens.se\/index.php?rest_route=\/wp\/v2\/posts"}],"about":[{"href":"https:\/\/almkullens.se\/index.php?rest_route=\/wp\/v2\/types\/post"}],"author":[{"embeddable":true,"href":"https:\/\/almkullens.se\/index.php?rest_route=\/wp\/v2\/users\/1"}],"replies":[{"embeddable":true,"href":"https:\/\/almkullens.se\/index.php?rest_route=%2Fwp%2Fv2%2Fcomments&post=4906"}],"version-history":[{"count":5,"href":"https:\/\/almkullens.se\/index.php?rest_route=\/wp\/v2\/posts\/4906\/revisions"}],"predecessor-version":[{"id":4911,"href":"https:\/\/almkullens.se\/index.php?rest_route=\/wp\/v2\/posts\/4906\/revisions\/4911"}],"wp:attachment":[{"href":"https:\/\/almkullens.se\/index.php?rest_route=%2Fwp%2Fv2%2Fmedia&parent=4906"}],"wp:term":[{"taxonomy":"category","embeddable":true,"href":"https:\/\/almkullens.se\/index.php?rest_route=%2Fwp%2Fv2%2Fcategories&post=4906"},{"taxonomy":"post_tag","embeddable":true,"href":"https:\/\/almkullens.se\/index.php?rest_route=%2Fwp%2Fv2%2Ftags&post=4906"}],"curies":[{"name":"wp","href":"https:\/\/api.w.org\/{rel}","templated":true}]}}