{"id":4894,"date":"2015-01-13T10:58:20","date_gmt":"2015-01-13T09:58:20","guid":{"rendered":"http:\/\/almkullens.se\/?p=4894"},"modified":"2015-01-13T10:58:20","modified_gmt":"2015-01-13T09:58:20","slug":"bretonagare-valkomna-pa-traning","status":"publish","type":"post","link":"https:\/\/almkullens.se\/?p=4894","title":{"rendered":"Breton\u00e4gare! V\u00e4lkomna p\u00e5 tr\u00e4ning!"},"content":{"rendered":"<p><a href=\"https:\/\/almkullens.se\/wp-content\/uploads\/2014\/08\/IMG_5137.jpg\" rel=\"lightbox[4894]\"><img loading=\"lazy\" decoding=\"async\" class=\"alignright wp-image-3929 size-medium\" src=\"https:\/\/almkullens.se\/wp-content\/uploads\/2014\/08\/IMG_5137-300x199.jpg\" alt=\"\" width=\"300\" height=\"199\" srcset=\"https:\/\/almkullens.se\/wp-content\/uploads\/2014\/08\/IMG_5137-300x199.jpg 300w, https:\/\/almkullens.se\/wp-content\/uploads\/2014\/08\/IMG_5137-1024x682.jpg 1024w, https:\/\/almkullens.se\/wp-content\/uploads\/2014\/08\/IMG_5137.jpg 2048w\" sizes=\"auto, (max-width: 300px) 100vw, 300px\" \/><\/a>Alla som vill tr\u00e4na \u00e4r v\u00e4lkomna. Vi\u00a0startar h\u00e4r hemma hos oss i V\u00e4ne-Ryr s\u00f6ndagen den 25\/1 kl. 10.00 och sedan var tanken att vi skulle vara p\u00e5 lite olika st\u00e4llen varannan eller var tredje vecka (eller det som passar b\u00e4st f\u00f6r de flesta).<br \/>\nVi hj\u00e4lps \u00e5t med att tr\u00e4na och g\u00f6r s\u00e5 gott vi kan. Apportering och lydnad \u00e4r v\u00e4l det som kommer att vara p\u00e5 schemat f\u00f6r det mesta.<br \/>\n\u00d6vriga datum best\u00e4mmer vi tillsammans f\u00f6rsta g\u00e5ngen. Det skall inte kosta n\u00e5got&#8230; Eventuellt s\u00e5 kan vi ordna med apportvilt till de som \u00f6nskar, men detta vill vi ha en slant f\u00f6r. Ta med fika!<\/p>\n<figure id=\"attachment_3368\" aria-describedby=\"caption-attachment-3368\" style=\"width: 300px\" class=\"wp-caption alignleft\"><a href=\"https:\/\/almkullens.se\/wp-content\/uploads\/2014\/04\/Bretontr\u00e4ff-038.jpg\" rel=\"lightbox[4894]\"><img loading=\"lazy\" decoding=\"async\" class=\"size-medium wp-image-3368\" src=\"https:\/\/almkullens.se\/wp-content\/uploads\/2014\/04\/Bretontr\u00e4ff-038-300x200.jpg\" alt=\"Mirjam &amp; Coda\" width=\"300\" height=\"200\" srcset=\"https:\/\/almkullens.se\/wp-content\/uploads\/2014\/04\/Bretontr\u00e4ff-038-300x200.jpg 300w, https:\/\/almkullens.se\/wp-content\/uploads\/2014\/04\/Bretontr\u00e4ff-038-1024x682.jpg 1024w, https:\/\/almkullens.se\/wp-content\/uploads\/2014\/04\/Bretontr\u00e4ff-038.jpg 1200w\" sizes=\"auto, (max-width: 300px) 100vw, 300px\" \/><\/a><figcaption id=\"caption-attachment-3368\" class=\"wp-caption-text\">Mirjam &amp; Coda<\/figcaption><\/figure>\n<p>Anm\u00e4lan till oss p\u00e5 mailen s\u00e5 vi vet hur m\u00e5nga som har lust att komma. Funderar du p\u00e5 n\u00e5got s\u00e5 ring, s\u00e5 f\u00f6rklarar vi hur vi har t\u00e4nkt.<\/p>\n<p>Peter &amp; Johanna<\/p>\n<p><a href=\"http:\/\/https:\/\/almkullens.se\/?page_id=232\">kontaktuppgifter<\/a><\/p>\n","protected":false},"excerpt":{"rendered":"<p>Alla som vill tr\u00e4na \u00e4r v\u00e4lkomna. Vi\u00a0startar h\u00e4r hemma hos oss i V\u00e4ne-Ryr s\u00f6ndagen den 25\/1 kl. 10.00 och sedan var tanken att vi skulle vara p\u00e5 lite olika st\u00e4llen varannan eller var tredje vecka (eller det som passar b\u00e4st f\u00f6r de flesta). Vi hj\u00e4lps \u00e5t med att tr\u00e4na och g\u00f6r s\u00e5 gott vi kan. [&hellip;]<\/p>\n","protected":false},"author":1,"featured_media":0,"comment_status":"open","ping_status":"open","sticky":false,"template":"","format":"standard","meta":{"_crdt_document":"","advgb_blocks_editor_width":"","advgb_blocks_columns_visual_guide":"","_jetpack_memberships_contains_paid_content":false,"footnotes":""},"categories":[1],"tags":[],"class_list":["post-4894","post","type-post","status-publish","format-standard","hentry","category-hem","entry"],"author_meta":{"display_name":"Peter &amp; Johanna","author_link":"https:\/\/almkullens.se\/?author=1"},"featured_img":null,"jetpack_featured_media_url":"","coauthors":[],"tax_additional":{"categories":{"linked":["<a href=\"https:\/\/almkullens.se\/?cat=1\" class=\"advgb-post-tax-term\">Hem<\/a>"],"unlinked":["<span class=\"advgb-post-tax-term\">Hem<\/span>"]}},"comment_count":"2","relative_dates":{"created":"Publicerad 11 \u00e5r sedan","modified":"Uppdaterad 11 \u00e5r sedan"},"absolute_dates":{"created":"Publicerat den 13 januari, 2015","modified":"Uppdaterad den 13 januari, 2015"},"absolute_dates_time":{"created":"Publicerat den 13 januari, 2015 10:58","modified":"Uppdaterad den 13 januari, 2015 10:58"},"featured_img_caption":"","series_order":"","jetpack_sharing_enabled":true,"_links":{"self":[{"href":"https:\/\/almkullens.se\/index.php?rest_route=\/wp\/v2\/posts\/4894","targetHints":{"allow":["GET"]}}],"collection":[{"href":"https:\/\/almkullens.se\/index.php?rest_route=\/wp\/v2\/posts"}],"about":[{"href":"https:\/\/almkullens.se\/index.php?rest_route=\/wp\/v2\/types\/post"}],"author":[{"embeddable":true,"href":"https:\/\/almkullens.se\/index.php?rest_route=\/wp\/v2\/users\/1"}],"replies":[{"embeddable":true,"href":"https:\/\/almkullens.se\/index.php?rest_route=%2Fwp%2Fv2%2Fcomments&post=4894"}],"version-history":[{"count":3,"href":"https:\/\/almkullens.se\/index.php?rest_route=\/wp\/v2\/posts\/4894\/revisions"}],"predecessor-version":[{"id":4897,"href":"https:\/\/almkullens.se\/index.php?rest_route=\/wp\/v2\/posts\/4894\/revisions\/4897"}],"wp:attachment":[{"href":"https:\/\/almkullens.se\/index.php?rest_route=%2Fwp%2Fv2%2Fmedia&parent=4894"}],"wp:term":[{"taxonomy":"category","embeddable":true,"href":"https:\/\/almkullens.se\/index.php?rest_route=%2Fwp%2Fv2%2Fcategories&post=4894"},{"taxonomy":"post_tag","embeddable":true,"href":"https:\/\/almkullens.se\/index.php?rest_route=%2Fwp%2Fv2%2Ftags&post=4894"}],"curies":[{"name":"wp","href":"https:\/\/api.w.org\/{rel}","templated":true}]}}