{"id":489,"date":"2010-09-28T17:21:23","date_gmt":"2010-09-28T17:21:23","guid":{"rendered":"http:\/\/almkullens.se\/?p=489"},"modified":"2010-10-14T04:15:27","modified_gmt":"2010-10-14T04:15:27","slug":"489","status":"publish","type":"post","link":"https:\/\/almkullens.se\/?p=489","title":{"rendered":"Prov igen.."},"content":{"rendered":"<p>[singlepic id=4 w=320 h=240 float=right]P\u00e5 s\u00f6ndagen tog Elva och Peter ytterligare ett 2:a pris. Efter mycket b\u00f6k och slit s\u00e5 lyckades de till slut med att resa en fasan i de tungsprungna br\u00e4skena p\u00e5 Birger Knutssons fina marker. P\u00e5 stubbarna s\u00e5 tog Elva f\u00f6r sig p\u00e5 ett riktigt bra s\u00e4tt, men f\u00e5geln hittade vi f\u00f6r dagen i br\u00e4skmarken nere i ravinerna, och dessa raviner st\u00e4llde till det f\u00f6r v\u00e5ra sm\u00e5 r\u00e5ttor men med lite mera rutin s\u00e5 kommer de nog att sk\u00f6ta detta med glans ocks\u00e5.<!--more--><\/p>\n<p>Riva tyckte denna dag att mattes pipa inte var tillr\u00e4ckligt intressant s\u00e5 ist\u00e4llet f\u00f6r att lyda den s\u00e5 tog hon saken i egena tassar och gjorde Birgers marker efter eget tycke. Birger som var domare gav henne m\u00e5nga chanser men tyv\u00e4rr s\u00e5 blev det ingen f\u00e5geltagning denna dag f\u00f6r henne.<\/p>\n<p>Nu \u00e4r det piplydnad som g\u00e4ller f\u00f6r om 14 dagar s\u00e5 \u00e4r det dax att veva upp svansarna igen f\u00f6r n\u00e4sta start blir p\u00e5 f\u00f6r oss nya marker i Falk\u00f6pings trakten.<\/p>\n<p>Vill ocks\u00e5 passa p\u00e5 att gratulera Karin Ryberg som vid sitt f\u00f6rsta\u00a0f\u00e4ltprov lyckades med att f\u00e5 ett 1:a pris i Ukl p\u00e5 sin Weimaraner Tarra. Jag kommer ih\u00e5g Tarra och Karin n\u00e4r de d\u00f6k upp p\u00e5 g\u00e5rdsplanen i en halvmeter sn\u00f6 och Tarra var som en fj\u00e4ril i kopplet. Efter att ha diskuterat med Karin en stund s\u00e5 visste jag att hon ville ha en lydig hund och var villig att satsa b\u00e5de tid och energi ( f\u00f6r det \u00e4r det som kr\u00e4vs) och att Tarra skulle fixa detta tvivlade jag inte ett \u00f6gonblick p\u00e5.<\/p>\n","protected":false},"excerpt":{"rendered":"<p>[singlepic id=4 w=320 h=240 float=right]P\u00e5 s\u00f6ndagen tog Elva och Peter ytterligare ett 2:a pris. Efter mycket b\u00f6k och slit s\u00e5 lyckades de till slut med att resa en fasan i de tungsprungna br\u00e4skena p\u00e5 Birger Knutssons fina marker. P\u00e5 stubbarna s\u00e5 tog Elva f\u00f6r sig p\u00e5 ett riktigt bra s\u00e4tt, men f\u00e5geln hittade vi f\u00f6r [&hellip;]<\/p>\n","protected":false},"author":1,"featured_media":0,"comment_status":"open","ping_status":"open","sticky":false,"template":"","format":"standard","meta":{"_crdt_document":"","advgb_blocks_editor_width":"","advgb_blocks_columns_visual_guide":"","_jetpack_memberships_contains_paid_content":false,"footnotes":""},"categories":[1],"tags":[],"class_list":["post-489","post","type-post","status-publish","format-standard","hentry","category-hem","entry"],"author_meta":{"display_name":"Peter &amp; Johanna","author_link":"https:\/\/almkullens.se\/?author=1"},"featured_img":null,"jetpack_featured_media_url":"","coauthors":[],"tax_additional":{"categories":{"linked":["<a href=\"https:\/\/almkullens.se\/?cat=1\" class=\"advgb-post-tax-term\">Hem<\/a>"],"unlinked":["<span class=\"advgb-post-tax-term\">Hem<\/span>"]}},"comment_count":"2","relative_dates":{"created":"Publicerad 16 \u00e5r sedan","modified":"Uppdaterad 16 \u00e5r sedan"},"absolute_dates":{"created":"Publicerat den 28 september, 2010","modified":"Uppdaterad den 14 oktober, 2010"},"absolute_dates_time":{"created":"Publicerat den 28 september, 2010 17:21","modified":"Uppdaterad den 14 oktober, 2010 04:15"},"featured_img_caption":"","series_order":"","jetpack_sharing_enabled":true,"_links":{"self":[{"href":"https:\/\/almkullens.se\/index.php?rest_route=\/wp\/v2\/posts\/489","targetHints":{"allow":["GET"]}}],"collection":[{"href":"https:\/\/almkullens.se\/index.php?rest_route=\/wp\/v2\/posts"}],"about":[{"href":"https:\/\/almkullens.se\/index.php?rest_route=\/wp\/v2\/types\/post"}],"author":[{"embeddable":true,"href":"https:\/\/almkullens.se\/index.php?rest_route=\/wp\/v2\/users\/1"}],"replies":[{"embeddable":true,"href":"https:\/\/almkullens.se\/index.php?rest_route=%2Fwp%2Fv2%2Fcomments&post=489"}],"version-history":[{"count":8,"href":"https:\/\/almkullens.se\/index.php?rest_route=\/wp\/v2\/posts\/489\/revisions"}],"predecessor-version":[{"id":494,"href":"https:\/\/almkullens.se\/index.php?rest_route=\/wp\/v2\/posts\/489\/revisions\/494"}],"wp:attachment":[{"href":"https:\/\/almkullens.se\/index.php?rest_route=%2Fwp%2Fv2%2Fmedia&parent=489"}],"wp:term":[{"taxonomy":"category","embeddable":true,"href":"https:\/\/almkullens.se\/index.php?rest_route=%2Fwp%2Fv2%2Fcategories&post=489"},{"taxonomy":"post_tag","embeddable":true,"href":"https:\/\/almkullens.se\/index.php?rest_route=%2Fwp%2Fv2%2Ftags&post=489"}],"curies":[{"name":"wp","href":"https:\/\/api.w.org\/{rel}","templated":true}]}}